{"id":162761,"date":"2025-11-24T00:08:13","date_gmt":"2025-11-24T00:08:13","guid":{"rendered":"https:\/\/www.europesays.com\/pt\/162761\/"},"modified":"2025-11-24T00:08:13","modified_gmt":"2025-11-24T00:08:13","slug":"a-pensar-nas-escapadinhas-de-2026-o-truque-para-transformar-22-dias-de-ferias-em-59-nit","status":"publish","type":"post","link":"https:\/\/www.europesays.com\/pt\/162761\/","title":{"rendered":"A pensar nas escapadinhas de 2026? O truque para transformar 22 dias de f\u00e9rias em 59 \u2014 NiT"},"content":{"rendered":"<p>A pouco mais de um m\u00eas do final do ano, h\u00e1 quem j\u00e1 s\u00f3 pense nas f\u00e9rias de 2026. Muitos portugueses gostam de planear com anteced\u00eancia tanto as grandes viagens como as pequenas escapadinhas, dentro e fora de Portugal. O segredo est\u00e1 em organizar bem as datas, para ter a certeza que tira o m\u00e1ximo proveito dos habituais 22 dias de descanso.\u00a0<\/p>\n<p>Para isso, conv\u00e9m come\u00e7ar j\u00e1 a olhar para o calend\u00e1rio para descobrir em que dias calham os feriados, quantas pontes \u00e9 poss\u00edvel fazer e que fins de semana prolongados vai aproveitar. Uma coisa \u00e9 certa: com planeamento ser\u00e1 poss\u00edvel aproveitar 43 dias de f\u00e9rias tirando apenas 12 dias de no trabalho \u2014 e ainda sobram os 10 dias \u00fateis que, por lei, devem ser gozados de forma consecutiva.<\/p>\n<p>O segredo est\u00e1, precisamente, nos fins de semana prolongados. Em 2026, haver\u00e1 quatro feriados nacionais que coincidem com segundas ou sextas-feiras: a sexta-feira santa (3 de abril), o Dia do Trabalhador (1 de maio, sexta-feira), a Implanta\u00e7\u00e3o da Rep\u00fablica (5 de outubro, segunda-feira) e o Natal (25 de dezembro, sexta-feira).<\/p>\n<p>As chamadas pontes tamb\u00e9m ajudam. Basta marcar f\u00e9rias nos dias antes ou depois do Carnaval (17 de fevereiro, ter\u00e7a-feira), do Corpo de Deus (4 de junho, quinta-feira), da Restaura\u00e7\u00e3o da Independ\u00eancia (1 de dezembro, ter\u00e7a-feira) e do Dia da Imaculada Concei\u00e7\u00e3o (8 de dezembro, ter\u00e7a-feira).<\/p>\n<p>Assim, para alcan\u00e7ar os 43 dias de descanso, gastando apenas 12, basta distribuir as f\u00e9rias pelos seguintes per\u00edodos: 1 a 4 de janeiro (um dia \u00fatil), 14 a 17 de fevereiro (um dia \u00fatil), 2 a 5 de abril (um dia \u00fatil), 1 a 3 de maio (zero dias gastos), 4 a 10 de junho (tr\u00eas dias \u00fateis), 5 a 7 de outubro (zero dias), 28 de novembro a 1 de dezembro (um dia \u00fatil), 5 a 8 de dezembro (um dia \u00fatil) e 25 de dezembro a 1 de janeiro de 2027 (quatro dias \u00fateis).<\/p>\n<p>Se optar por gozar os 10 dias \u00fateis restantes em duas semanas sem feriados, poder\u00e1 ainda somar 16 dias de descanso, j\u00e1 a contar com os fins de semana. No total, o ano pode render 59 dias de f\u00e9rias (43 + 16), apenas com os 22 dias \u00fateis previstos na lei.<\/p>\n<p>Se pretende aproveitar alguns dias por c\u00e1, carregue na galeria para conhecer oito alojamentos pelo Pa\u00eds para uma escapadinha longe de tudo e com detox digital.<\/p>\n","protected":false},"excerpt":{"rendered":"A pouco mais de um m\u00eas do final do ano, h\u00e1 quem j\u00e1 s\u00f3 pense nas f\u00e9rias de&hellip;\n","protected":false},"author":2,"featured_media":162762,"comment_status":"","ping_status":"","sticky":false,"template":"","format":"standard","meta":{"footnotes":""},"categories":[8],"tags":[27,28,15,16,14,25,26,21,22,12,13,19,20,32,23,24,33,17,18,29,30,31],"class_list":{"0":"post-162761","1":"post","2":"type-post","3":"status-publish","4":"format-standard","5":"has-post-thumbnail","7":"category-principais-noticias","8":"tag-breaking-news","9":"tag-breakingnews","10":"tag-featured-news","11":"tag-featurednews","12":"tag-headlines","13":"tag-latest-news","14":"tag-latestnews","15":"tag-main-news","16":"tag-mainnews","17":"tag-news","18":"tag-noticias","19":"tag-noticias-principais","20":"tag-noticiasprincipais","21":"tag-portugal","22":"tag-principais-noticias","23":"tag-principaisnoticias","24":"tag-pt","25":"tag-top-stories","26":"tag-topstories","27":"tag-ultimas","28":"tag-ultimas-noticias","29":"tag-ultimasnoticias"},"share_on_mastodon":{"url":"https:\/\/pubeurope.com\/@pt\/115601768850780933","error":""},"_links":{"self":[{"href":"https:\/\/www.europesays.com\/pt\/wp-json\/wp\/v2\/posts\/162761","targetHints":{"allow":["GET"]}}],"collection":[{"href":"https:\/\/www.europesays.com\/pt\/wp-json\/wp\/v2\/posts"}],"about":[{"href":"https:\/\/www.europesays.com\/pt\/wp-json\/wp\/v2\/types\/post"}],"author":[{"embeddable":true,"href":"https:\/\/www.europesays.com\/pt\/wp-json\/wp\/v2\/users\/2"}],"replies":[{"embeddable":true,"href":"https:\/\/www.europesays.com\/pt\/wp-json\/wp\/v2\/comments?post=162761"}],"version-history":[{"count":0,"href":"https:\/\/www.europesays.com\/pt\/wp-json\/wp\/v2\/posts\/162761\/revisions"}],"wp:featuredmedia":[{"embeddable":true,"href":"https:\/\/www.europesays.com\/pt\/wp-json\/wp\/v2\/media\/162762"}],"wp:attachment":[{"href":"https:\/\/www.europesays.com\/pt\/wp-json\/wp\/v2\/media?parent=162761"}],"wp:term":[{"taxonomy":"category","embeddable":true,"href":"https:\/\/www.europesays.com\/pt\/wp-json\/wp\/v2\/categories?post=162761"},{"taxonomy":"post_tag","embeddable":true,"href":"https:\/\/www.europesays.com\/pt\/wp-json\/wp\/v2\/tags?post=162761"}],"curies":[{"name":"wp","href":"https:\/\/api.w.org\/{rel}","templated":true}]}}