{"id":162766,"date":"2025-11-24T00:17:21","date_gmt":"2025-11-24T00:17:21","guid":{"rendered":"https:\/\/www.europesays.com\/pt\/162766\/"},"modified":"2025-11-24T00:17:21","modified_gmt":"2025-11-24T00:17:21","slug":"jessica-maria-desesperada-tenho-tres-ciganos-dentro-da-minha-casa","status":"publish","type":"post","link":"https:\/\/www.europesays.com\/pt\/162766\/","title":{"rendered":"J\u00e9ssica Maria &#8211; Desesperada: &#8220;Tenho tr\u00eas ciganos dentro da minha casa&#8221;"},"content":{"rendered":"<p><strong>J\u00e9ssica Maria<\/strong>, ex-concorrente da Casa dos Segredos, recorreu \u00e0s redes sociais para alertar para uma situa\u00e7\u00e3o que tem vivido h\u00e1 dois anos e que a tem deixado desesperada. A <strong>empres\u00e1ria viu a sua casa ser invadida por ocupas<\/strong> e, at\u00e9 ao momento, n\u00e3o conseguiu expuls\u00e1-los. Nas suas publica\u00e7\u00f5es no Instagram, J\u00e9ssica relatou toda a frustra\u00e7\u00e3o com o impasse e questionou a efic\u00e1cia da justi\u00e7a.<\/p>\n<p><strong>\u201cA minha situa\u00e7\u00e3o continua na mesma\u201d,<\/strong> come\u00e7ou por escrever, relembrando uma story partilhada em novembro de 2023, na qual j\u00e1 denunciava o sucedido.<\/p>\n<p>A empres\u00e1ria n\u00e3o esconde o choque e a indigna\u00e7\u00e3o: <strong>\u201cDois anos. Dois anos e tudo na mesma. Como \u00e9 poss\u00edvel? Que pa\u00eds \u00e9 este? Onde praticar crimes \u00e9 que compensa! Onde est\u00e1 a justi\u00e7a? Quando a nossa pol\u00edcia ainda nos aconselha a n\u00e3o fazer nada porque quem pode ter problemas com a lei somos n\u00f3s. Mesmo sendo a nossa casa\u201d<\/strong>, lamentou, antes de questionar: <strong>\u201cE se eu l\u00e1 for e n\u00e3o correr bem? Ser\u00e1 que estou protegida? A mesma pol\u00edcia que, da \u00faltima vez, me disse que n\u00e3o podia fazer nada e que eu nunca os devia ter chamado e ter resolvido as coisas de outra maneira. De que maneira?\u201d<\/strong><\/p>\n<p>J\u00e9ssica Maria descreveu ainda o impacto emocional e financeiro da situa\u00e7\u00e3o: <strong>\u201cEu tenho tr\u00eas ciganos dentro da minha casa, o que vou eu fazer? Era suposto andar armada ou assim? Gastos em advogados, tribunal, carradas de nervos\u2026 Para qu\u00ea? Quando se vai resolver? N\u00e3o d\u00e1 vontade de perder a cabe\u00e7a? At\u00e9 quando \u00e9 que eles v\u00e3o viver na minha casa?\u201d<\/strong><\/p>\n<p>Texto: Tiago Miguel Sim\u00f5es; Fotos: Impala\u00a0<\/p>\n<p class=\"intagram-text\">Siga a Nova Gente no Instagram<\/p>\n<p>                        <a href=\"https:\/\/www.instagram.com\/revistanovagente\/\" target=\"_blank\" aria-label=\"instagram\" rel=\"noopener nofollow\"><img decoding=\"async\" style=\"display: block; margin-left: auto; margin-right: auto; width: 250px; height: 83px;\" src=\"https:\/\/www.europesays.com\/pt\/wp-content\/uploads\/2025\/11\/Instagram_NG.png\" alt=\"instagram\"\/><\/a><br \/>\n                    <script async src=\"\/\/www.instagram.com\/embed.js\"><\/script><\/p>\n","protected":false},"excerpt":{"rendered":"J\u00e9ssica Maria, ex-concorrente da Casa dos Segredos, recorreu \u00e0s redes sociais para alertar para uma situa\u00e7\u00e3o que tem&hellip;\n","protected":false},"author":2,"featured_media":162767,"comment_status":"","ping_status":"","sticky":false,"template":"","format":"standard","meta":{"footnotes":""},"categories":[85],"tags":[2019,2632,114,115,33969,32,33,162],"class_list":{"0":"post-162766","1":"post","2":"type-post","3":"status-publish","4":"format-standard","5":"has-post-thumbnail","7":"category-entretenimento","8":"tag-casa","9":"tag-casa-dos-segredos","10":"tag-entertainment","11":"tag-entretenimento","12":"tag-jessica-maria","13":"tag-portugal","14":"tag-pt","15":"tag-tvi"},"share_on_mastodon":{"url":"https:\/\/pubeurope.com\/@pt\/115601804097220778","error":""},"_links":{"self":[{"href":"https:\/\/www.europesays.com\/pt\/wp-json\/wp\/v2\/posts\/162766","targetHints":{"allow":["GET"]}}],"collection":[{"href":"https:\/\/www.europesays.com\/pt\/wp-json\/wp\/v2\/posts"}],"about":[{"href":"https:\/\/www.europesays.com\/pt\/wp-json\/wp\/v2\/types\/post"}],"author":[{"embeddable":true,"href":"https:\/\/www.europesays.com\/pt\/wp-json\/wp\/v2\/users\/2"}],"replies":[{"embeddable":true,"href":"https:\/\/www.europesays.com\/pt\/wp-json\/wp\/v2\/comments?post=162766"}],"version-history":[{"count":0,"href":"https:\/\/www.europesays.com\/pt\/wp-json\/wp\/v2\/posts\/162766\/revisions"}],"wp:featuredmedia":[{"embeddable":true,"href":"https:\/\/www.europesays.com\/pt\/wp-json\/wp\/v2\/media\/162767"}],"wp:attachment":[{"href":"https:\/\/www.europesays.com\/pt\/wp-json\/wp\/v2\/media?parent=162766"}],"wp:term":[{"taxonomy":"category","embeddable":true,"href":"https:\/\/www.europesays.com\/pt\/wp-json\/wp\/v2\/categories?post=162766"},{"taxonomy":"post_tag","embeddable":true,"href":"https:\/\/www.europesays.com\/pt\/wp-json\/wp\/v2\/tags?post=162766"}],"curies":[{"name":"wp","href":"https:\/\/api.w.org\/{rel}","templated":true}]}}