{"id":162771,"date":"2025-11-24T00:21:13","date_gmt":"2025-11-24T00:21:13","guid":{"rendered":"https:\/\/www.europesays.com\/pt\/162771\/"},"modified":"2025-11-24T00:21:13","modified_gmt":"2025-11-24T00:21:13","slug":"pai-e-filha-feridos-numa-colisao-na-en17","status":"publish","type":"post","link":"https:\/\/www.europesays.com\/pt\/162771\/","title":{"rendered":"Pai e filha feridos numa colis\u00e3o na EN17"},"content":{"rendered":"<p id=\"s-p-embed-69238\" data-start=\"535\" data-end=\"706\" data-is-last-node=\"\" data-is-only-node=\"\">Uma colis\u00e3o rodovi\u00e1ria envolvendo tr\u00eas viaturas ligeiras provocou, esta tarde, dois feridos ligeiros, um homem de 43 anos e a sua filha, de 8 anos.<\/p>\n<p>O alerta para o acidente foi dado \u00e0s 18h56, mobilizando os Bombeiros Sapadores de Coimbra para a N17, na zona da Tapada, freguesia de Ceira.<\/p>\n<p>\t\t<img decoding=\"async\" src=\"https:\/\/www.europesays.com\/pt\/wp-content\/uploads\/2025\/11\/1763943672_438_thumbs.web.sapo.io\"  loading=\"true\"\/><\/p>\n<p>Para o local foram acionados 10 operacionais, apoiados por 3 ve\u00edculos, que procederam \u00e0 assist\u00eancia das v\u00edtimas e \u00e0 seguran\u00e7a da via.<\/p>\n<p>\t\t<img decoding=\"async\" src=\"https:\/\/www.europesays.com\/pt\/wp-content\/uploads\/2025\/11\/1763943673_431_thumbs.web.sapo.io\"  loading=\"true\"\/><\/p>\n<p>Os feridos foram estabilizados no local e posteriormente transportados para unidades hospitalares. As causas da colis\u00e3o est\u00e3o a ser apuradas pelas autoridades competentes.<\/p>\n","protected":false},"excerpt":{"rendered":"Uma colis\u00e3o rodovi\u00e1ria envolvendo tr\u00eas viaturas ligeiras provocou, esta tarde, dois feridos ligeiros, um homem de 43 anos&hellip;\n","protected":false},"author":2,"featured_media":162772,"comment_status":"","ping_status":"","sticky":false,"template":"","format":"standard","meta":{"footnotes":""},"categories":[10],"tags":[27,28,15,16,14,25,26,21,22,12,13,19,20,32,23,24,33,17,18,29,30,31],"class_list":{"0":"post-162771","1":"post","2":"type-post","3":"status-publish","4":"format-standard","5":"has-post-thumbnail","7":"category-portugal","8":"tag-breaking-news","9":"tag-breakingnews","10":"tag-featured-news","11":"tag-featurednews","12":"tag-headlines","13":"tag-latest-news","14":"tag-latestnews","15":"tag-main-news","16":"tag-mainnews","17":"tag-news","18":"tag-noticias","19":"tag-noticias-principais","20":"tag-noticiasprincipais","21":"tag-portugal","22":"tag-principais-noticias","23":"tag-principaisnoticias","24":"tag-pt","25":"tag-top-stories","26":"tag-topstories","27":"tag-ultimas","28":"tag-ultimas-noticias","29":"tag-ultimasnoticias"},"share_on_mastodon":{"url":"https:\/\/pubeurope.com\/@pt\/115601819981127421","error":""},"_links":{"self":[{"href":"https:\/\/www.europesays.com\/pt\/wp-json\/wp\/v2\/posts\/162771","targetHints":{"allow":["GET"]}}],"collection":[{"href":"https:\/\/www.europesays.com\/pt\/wp-json\/wp\/v2\/posts"}],"about":[{"href":"https:\/\/www.europesays.com\/pt\/wp-json\/wp\/v2\/types\/post"}],"author":[{"embeddable":true,"href":"https:\/\/www.europesays.com\/pt\/wp-json\/wp\/v2\/users\/2"}],"replies":[{"embeddable":true,"href":"https:\/\/www.europesays.com\/pt\/wp-json\/wp\/v2\/comments?post=162771"}],"version-history":[{"count":0,"href":"https:\/\/www.europesays.com\/pt\/wp-json\/wp\/v2\/posts\/162771\/revisions"}],"wp:featuredmedia":[{"embeddable":true,"href":"https:\/\/www.europesays.com\/pt\/wp-json\/wp\/v2\/media\/162772"}],"wp:attachment":[{"href":"https:\/\/www.europesays.com\/pt\/wp-json\/wp\/v2\/media?parent=162771"}],"wp:term":[{"taxonomy":"category","embeddable":true,"href":"https:\/\/www.europesays.com\/pt\/wp-json\/wp\/v2\/categories?post=162771"},{"taxonomy":"post_tag","embeddable":true,"href":"https:\/\/www.europesays.com\/pt\/wp-json\/wp\/v2\/tags?post=162771"}],"curies":[{"name":"wp","href":"https:\/\/api.w.org\/{rel}","templated":true}]}}