{"id":162775,"date":"2025-11-24T00:23:19","date_gmt":"2025-11-24T00:23:19","guid":{"rendered":"https:\/\/www.europesays.com\/pt\/162775\/"},"modified":"2025-11-24T00:23:19","modified_gmt":"2025-11-24T00:23:19","slug":"filha-de-brown-clara-buarque-ganha-homenagem-do-pai-em-data-especial-meu-maior-presente-de-vida","status":"publish","type":"post","link":"https:\/\/www.europesays.com\/pt\/162775\/","title":{"rendered":"Filha de Brown, Clara Buarque ganha homenagem do pai em data especial: &#8220;Meu maior presente de vida&#8221;"},"content":{"rendered":"<p>Dia de festa para a cantora e atriz Clara Buarque e para o cantor, compositor e multi-instrumentista Carlinhos Brown, que completam mais um ano de vida neste domingo (23). Atrav\u00e9s das redes sociais, pai e filha trocaram homenagens e expressaram todo o seu amor e admira\u00e7\u00e3o.<\/p>\n<p>\u201cFilha, voc\u00ea \u00e9 o meu maior presente de vida. Ter um filho nascido no dia do seu anivers\u00e1rio, n\u00e3o existe um presente maior. Coisas de Deus e de sua m\u00e3e. Mas hoje tem algo especial, voc\u00ea floresce aqui. Salvador foi chuvosa durante toda semana e quando pousei em Salvador vindo de Bras\u00edlia, pude observar que Santa Clara reina sobre o c\u00e9u dessa cidade, anunciando boas novas pra gente. Te amo! Feliz anivers\u00e1rio!\u201d, escreveu Brown, que completa 63 anos de idade e tamb\u00e9m \u00e9 pai de Francisco, Daniel, Maria Madah, Cec\u00edlia, Miguel, Leila e Nina.<\/p>\n<p>Clara, que \u00e9 fruto da antiga rela\u00e7\u00e3o entre Brown e Helena Buarque, tamb\u00e9m fez quest\u00e3o de se declarar ao pai: \u201cN\u00e3o tem coisa melhor que fazer anivers\u00e1rio junto com o pai. Te amo tanto!!!! Meu Deus na terra.\u201d<\/p>\n<p>\u00a0<\/p>\n<blockquote class=\"instagram-media\" style=\"background: #FFF; border: 0; border-radius: 3px; box-shadow: 0 0 1px 0 rgba(0,0,0,0.5),0 1px 10px 0 rgba(0,0,0,0.15); margin: 1px; max-width: 540px; min-width: 326px; padding: 0; width: calc(100% - 2px);\" data-instgrm-captioned=\"\" data-instgrm-permalink=\"https:\/\/www.instagram.com\/p\/DRZ6hHnDvvK\/?utm_source=ig_embed&amp;utm_campaign=loading\" data-instgrm-version=\"14\">\n<\/blockquote>\n<p>\u00a0<\/p>\n<p>\t\t\t\t<script async src=\"\/\/www.instagram.com\/embed.js\"><\/script><\/p>\n","protected":false},"excerpt":{"rendered":"Dia de festa para a cantora e atriz Clara Buarque e para o cantor, compositor e multi-instrumentista Carlinhos&hellip;\n","protected":false},"author":2,"featured_media":162776,"comment_status":"","ping_status":"","sticky":false,"template":"","format":"standard","meta":{"footnotes":""},"categories":[145],"tags":[211,210,114,115,32,33],"class_list":{"0":"post-162775","1":"post","2":"type-post","3":"status-publish","4":"format-standard","5":"has-post-thumbnail","7":"category-celebridades","8":"tag-celebridades","9":"tag-celebrities","10":"tag-entertainment","11":"tag-entretenimento","12":"tag-portugal","13":"tag-pt"},"share_on_mastodon":{"url":"https:\/\/pubeurope.com\/@pt\/115601827667350231","error":""},"_links":{"self":[{"href":"https:\/\/www.europesays.com\/pt\/wp-json\/wp\/v2\/posts\/162775","targetHints":{"allow":["GET"]}}],"collection":[{"href":"https:\/\/www.europesays.com\/pt\/wp-json\/wp\/v2\/posts"}],"about":[{"href":"https:\/\/www.europesays.com\/pt\/wp-json\/wp\/v2\/types\/post"}],"author":[{"embeddable":true,"href":"https:\/\/www.europesays.com\/pt\/wp-json\/wp\/v2\/users\/2"}],"replies":[{"embeddable":true,"href":"https:\/\/www.europesays.com\/pt\/wp-json\/wp\/v2\/comments?post=162775"}],"version-history":[{"count":0,"href":"https:\/\/www.europesays.com\/pt\/wp-json\/wp\/v2\/posts\/162775\/revisions"}],"wp:featuredmedia":[{"embeddable":true,"href":"https:\/\/www.europesays.com\/pt\/wp-json\/wp\/v2\/media\/162776"}],"wp:attachment":[{"href":"https:\/\/www.europesays.com\/pt\/wp-json\/wp\/v2\/media?parent=162775"}],"wp:term":[{"taxonomy":"category","embeddable":true,"href":"https:\/\/www.europesays.com\/pt\/wp-json\/wp\/v2\/categories?post=162775"},{"taxonomy":"post_tag","embeddable":true,"href":"https:\/\/www.europesays.com\/pt\/wp-json\/wp\/v2\/tags?post=162775"}],"curies":[{"name":"wp","href":"https:\/\/api.w.org\/{rel}","templated":true}]}}