{"id":162781,"date":"2025-11-24T00:32:22","date_gmt":"2025-11-24T00:32:22","guid":{"rendered":"https:\/\/www.europesays.com\/pt\/162781\/"},"modified":"2025-11-24T00:32:22","modified_gmt":"2025-11-24T00:32:22","slug":"e-os-destaques-tecnologicos-da-semana-que-passou-foram-7","status":"publish","type":"post","link":"https:\/\/www.europesays.com\/pt\/162781\/","title":{"rendered":"E os destaques tecnol\u00f3gicos da semana que passou foram&#8230;"},"content":{"rendered":"<p>Nesta semana que passou, analis\u00e1mos o Huawei Pura 80 Ultra, os novos Bose QuietComfort Ultra, o conjunto energ\u00e9tico Bluetti Apex 300 + B300K, fal\u00e1mos do que vimos nos laborat\u00f3rios OPPO, e muito mais.<\/p>\n<p><a target=\"_blank\" href=\"https:\/\/pplware.sapo.pt\/wp-content\/uploads\/2025\/11\/destaques_23nov.jpg\" onclick=\"refreshIframe()\" class=\"foobox\" rel=\"nofollow noopener\"><img fetchpriority=\"high\" decoding=\"async\" src=\"https:\/\/www.europesays.com\/pt\/wp-content\/uploads\/2025\/11\/destaques_23nov-720x405.jpg\" alt=\"E os destaques tecnol\u00f3gicos da semana que passou foram... - huawei, bose, bluetti, oppo\" width=\"720\" height=\"405\" class=\"aligncenter size-medium wp-image-1090072\"  \/><\/a><\/p>\n<p>A e-Platform 3.0 da BYD, lan\u00e7ada em 2021, foi desenvolvida especificamente para ve\u00edculos movidos a novas energias, com o objetivo de redefinir a experi\u00eancia de condu\u00e7\u00e3o. O pilar desta plataforma \u00e9 a &#8220;integra\u00e7\u00e3o&#8221;, um conceito que permitiu \u00e0 BYD estabelecer novos padr\u00f5es na ind\u00fastria. Conhe\u00e7a tudo sobre a tecnologia.<\/p>\n<p style=\"text-align: center;\"><a target=\"_blank\" href=\"https:\/\/pplware.sapo.pt\/wp-content\/uploads\/2024\/12\/BYD-Seal-Budapest.jpg\" onclick=\"refreshIframe()\" class=\"foobox\" rel=\"nofollow noopener\"><img loading=\"lazy\" decoding=\"async\" src=\"https:\/\/www.europesays.com\/pt\/wp-content\/uploads\/2025\/11\/BYD-Seal-Budapest-1024x576.jpg\" alt=\"Modelo Seagull da BYD em Budapeste, na Hungria\" width=\"720\" height=\"405\" class=\"alignnone size-large wp-image-1031305\"  \/><\/a><\/p>\n<p>A independ\u00eancia energ\u00e9tica \u00e9 hoje um tema central. Cada vez mais utilizadores procuram solu\u00e7\u00f5es que reduzam a depend\u00eancia da rede el\u00e9trica, aproveitem energia solar e ofere\u00e7am seguran\u00e7a em falhas. A BLUETTI destaca-se neste segmento, e o <a target=\"_blank\" href=\"https:\/\/bit.ly\/47R2Yie\" rel=\"nofollow noopener\">conjunto Apex 300 + B300K<\/a> refor\u00e7a essa posi\u00e7\u00e3o tecnol\u00f3gica.<\/p>\n<p><a target=\"_blank\" href=\"https:\/\/pplware.sapo.pt\/wp-content\/uploads\/2025\/11\/bluetti_apex_300_b300k_1.jpg\" onclick=\"refreshIframe()\" class=\"foobox\" rel=\"nofollow noopener\"><img loading=\"lazy\" decoding=\"async\" src=\"https:\/\/www.europesays.com\/pt\/wp-content\/uploads\/2025\/11\/bluetti_apex_300_b300k_1-720x405.jpg\" alt=\"\" width=\"720\" height=\"405\" class=\"aligncenter size-medium wp-image-1088930\"  \/><\/a><\/p>\n<p>Dando continuidade \u00e0 visita que o Pplware fez \u00e0 OPPO, queremos agora mostrar o foco que esta marca est\u00e1 a dar na qualidade. N\u00e3o se limita a lan\u00e7ar equipamentos, mas foca-se em garantir a m\u00e1xima qualidade destes e dos materiais presentes. Para isso, e como v\u00e3o poder ver, os testes a cada componente s\u00e3o exaustivos e procuram encontrar a perfei\u00e7\u00e3o.<\/p>\n<p><a target=\"_blank\" href=\"https:\/\/pplware.sapo.pt\/wp-content\/uploads\/2025\/11\/pplware_oppo_hardware_qualidade_1.jpg\" onclick=\"refreshIframe()\" class=\"foobox\" rel=\"nofollow noopener\"><img loading=\"lazy\" decoding=\"async\" src=\"https:\/\/www.europesays.com\/pt\/wp-content\/uploads\/2025\/11\/pplware_oppo_hardware_qualidade_1-1024x576.jpg\" alt=\"OPPO laborat\u00f3rios qualidade hardware\" width=\"720\" height=\"405\" class=\"aligncenter size-large wp-image-1089169\"  \/><\/a><\/p>\n<p>De entre os v\u00e1rios efeitos da Intelig\u00eancia Artificial (IA), um novo estudo destaca um particularmente curioso: eliminando o conhecido efeito Dunning-Kruger, a tecnologia faz com que todas as pessoas que a utilizam sobrestimem as suas compet\u00eancias.<\/p>\n<p><a target=\"_blank\" href=\"https:\/\/pplware.sapo.pt\/wp-content\/uploads\/2025\/11\/cerebro_inteligencia_artificial.jpg\" onclick=\"refreshIframe()\" class=\"foobox\" rel=\"nofollow noopener\"><img loading=\"lazy\" decoding=\"async\" src=\"https:\/\/www.europesays.com\/pt\/wp-content\/uploads\/2025\/11\/cerebro_inteligencia_artificial-720x405.jpg\" alt=\"C\u00e9rebro a ser tocado por uma m\u00e3o, que representa a IA\" width=\"720\" height=\"405\" class=\"aligncenter size-medium wp-image-1089149\"  \/><\/a><\/p>\n<p>A TCL, pioneira em tecnologia de ecr\u00e3s e dispositivos conectados, incluindo smartphones e tablets, est\u00e1 a liderar o caminho com as suas solu\u00e7\u00f5es de banda larga de nova gera\u00e7\u00e3o baseadas em Intelig\u00eancia Artificial (IA) e solu\u00e7\u00f5es abrangentes de ciberseguran\u00e7a, apresentou v\u00e1rios produtos no evento Network X 2025.<\/p>\n<p><a target=\"_blank\" href=\"https:\/\/pplware.sapo.pt\/wp-content\/uploads\/2025\/11\/tcl_000.jpg\" onclick=\"refreshIframe()\" class=\"foobox\" rel=\"nofollow noopener\"><img loading=\"lazy\" decoding=\"async\" src=\"https:\/\/www.europesays.com\/pt\/wp-content\/uploads\/2025\/11\/tcl_000-720x405.jpg\" alt=\"\" width=\"720\" height=\"405\" class=\"aligncenter size-medium wp-image-1089178\"  \/><\/a><\/p>\n<p>Investigadores do Massachusetts Institute of Technology (MIT) criaram dispositivos eletr\u00f3nicos microsc\u00f3picos e sem fios que viajam pela corrente sangu\u00ednea e se implantam em regi\u00f5es espec\u00edficas do c\u00e9rebro. Uma vez a\u00ed, conseguem fornecer estimula\u00e7\u00e3o el\u00e9trica.<\/p>\n<p><a target=\"_blank\" href=\"https:\/\/pplware.sapo.pt\/wp-content\/uploads\/2025\/11\/cerebro.jpg\" onclick=\"refreshIframe()\" class=\"foobox\" rel=\"nofollow noopener\"><img loading=\"lazy\" decoding=\"async\" src=\"https:\/\/www.europesays.com\/pt\/wp-content\/uploads\/2025\/11\/cerebro-720x405.jpg\" alt=\"\" width=\"720\" height=\"405\" class=\"aligncenter size-medium wp-image-1089160\"  \/><\/a><\/p>\n<p>A Google revelou o Gemini 3, o seu modelo de IA mais avan\u00e7ado at\u00e9 \u00e0 data. Mais poderoso do que nunca, compreende melhor textos, imagens e v\u00eddeos, automatiza tarefas complexas e supera todos os padr\u00f5es de refer\u00eancia. Esta \u00e9 a resposta l\u00f3gica da gigante das pesquisas ao ChatGPT 5.1.<\/p>\n<p><a target=\"_blank\" href=\"https:\/\/www.europesays.com\/pt\/wp-content\/uploads\/2025\/11\/google_gemini_3.jpg\" onclick=\"refreshIframe()\" class=\"foobox\"><img loading=\"lazy\" decoding=\"async\" src=\"https:\/\/www.europesays.com\/pt\/wp-content\/uploads\/2025\/11\/google_gemini_3.jpg\" alt=\"Google Gemini 3 IA\" width=\"922\" height=\"518\" class=\"aligncenter size-full wp-image-1089215\"  \/><\/a><\/p>\n<p>Perante rob\u00f4s humanoides que voam, conduzem e andam, a Caltech criou uma m\u00e1quina capaz de combinar essas val\u00eancias. Como um verdadeiro &#8220;transformer&#8221;, o sistema \u00e9 composto por um rob\u00f4\u00a0 e um drone, que se adaptam a v\u00e1rias necessidades e respondem a diversos desafios.<\/p>\n<p><a target=\"_blank\" href=\"https:\/\/pplware.sapo.pt\/wp-content\/uploads\/2025\/11\/CAST-X1-Robo-demo.jpg\" onclick=\"refreshIframe()\" class=\"foobox\" rel=\"nofollow noopener\"><img loading=\"lazy\" decoding=\"async\" src=\"https:\/\/www.europesays.com\/pt\/wp-content\/uploads\/2025\/11\/CAST-X1-Robo-demo-720x405.jpg\" alt=\"Rob\u00f4 humanoide X1 com o seu drone M4\" width=\"720\" height=\"405\" class=\"aligncenter size-medium wp-image-1089247\"  \/><\/a><\/p>\n<p>Combinando o ADN da Porsche com tecnologia pioneira, a fabricante apresenta o seu modelo de produ\u00e7\u00e3o &#8220;mais potente de todos os tempos&#8221;. O Cayenne est\u00e1 a receber duas vers\u00f5es totalmente el\u00e9tricas, proporcionando din\u00e2mica, confian\u00e7a e conforto.<\/p>\n<p><a target=\"_blank\" href=\"https:\/\/pplware.sapo.pt\/wp-content\/uploads\/2025\/11\/porsche_cayenne_eletrico-9.jpg\" onclick=\"refreshIframe()\" class=\"foobox\" rel=\"nofollow noopener\"><img loading=\"lazy\" decoding=\"async\" src=\"https:\/\/www.europesays.com\/pt\/wp-content\/uploads\/2025\/11\/porsche_cayenne_eletrico-9-720x405.jpg\" alt=\"Porsche Cayenne el\u00e9trico\" width=\"720\" height=\"405\" class=\"aligncenter size-medium wp-image-1089323\"  \/><\/a><\/p>\n<p>A XPENG, uma das l\u00edderes globais em ve\u00edculos el\u00e9tricos inteligentes, apresentou os seus mais recentes modelos, o SUV de refer\u00eancia XPENG G9 e o novo SUV Coup\u00e9 100% el\u00e9trico, o XPENG G6. Estes ve\u00edculos representam uma importante renova\u00e7\u00e3o na gama da marca, focando-se em elevar os padr\u00f5es de velocidade de carregamento, inova\u00e7\u00e3o tecnol\u00f3gica e sustentabilidade.<\/p>\n<p><a target=\"_blank\" href=\"https:\/\/pplware.sapo.pt\/wp-content\/uploads\/2025\/11\/pplware_xpeng_g9-g6_1.jpg\" onclick=\"refreshIframe()\" class=\"foobox\" rel=\"nofollow noopener\"><img loading=\"lazy\" decoding=\"async\" src=\"https:\/\/www.europesays.com\/pt\/wp-content\/uploads\/2025\/11\/pplware_xpeng_g9-g6_1-1024x576.jpg\" alt=\"XPENG G9 G6 carregamento\" width=\"720\" height=\"405\" class=\"aligncenter size-large wp-image-1089346\"  \/><\/a><\/p>\n<p>Com a mobilidade cada vez mais presente, importa ter ferramentas que proporcionem o melhor conforto. \u00c9 l\u00f3gico investir nuns bons auscultadores, com ANC e conforto. A Bose revelou os Bose QuietComfort Ultra (Gen 2) que agora avaliamos. Venha conhecer e saber o que oferece no som, mas principalmente no cancelamento do ru\u00eddo e bateria.<\/p>\n<p><a target=\"_blank\" href=\"https:\/\/pplware.sapo.pt\/wp-content\/uploads\/2025\/11\/Pplware_Bose_QuietComfort_Ultra_01.jpg\" onclick=\"refreshIframe()\" class=\"foobox\" rel=\"nofollow noopener\"><img loading=\"lazy\" decoding=\"async\" src=\"https:\/\/www.europesays.com\/pt\/wp-content\/uploads\/2025\/11\/Pplware_Bose_QuietComfort_Ultra_01-1024x576.jpg\" alt=\"Bose QuietComfort Ultra auscultadores ANC\" width=\"720\" height=\"405\" class=\"aligncenter size-large wp-image-1089536\"  \/><\/a><\/p>\n<p>A Huawei \u00e9 ainda uma marca ativa no mercado dos smartphones, com propostas excelentes. A prova disso \u00e9 o novo Huawei Pura 80 Ultra, um dos smartphones mais avan\u00e7ados em fotografia. Hoje trazemos a sua an\u00e1lise e a certeza que \u00e9 um dos mais avan\u00e7ados neste campo. Conhe\u00e7a o Huawei Pura 80 Ultra, equipado com sensor de 1 polegada, zoom perisc\u00f3pico duplo e processamento de imagem de topo.<\/p>\n<p><a target=\"_blank\" href=\"https:\/\/pplware.sapo.pt\/wp-content\/uploads\/2025\/11\/Pplware_Huawei_Pura_80_Ultra_01.jpg\" onclick=\"refreshIframe()\" class=\"foobox\" rel=\"nofollow noopener\"><img loading=\"lazy\" decoding=\"async\" src=\"https:\/\/www.europesays.com\/pt\/wp-content\/uploads\/2025\/11\/Pplware_Huawei_Pura_80_Ultra_01-1024x576.jpg\" alt=\"Huawei Pura 80 Ultra smartphone fotografia\" width=\"720\" height=\"405\" class=\"aligncenter size-large wp-image-1089589\"  \/><\/a><\/p>\n<p>A Huawei est\u00e1 com uma presen\u00e7a cada vez mais forte no campo do \u00e1udio, com propostas para todos os bolsos. Os mais recentes dispositivos s\u00e3o os Huawei Freebuds 7i, que mostram que n\u00e3o precisamos de pagar muito para ter qualidade. Este garantem que por menos de 100 euros temos j\u00e1 bom ANC e som de qualidade.<\/p>\n<p><a target=\"_blank\" href=\"https:\/\/pplware.sapo.pt\/wp-content\/uploads\/2025\/11\/pplware_huawei_freebuds_71_02.jpg\" onclick=\"refreshIframe()\" class=\"foobox\" rel=\"nofollow noopener\"><img loading=\"lazy\" decoding=\"async\" src=\"https:\/\/www.europesays.com\/pt\/wp-content\/uploads\/2025\/11\/pplware_huawei_freebuds_71_02-1024x576.jpg\" alt=\"Huawei FreeBuds 7i som qualidade ANC pre\u00e7o\" width=\"720\" height=\"405\" class=\"aligncenter size-large wp-image-1089797\"  \/><\/a><\/p>\n","protected":false},"excerpt":{"rendered":"Nesta semana que passou, analis\u00e1mos o Huawei Pura 80 Ultra, os novos Bose QuietComfort Ultra, o conjunto energ\u00e9tico&hellip;\n","protected":false},"author":2,"featured_media":162782,"comment_status":"","ping_status":"","sticky":false,"template":"","format":"standard","meta":{"footnotes":""},"categories":[84],"tags":[109,107,108,49,32,33,13287,105,103,104,106,110,13288],"class_list":{"0":"post-162781","1":"post","2":"type-post","3":"status-publish","4":"format-standard","5":"has-post-thumbnail","7":"category-ciencia-e-tecnologia","8":"tag-ciencia","9":"tag-ciencia-e-tecnologia","10":"tag-cienciaetecnologia","11":"tag-destaques","12":"tag-portugal","13":"tag-pt","14":"tag-rubrica","15":"tag-science","16":"tag-science-and-technology","17":"tag-scienceandtechnology","18":"tag-technology","19":"tag-tecnologia","20":"tag-top-semanal"},"share_on_mastodon":{"url":"https:\/\/pubeurope.com\/@pt\/115601863482056114","error":""},"_links":{"self":[{"href":"https:\/\/www.europesays.com\/pt\/wp-json\/wp\/v2\/posts\/162781","targetHints":{"allow":["GET"]}}],"collection":[{"href":"https:\/\/www.europesays.com\/pt\/wp-json\/wp\/v2\/posts"}],"about":[{"href":"https:\/\/www.europesays.com\/pt\/wp-json\/wp\/v2\/types\/post"}],"author":[{"embeddable":true,"href":"https:\/\/www.europesays.com\/pt\/wp-json\/wp\/v2\/users\/2"}],"replies":[{"embeddable":true,"href":"https:\/\/www.europesays.com\/pt\/wp-json\/wp\/v2\/comments?post=162781"}],"version-history":[{"count":0,"href":"https:\/\/www.europesays.com\/pt\/wp-json\/wp\/v2\/posts\/162781\/revisions"}],"wp:featuredmedia":[{"embeddable":true,"href":"https:\/\/www.europesays.com\/pt\/wp-json\/wp\/v2\/media\/162782"}],"wp:attachment":[{"href":"https:\/\/www.europesays.com\/pt\/wp-json\/wp\/v2\/media?parent=162781"}],"wp:term":[{"taxonomy":"category","embeddable":true,"href":"https:\/\/www.europesays.com\/pt\/wp-json\/wp\/v2\/categories?post=162781"},{"taxonomy":"post_tag","embeddable":true,"href":"https:\/\/www.europesays.com\/pt\/wp-json\/wp\/v2\/tags?post=162781"}],"curies":[{"name":"wp","href":"https:\/\/api.w.org\/{rel}","templated":true}]}}