{"id":162790,"date":"2025-11-24T00:45:17","date_gmt":"2025-11-24T00:45:17","guid":{"rendered":"https:\/\/www.europesays.com\/pt\/162790\/"},"modified":"2025-11-24T00:45:17","modified_gmt":"2025-11-24T00:45:17","slug":"ze-lopes-feliz-em-coimbra-faco-os-quilometros-que-forem-precisos-por-ti-meu-amor-amo-te","status":"publish","type":"post","link":"https:\/\/www.europesays.com\/pt\/162790\/","title":{"rendered":"Z\u00e9 Lopes feliz em Coimbra: &#8220;Fa\u00e7o os quil\u00f3metros que forem precisos por ti, meu amor. Amo-te&#8221;"},"content":{"rendered":"<p>No Instagram, <a href=\"https:\/\/selfie.iol.pt\/famosos\/tvi\/ze-lopes-abre-as-portas-de-casa-e-detalhe-chama-a-atencao-esta-cada-dia-mais\/20251122\/69221170d34e2bd5c6d44c39\" target=\"_blank\" rel=\"nofollow noopener\">Z\u00e9 Lopes<\/a> tem o h\u00e1bito de dar os parab\u00e9ns \u00e0s pessoas que lhe s\u00e3o mais especiais. Foi o que aconteceu, novamente, quando o apresentador, de 28 anos, se declarou a um amigo, Jo\u00e3o da Silva.<\/p>\n<p>&#8220;O motivo de ter vindo a Coimbra este fim de semana foi o anivers\u00e1rio deste irm\u00e3o que a vida me deu. Fa\u00e7o os quil\u00f3metros que forem precisos por ti, meu amor&#8221;, come\u00e7ou por garantir Z\u00e9 Lopes na legenda de uma fotografia na qual \u00e9 mimado pelo aniversariante.<\/p>\n<p>No final da mensagem, Z\u00e9 Lopes ainda desejou: &#8220;Que este ano seja um grande 31. Amo-te!&#8221;<\/p>\n<p>Veja, agora, algumas das melhores imagens de Z\u00e9 Lopes nas galerias de fotografias que prepar\u00e1mos para si.<\/p>\n<p><img decoding=\"async\" alt=\"\" onclick=\"\" src=\"https:\/\/www.europesays.com\/pt\/wp-content\/uploads\/2025\/11\/1763945117_456_1024.jpeg\" title=\"Z\u00e9 Lopes\"\/><\/p>\n","protected":false},"excerpt":{"rendered":"No Instagram, Z\u00e9 Lopes tem o h\u00e1bito de dar os parab\u00e9ns \u00e0s pessoas que lhe s\u00e3o mais especiais.&hellip;\n","protected":false},"author":2,"featured_media":162791,"comment_status":"","ping_status":"","sticky":false,"template":"","format":"standard","meta":{"footnotes":""},"categories":[85],"tags":[3736,996,6973,114,115,980,1015,619,32,33,1012,162,6971],"class_list":{"0":"post-162790","1":"post","2":"type-post","3":"status-publish","4":"format-standard","5":"has-post-thumbnail","7":"category-entretenimento","8":"tag-amizade","9":"tag-aniversario","10":"tag-apresentador","11":"tag-entertainment","12":"tag-entretenimento","13":"tag-famosos","14":"tag-instagram","15":"tag-nacional","16":"tag-portugal","17":"tag-pt","18":"tag-selfie","19":"tag-tvi","20":"tag-ze-lopes"},"share_on_mastodon":{"url":"https:\/\/pubeurope.com\/@pt\/115601914371941421","error":""},"_links":{"self":[{"href":"https:\/\/www.europesays.com\/pt\/wp-json\/wp\/v2\/posts\/162790","targetHints":{"allow":["GET"]}}],"collection":[{"href":"https:\/\/www.europesays.com\/pt\/wp-json\/wp\/v2\/posts"}],"about":[{"href":"https:\/\/www.europesays.com\/pt\/wp-json\/wp\/v2\/types\/post"}],"author":[{"embeddable":true,"href":"https:\/\/www.europesays.com\/pt\/wp-json\/wp\/v2\/users\/2"}],"replies":[{"embeddable":true,"href":"https:\/\/www.europesays.com\/pt\/wp-json\/wp\/v2\/comments?post=162790"}],"version-history":[{"count":0,"href":"https:\/\/www.europesays.com\/pt\/wp-json\/wp\/v2\/posts\/162790\/revisions"}],"wp:featuredmedia":[{"embeddable":true,"href":"https:\/\/www.europesays.com\/pt\/wp-json\/wp\/v2\/media\/162791"}],"wp:attachment":[{"href":"https:\/\/www.europesays.com\/pt\/wp-json\/wp\/v2\/media?parent=162790"}],"wp:term":[{"taxonomy":"category","embeddable":true,"href":"https:\/\/www.europesays.com\/pt\/wp-json\/wp\/v2\/categories?post=162790"},{"taxonomy":"post_tag","embeddable":true,"href":"https:\/\/www.europesays.com\/pt\/wp-json\/wp\/v2\/tags?post=162790"}],"curies":[{"name":"wp","href":"https:\/\/api.w.org\/{rel}","templated":true}]}}