{"id":162792,"date":"2025-11-24T00:46:26","date_gmt":"2025-11-24T00:46:26","guid":{"rendered":"https:\/\/www.europesays.com\/pt\/162792\/"},"modified":"2025-11-24T00:46:26","modified_gmt":"2025-11-24T00:46:26","slug":"laramassa-mx-a-nova-forca-do-off-road-em-alfenas-mg-e-mais-nova-parceira-do-show-radical","status":"publish","type":"post","link":"https:\/\/www.europesays.com\/pt\/162792\/","title":{"rendered":"LARAMASSA MX: A NOVA FOR\u00c7A DO OFF-ROAD EM ALFENAS\u2013MG E MAIS NOVA PARCEIRA DO SHOW RADICAL"},"content":{"rendered":"<p>A cena off-road do Sul de Minas acaba de ganhar um refor\u00e7o de peso. A <strong><a href=\"https:\/\/www.mercadolivre.com.br\/loja\/laramassa-moto-pecas#client=HOME&amp;component_id=header_logo&amp;label=Laramassa+Moto+Pe%C3%A7as&amp;tracking_id=06bbf161-8508-4eda-894f-0012ef76a69c&amp;global_position=1\" rel=\"nofollow noopener\" target=\"_blank\">Laramassa MX<\/a><\/strong>, refer\u00eancia nacional no com\u00e9rcio online de pe\u00e7as e equipamentos para motocross e trilha, inaugura oficialmente sua loja f\u00edsica em <strong>Alfenas\u2013MG<\/strong>, trazendo ao mercado regional um novo espa\u00e7o completo, moderno e preparado para atender pilotos de todas as modalidades.<\/p>\n<p><img data-lazyloaded=\"1\" fetchpriority=\"high\" decoding=\"async\" width=\"1600\" height=\"899\" src=\"https:\/\/www.europesays.com\/pt\/wp-content\/uploads\/2025\/11\/WhatsApp-Image-2025-11-23-at-18.09.43-3.jpeg\" alt=\"LARAMASSA MX: A NOVA FOR\u00c7A DO OFF-ROAD EM ALFENAS\u2013MG E MAIS NOVA PARCEIRA DO SHOW RADICAL\" class=\"wp-image-85577\"  data-\/><\/p>\n<p>Com mais de <strong>7 anos de atua\u00e7\u00e3o no e-commerce<\/strong>, a Laramassa MX nasceu ainda em 2018 dentro de um ambiente universit\u00e1rio, quando dois amigos (Matheus e Erick) \u2014 movidos pela paix\u00e3o por motos e pela oportunidade de empreender \u2014 iniciaram suas vendas no Mercado Livre com um investimento inicial extremamente modesto. A partir dali, o que come\u00e7ou pequeno se transformou em uma opera\u00e7\u00e3o profissional que hoje \u00e9 reconhecida entre os grandes vendedores online do segmento off-road no Brasil.<\/p>\n<p><img loading=\"lazy\" decoding=\"async\" width=\"1600\" height=\"899\" src=\"https:\/\/www.europesays.com\/pt\/wp-content\/uploads\/2025\/11\/WhatsApp-Image-2025-11-23-at-18.09.43-2.jpeg\" alt=\"LARAMASSA MX: A NOVA FOR\u00c7A DO OFF-ROAD EM ALFENAS\u2013MG E MAIS NOVA PARCEIRA DO SHOW RADICAL\" class=\"wp-image-85578 lazyload\"  data- style=\"--smush-placeholder-width: 1600px; --smush-placeholder-aspect-ratio: 1600\/899;\" data-original-\/><\/p>\n<p>Ao longo desses anos, a empresa consolidou sua for\u00e7a nas plataformas digitais, tornando-se <strong>refer\u00eancia em vendas online de pe\u00e7as, acess\u00f3rios e equipamentos<\/strong>, sempre trabalhando com as principais marcas do pa\u00eds e oferecendo entrega r\u00e1pida e segura para todo territ\u00f3rio nacional.<\/p>\n<p><img loading=\"lazy\" decoding=\"async\" width=\"1600\" height=\"1068\" src=\"https:\/\/www.europesays.com\/pt\/wp-content\/uploads\/2025\/11\/WhatsApp-Image-2025-11-23-at-18.09.43-7.jpeg\" alt=\"LARAMASSA MX: A NOVA FOR\u00c7A DO OFF-ROAD EM ALFENAS\u2013MG E MAIS NOVA PARCEIRA DO SHOW RADICAL\" class=\"wp-image-85579 lazyload\"  data- style=\"--smush-placeholder-width: 1600px; --smush-placeholder-aspect-ratio: 1600\/1068;\" data-original-\/><\/p>\n<p>O crescimento org\u00e2nico e o envolvimento direto dos fundadores com o motociclismo off-road abriram espa\u00e7o para um novo passo estrat\u00e9gico: a expans\u00e3o para o atendimento presencial. Assim nasceu a <strong>loja f\u00edsica de Alfenas<\/strong>, que chega para complementar o s\u00f3lido e-commerce da marca, oferecendo experi\u00eancia ao vivo, variedade de produtos, consultoria especializada e um ponto de encontro para pilotos da regi\u00e3o.<\/p>\n<p><a href=\"http:\/\/www.supermotocross.tv\/\" target=\"_blank\" rel=\"nofollow noopener\"><br \/>\n<img decoding=\"async\" src=\"https:\/\/www.europesays.com\/pt\/wp-content\/uploads\/2025\/11\/supermotocross-2025-h.jpeg\" class=\"lazyload\"\/><\/a><img loading=\"lazy\" decoding=\"async\" width=\"1600\" height=\"1068\" data-id=\"85581\" src=\"https:\/\/www.europesays.com\/pt\/wp-content\/uploads\/2025\/11\/WhatsApp-Image-2025-11-23-at-18.09.43-6.jpeg\" alt=\"LARAMASSA MX: A NOVA FOR\u00c7A DO OFF-ROAD EM ALFENAS\u2013MG E MAIS NOVA PARCEIRA DO SHOW RADICAL\" class=\"wp-image-85581 lazyload\"  data- style=\"--smush-placeholder-width: 1600px; --smush-placeholder-aspect-ratio: 1600\/1068;\" data-original-\/><img loading=\"lazy\" decoding=\"async\" width=\"1600\" height=\"1068\" data-id=\"85580\" src=\"https:\/\/www.europesays.com\/pt\/wp-content\/uploads\/2025\/11\/WhatsApp-Image-2025-11-23-at-18.09.43-5.jpeg\" alt=\"LARAMASSA MX: A NOVA FOR\u00c7A DO OFF-ROAD EM ALFENAS\u2013MG E MAIS NOVA PARCEIRA DO SHOW RADICAL\" class=\"wp-image-85580 lazyload\"  data- style=\"--smush-placeholder-width: 1600px; --smush-placeholder-aspect-ratio: 1600\/1068;\" data-original-\/><\/p>\n<p>Com um ambiente amplo, organizado e pronto para receber trilheiros, pilotos e entusiastas, a Laramassa MX refor\u00e7a seu compromisso com a comunidade off-road, unindo tecnologia, atendimento qualificado e amor pelo esporte.<\/p>\n<p><img loading=\"lazy\" decoding=\"async\" width=\"1600\" height=\"1068\" data-id=\"85583\" src=\"https:\/\/www.europesays.com\/pt\/wp-content\/uploads\/2025\/11\/WhatsApp-Image-2025-11-23-at-18.09.43-1.jpeg\" alt=\"LARAMASSA MX: A NOVA FOR\u00c7A DO OFF-ROAD EM ALFENAS\u2013MG E MAIS NOVA PARCEIRA DO SHOW RADICAL\" class=\"wp-image-85583 lazyload\"  data- style=\"--smush-placeholder-width: 1600px; --smush-placeholder-aspect-ratio: 1600\/1068;\" data-original-\/><img loading=\"lazy\" decoding=\"async\" width=\"1600\" height=\"899\" data-id=\"85582\" src=\"https:\/\/www.europesays.com\/pt\/wp-content\/uploads\/2025\/11\/WhatsApp-Image-2025-11-23-at-18.09.43-2-1.jpeg\" alt=\"LARAMASSA MX: A NOVA FOR\u00c7A DO OFF-ROAD EM ALFENAS\u2013MG E MAIS NOVA PARCEIRA DO SHOW RADICAL\" class=\"wp-image-85582 lazyload\"  data- style=\"--smush-placeholder-width: 1600px; --smush-placeholder-aspect-ratio: 1600\/899;\" data-original-\/><\/p>\n<p>Agora, a empresa se junta oficialmente ao <strong>Show Radical<\/strong> como parceira de m\u00eddia, fortalecendo sua presen\u00e7a no mercado e ampliando o alcance de suas a\u00e7\u00f5es em todo o Brasil.<\/p>\n<blockquote class=\"instagram-media\" data-instgrm-captioned=\"\" data-instgrm-permalink=\"https:\/\/www.instagram.com\/reel\/DRaeVq1iZcI\/?utm_source=ig_embed&amp;utm_campaign=loading\" data-instgrm-version=\"14\" style=\" background:#FFF; border:0; border-radius:3px; box-shadow:0 0 1px 0 rgba(0,0,0,0.5),0 1px 10px 0 rgba(0,0,0,0.15); margin: 1px; max-width:540px; min-width:326px; padding:0; width:99.375%; width:-webkit-calc(100% - 2px); width:calc(100% - 2px);\"\/>\n<p><strong>Siga a Laramassa MX:<\/strong><br \/>\ud83d\udcf2 Instagram: <strong><a href=\"https:\/\/www.instagram.com\/laramassa_mx\/\" rel=\"nofollow noopener\" target=\"_blank\">@laramassa_mx<\/a><\/strong><\/p>\n<p><strong>LARAMASSA MX \u2014 7 anos acelerando o off-road brasileiro!<\/strong><\/p>\n<p><a href=\"https:\/\/www.mercadolivre.com.br\/loja\/laramassa-moto-pecas#client=HOME&amp;component_id=header_logo&amp;label=Laramassa+Moto+Pe%C3%A7as&amp;tracking_id=06bbf161-8508-4eda-894f-0012ef76a69c&amp;global_position=1\" rel=\"nofollow noopener\" target=\"_blank\">CLIQUE AQUI PARA ACESSAR A LOJA ON LINE! <\/a><\/p>\n<p>Pe\u00e7as, acess\u00f3rios e equipamentos para quem acelera de verdade. Envio para todo o Brasil.<\/p>\n<p><script async src=\"\/\/www.instagram.com\/embed.js\"><\/script><\/p>\n","protected":false},"excerpt":{"rendered":"A cena off-road do Sul de Minas acaba de ganhar um refor\u00e7o de peso. A Laramassa MX, refer\u00eancia&hellip;\n","protected":false},"author":2,"featured_media":162793,"comment_status":"","ping_status":"","sticky":false,"template":"","format":"standard","meta":{"footnotes":""},"categories":[84],"tags":[11286,109,107,108,34512,34513,34514,34515,2742,34516,32,33,105,103,104,34517,34518,106,110,34519],"class_list":{"0":"post-162792","1":"post","2":"type-post","3":"status-publish","4":"format-standard","5":"has-post-thumbnail","7":"category-ciencia-e-tecnologia","8":"tag-alfenas-mg","9":"tag-ciencia","10":"tag-ciencia-e-tecnologia","11":"tag-cienciaetecnologia","12":"tag-enduro","13":"tag-laramassa-mx","14":"tag-loja-off-road","15":"tag-loja-on-line","16":"tag-mg","17":"tag-motocross","18":"tag-portugal","19":"tag-pt","20":"tag-science","21":"tag-science-and-technology","22":"tag-scienceandtechnology","23":"tag-show-radical","24":"tag-sul-de-minas","25":"tag-technology","26":"tag-tecnologia","27":"tag-trilha"},"share_on_mastodon":{"url":"https:\/\/pubeurope.com\/@pt\/115601918564081181","error":""},"_links":{"self":[{"href":"https:\/\/www.europesays.com\/pt\/wp-json\/wp\/v2\/posts\/162792","targetHints":{"allow":["GET"]}}],"collection":[{"href":"https:\/\/www.europesays.com\/pt\/wp-json\/wp\/v2\/posts"}],"about":[{"href":"https:\/\/www.europesays.com\/pt\/wp-json\/wp\/v2\/types\/post"}],"author":[{"embeddable":true,"href":"https:\/\/www.europesays.com\/pt\/wp-json\/wp\/v2\/users\/2"}],"replies":[{"embeddable":true,"href":"https:\/\/www.europesays.com\/pt\/wp-json\/wp\/v2\/comments?post=162792"}],"version-history":[{"count":0,"href":"https:\/\/www.europesays.com\/pt\/wp-json\/wp\/v2\/posts\/162792\/revisions"}],"wp:featuredmedia":[{"embeddable":true,"href":"https:\/\/www.europesays.com\/pt\/wp-json\/wp\/v2\/media\/162793"}],"wp:attachment":[{"href":"https:\/\/www.europesays.com\/pt\/wp-json\/wp\/v2\/media?parent=162792"}],"wp:term":[{"taxonomy":"category","embeddable":true,"href":"https:\/\/www.europesays.com\/pt\/wp-json\/wp\/v2\/categories?post=162792"},{"taxonomy":"post_tag","embeddable":true,"href":"https:\/\/www.europesays.com\/pt\/wp-json\/wp\/v2\/tags?post=162792"}],"curies":[{"name":"wp","href":"https:\/\/api.w.org\/{rel}","templated":true}]}}