{"id":162794,"date":"2025-11-24T00:49:13","date_gmt":"2025-11-24T00:49:13","guid":{"rendered":"https:\/\/www.europesays.com\/pt\/162794\/"},"modified":"2025-11-24T00:49:13","modified_gmt":"2025-11-24T00:49:13","slug":"lider-da-comunidade-do-bangladesh-disse-que-o-ps-prometeu-nos-apoio-em-troca-de-votos-poligrafo","status":"publish","type":"post","link":"https:\/\/www.europesays.com\/pt\/162794\/","title":{"rendered":"L\u00edder da comunidade do Bangladesh disse que \u201co PS prometeu-nos apoio em troca de votos\u201d? \u2013 Pol\u00edgrafo"},"content":{"rendered":"<p>\u201cVale tudo para o PS ter votos e n\u00e3o interessa como, o que interessa \u00e9 estar no poder para sempre\u201d, comenta-se numa das publica\u00e7\u00f5es que mostra a imagem supostamente captada a partir de uma entrevista de Rana Taslim Uddin, l\u00edder da comunidade do Bangladesh em Lisboa, nos est\u00fadios da SIC Not\u00edcias, com a seguinte cita\u00e7\u00e3o em destaque: \u201cO Partido Socialista <strong>prometeu-nos apoio em troca de votos<\/strong>.\u201d<\/p>\n<p>No texto alega-se que \u201cneste momento, Portugal deve ter no total mais de 2 milh\u00f5es de imigrantes, incluindo os que conseguiram o passaporte portugu\u00eas de toda a maneira, os filhos dos imigrantes e os ilegais. S\u00e3o 20% da popula\u00e7\u00e3o portuguesa. (\u2026) Mas o pior vai ser quando eles disserem que <strong>o pa\u00eds \u00e9 deles<\/strong>, vai ser o fim da nossa Hist\u00f3ria e o inferno para os portugueses!\u201d<\/p>\n<p>Ainda na imagem em causa, destaque para uma legenda em que se repete a cita\u00e7\u00e3o de Uddin, sublinhando: \u201cCompreendem agora <strong>o porqu\u00ea de tanta imigra\u00e7\u00e3o<\/strong>, visto que mais direto \u00e9 imposs\u00edvel.\u201d<\/p>\n<p><a href=\"https:\/\/www.europesays.com\/pt\/wp-content\/uploads\/2025\/11\/8cfacf3d-13b1-45ec-b01f-7349fd764ac9.jpg\"><img fetchpriority=\"high\" decoding=\"async\" class=\"alignnone wp-image-88523 \" src=\"https:\/\/www.europesays.com\/pt\/wp-content\/uploads\/2025\/11\/8cfacf3d-13b1-45ec-b01f-7349fd764ac9.jpg\" alt=\"\" width=\"685\" height=\"563\"  \/><\/a><\/p>\n<p>Em causa est\u00e1 Rana Taslim Uddin, l\u00edder da comunidade do Bangladesh em Lisboa, que tem sido um alvo frequente de <a href=\"https:\/\/poligrafo.sapo.pt\/fact-check\/video-mostra-lider-da-comunidade-do-bangladesh-a-ameacar-destruir-lisboa-se-alguem-tocar-num-dos-seus-membros\/\" target=\"_blank\" rel=\"noopener nofollow\">desinforma\u00e7\u00e3o<\/a> e mensagens de \u00f3dio nas redes sociais.<\/p>\n<p>Na sequ\u00eancia de uma pol\u00e9mica <a href=\"https:\/\/sicnoticias.pt\/pais\/2024-12-20-sos-racismo-acusa-governo-de-promover-agenda-da-extrema-direita-contra-imigrantes-a76903bd\" target=\"_blank\" rel=\"noopener nofollow\">opera\u00e7\u00e3o policial<\/a> na rua do Benformoso \u2013 que liga o Martim Moniz ao Largo do Intendente, em Lisboa -, Uddin esteve em direto nos est\u00fadios da SIC Not\u00edcias, a 27 de dezembro de 2024, para uma breve entrevista.<\/p>\n<p>Durante a qual <strong>n\u00e3o disse<\/strong> que \u201co PS prometeu-nos apoio em troca de votos\u201d. O Pol\u00edgrafo analisou a grava\u00e7\u00e3o em v\u00eddeo da entrevista e verificou que essa frase n\u00e3o foi proferida por Uddin, de todo.<\/p>\n<p>A imagem que est\u00e1 a ser difundida nas redes sociais consiste numa <strong>manipula\u00e7\u00e3o<\/strong>\u00a0grosseira da frase em destaque no rodap\u00e9.<\/p>\n<p>Na transmiss\u00e3o original da SIC Not\u00edcias, a frase em destaque naquele preciso momento era a seguinte: \u201c<strong>PSP n\u00e3o vai abrir inqu\u00e9rito interno<\/strong>.\u201d<\/p>\n<p>____________________________<\/p>\n<p><strong>Avalia\u00e7\u00e3o do Pol\u00edgrafo:<\/strong><\/p>\n","protected":false},"excerpt":{"rendered":"\u201cVale tudo para o PS ter votos e n\u00e3o interessa como, o que interessa \u00e9 estar no poder&hellip;\n","protected":false},"author":2,"featured_media":162795,"comment_status":"","ping_status":"","sticky":false,"template":"","format":"standard","meta":{"footnotes":""},"categories":[10],"tags":[27,28,15,16,14,25,26,21,22,12,13,19,20,32,23,24,33,17,18,29,30,31],"class_list":{"0":"post-162794","1":"post","2":"type-post","3":"status-publish","4":"format-standard","5":"has-post-thumbnail","7":"category-portugal","8":"tag-breaking-news","9":"tag-breakingnews","10":"tag-featured-news","11":"tag-featurednews","12":"tag-headlines","13":"tag-latest-news","14":"tag-latestnews","15":"tag-main-news","16":"tag-mainnews","17":"tag-news","18":"tag-noticias","19":"tag-noticias-principais","20":"tag-noticiasprincipais","21":"tag-portugal","22":"tag-principais-noticias","23":"tag-principaisnoticias","24":"tag-pt","25":"tag-top-stories","26":"tag-topstories","27":"tag-ultimas","28":"tag-ultimas-noticias","29":"tag-ultimasnoticias"},"share_on_mastodon":{"url":"https:\/\/pubeurope.com\/@pt\/115601930239890996","error":""},"_links":{"self":[{"href":"https:\/\/www.europesays.com\/pt\/wp-json\/wp\/v2\/posts\/162794","targetHints":{"allow":["GET"]}}],"collection":[{"href":"https:\/\/www.europesays.com\/pt\/wp-json\/wp\/v2\/posts"}],"about":[{"href":"https:\/\/www.europesays.com\/pt\/wp-json\/wp\/v2\/types\/post"}],"author":[{"embeddable":true,"href":"https:\/\/www.europesays.com\/pt\/wp-json\/wp\/v2\/users\/2"}],"replies":[{"embeddable":true,"href":"https:\/\/www.europesays.com\/pt\/wp-json\/wp\/v2\/comments?post=162794"}],"version-history":[{"count":0,"href":"https:\/\/www.europesays.com\/pt\/wp-json\/wp\/v2\/posts\/162794\/revisions"}],"wp:featuredmedia":[{"embeddable":true,"href":"https:\/\/www.europesays.com\/pt\/wp-json\/wp\/v2\/media\/162795"}],"wp:attachment":[{"href":"https:\/\/www.europesays.com\/pt\/wp-json\/wp\/v2\/media?parent=162794"}],"wp:term":[{"taxonomy":"category","embeddable":true,"href":"https:\/\/www.europesays.com\/pt\/wp-json\/wp\/v2\/categories?post=162794"},{"taxonomy":"post_tag","embeddable":true,"href":"https:\/\/www.europesays.com\/pt\/wp-json\/wp\/v2\/tags?post=162794"}],"curies":[{"name":"wp","href":"https:\/\/api.w.org\/{rel}","templated":true}]}}