{"id":162796,"date":"2025-11-24T00:50:15","date_gmt":"2025-11-24T00:50:15","guid":{"rendered":"https:\/\/www.europesays.com\/pt\/162796\/"},"modified":"2025-11-24T00:50:15","modified_gmt":"2025-11-24T00:50:15","slug":"edo-bosch-emocionado-ate-o-presidente-desceu-ao-tunel-para-me-dar-um-abraco","status":"publish","type":"post","link":"https:\/\/www.europesays.com\/pt\/162796\/","title":{"rendered":"Edo Bosch emocionado: \u00abAt\u00e9 o presidente desceu ao t\u00fanel para me dar um abra\u00e7o\u00bb"},"content":{"rendered":"<p>Edo Bosch n\u00e3o escondeu a emo\u00e7\u00e3o com o apoio que recebeu nos \u00faltimos dias por parta da fam\u00edlia do Sporting, ap\u00f3s a not\u00edcia da morte do pai.<\/p>\n<p>O treinador espanhol viveu semanas duras, mas quis estar presente no banco para o cl\u00e1ssico frente ao FC Porto que os le\u00f5es acabaram a golear por 5-2. No final agradeceu os gestos de que foi alvo at\u00e9 de Frederico Varandas.<\/p>\n<p>\u00abForam duas semanas muito complicadas. Na semana anterior n\u00e3o estive aqui e nesta tive de ir embora ap\u00f3s o jogo com o Bassano. Somos uma fam\u00edlia e as fam\u00edlias est\u00e3o nos bons e nos maus momentos. A equipa quis dedicar a vit\u00f3ria a mim e ao Xano e at\u00e9 o presidente do clube veio ao t\u00fanel dar-me um abra\u00e7o. Senti toda a for\u00e7a e uni\u00e3o da fam\u00edlia leonina\u00bb, disse, em confer\u00eancia de imprensa.<\/p>\n<p>Sobre o jogo, o treinador enalteceu a boa exibi\u00e7\u00e3o da equipa, sobretudo nos primeiros 25 minutos. \u00abFizemos uma 1.\u00aa parte muito boa defensiva e ofensivamente, o que nos deu uma vantagem justa. Depois marc\u00e1mos o 4.\u00ba golo cedo e come\u00e7\u00e1mos a gerir. O FC Porto apertou, mas \u00e9 uma vit\u00f3ria inteiramente justa. Power-play? Agora os cart\u00f5es azuis n\u00e3o d\u00e3o livre direto, por isso temos de trabalhar o 4&#215;3 e os dois golos marcados assim deram-nos algum conforto\u00bb, analisou.<\/p>\n","protected":false},"excerpt":{"rendered":"Edo Bosch n\u00e3o escondeu a emo\u00e7\u00e3o com o apoio que recebeu nos \u00faltimos dias por parta da fam\u00edlia&hellip;\n","protected":false},"author":2,"featured_media":162797,"comment_status":"","ping_status":"","sticky":false,"template":"","format":"standard","meta":{"footnotes":""},"categories":[8],"tags":[27,28,15,16,14,25,26,21,22,12,13,19,20,32,23,24,33,17,18,29,30,31],"class_list":{"0":"post-162796","1":"post","2":"type-post","3":"status-publish","4":"format-standard","5":"has-post-thumbnail","7":"category-principais-noticias","8":"tag-breaking-news","9":"tag-breakingnews","10":"tag-featured-news","11":"tag-featurednews","12":"tag-headlines","13":"tag-latest-news","14":"tag-latestnews","15":"tag-main-news","16":"tag-mainnews","17":"tag-news","18":"tag-noticias","19":"tag-noticias-principais","20":"tag-noticiasprincipais","21":"tag-portugal","22":"tag-principais-noticias","23":"tag-principaisnoticias","24":"tag-pt","25":"tag-top-stories","26":"tag-topstories","27":"tag-ultimas","28":"tag-ultimas-noticias","29":"tag-ultimasnoticias"},"share_on_mastodon":{"url":"https:\/\/pubeurope.com\/@pt\/115601933933845688","error":""},"_links":{"self":[{"href":"https:\/\/www.europesays.com\/pt\/wp-json\/wp\/v2\/posts\/162796","targetHints":{"allow":["GET"]}}],"collection":[{"href":"https:\/\/www.europesays.com\/pt\/wp-json\/wp\/v2\/posts"}],"about":[{"href":"https:\/\/www.europesays.com\/pt\/wp-json\/wp\/v2\/types\/post"}],"author":[{"embeddable":true,"href":"https:\/\/www.europesays.com\/pt\/wp-json\/wp\/v2\/users\/2"}],"replies":[{"embeddable":true,"href":"https:\/\/www.europesays.com\/pt\/wp-json\/wp\/v2\/comments?post=162796"}],"version-history":[{"count":0,"href":"https:\/\/www.europesays.com\/pt\/wp-json\/wp\/v2\/posts\/162796\/revisions"}],"wp:featuredmedia":[{"embeddable":true,"href":"https:\/\/www.europesays.com\/pt\/wp-json\/wp\/v2\/media\/162797"}],"wp:attachment":[{"href":"https:\/\/www.europesays.com\/pt\/wp-json\/wp\/v2\/media?parent=162796"}],"wp:term":[{"taxonomy":"category","embeddable":true,"href":"https:\/\/www.europesays.com\/pt\/wp-json\/wp\/v2\/categories?post=162796"},{"taxonomy":"post_tag","embeddable":true,"href":"https:\/\/www.europesays.com\/pt\/wp-json\/wp\/v2\/tags?post=162796"}],"curies":[{"name":"wp","href":"https:\/\/api.w.org\/{rel}","templated":true}]}}