{"id":162798,"date":"2025-11-24T00:51:20","date_gmt":"2025-11-24T00:51:20","guid":{"rendered":"https:\/\/www.europesays.com\/pt\/162798\/"},"modified":"2025-11-24T00:51:20","modified_gmt":"2025-11-24T00:51:20","slug":"maria-viera-ataca-bruno-nogueira-e-fala-da-sua-ex-a-maria-rueff-que-viveu-com-ele-odeia-o","status":"publish","type":"post","link":"https:\/\/www.europesays.com\/pt\/162798\/","title":{"rendered":"Maria Viera &#8211; Ataca Bruno Nogueira e fala da sua ex: &#8220;A Maria Rueff, que viveu com ele, odeia-o!\u201d"},"content":{"rendered":"<p><strong>Maria Vieira<\/strong> voltou a incendiar as redes sociais com mais uma das suas publica\u00e7\u00f5es explosivas no antigo Twitter,\u00a0agora X. Desta vez, a atriz apontou\u00a0a <strong>Bruno Nogueira<\/strong>, com quem chegou a contracenar no passado. Tudo come\u00e7ou por causa da<a href=\"https:\/\/www.novagente.pt\/bruno-nogueira-brinca-com-susto-de-nuno-markl-nem-um-avc\" rel=\"nofollow noopener\" target=\"_blank\"> piada que Bruno fez sobre o AVC <\/a>do amigo Nuno Markl.<strong> &#8220;O &#8216;Comprido&#8217;\u00a0Bruno Nogueira, um patife da pior esp\u00e9cie, que passa a vida a humilhar e a gozar com o Markl, fez este coment\u00e1rio fofinho sobre o cromo que brinca com legos! Agora imaginem aquilo que os esquerdistas diriam se fosse eu a fazer essa piada de &#8216;humor-preto'&#8221;<\/strong>, come\u00e7ou por escrever.<\/p>\n<p>Noutra\u00a0mensagem, Maria Vieira recordou a \u00e9poca em que trabalharam juntos no Teatro Tivoli e garante que o ambiente nos bastidores estava longe de ser pac\u00edfico. <strong>\u201cEsse gajo \u00e9 um canalha da pior esp\u00e9cie. Fiz uma pe\u00e7a com ele no Tivoli e todos os dias ele esmurrava a porta do meu camarim para me desconcentrar antes da pe\u00e7a come\u00e7ar\u201d<\/strong>, escreveu, afirmando ainda que a situa\u00e7\u00e3o era t\u00e3o tensa que envolveu at\u00e9 o marido. <strong>\u201cO meu marido quis ir ao teatro partir-lhe o focinho mas n\u00e3o deixei.\u201d<\/strong><\/p>\n<p>A pol\u00e9mica n\u00e3o ficou por aqui. A atriz mencionou ainda Maria Rueff, que namorou com Bruno Nogueira, insinuando que tamb\u00e9m ela ter\u00e1 vivido momentos dif\u00edceis ao lado do humorista. <strong>\u201cA Maria Rueff, que viveu com ele, odeia-o!\u201d<\/strong>, afirmou, alimentando ainda mais a controv\u00e9rsia em torno do caso.<\/p>\n<p>Texto: Tiago Miguel Sim\u00f5es; Fotos: Impala e DR<\/p>\n<p class=\"intagram-text\">Siga a Nova Gente no Instagram<\/p>\n<p>                        <a href=\"https:\/\/www.instagram.com\/revistanovagente\/\" target=\"_blank\" aria-label=\"instagram\" rel=\"noopener nofollow\"><img decoding=\"async\" style=\"display: block; margin-left: auto; margin-right: auto; width: 250px; height: 83px;\" src=\"https:\/\/www.europesays.com\/pt\/wp-content\/uploads\/2025\/11\/Instagram_NG.png\" alt=\"instagram\"\/><\/a><br \/>\n                    <script async src=\"\/\/www.instagram.com\/embed.js\"><\/script><\/p>\n","protected":false},"excerpt":{"rendered":"Maria Vieira voltou a incendiar as redes sociais com mais uma das suas publica\u00e7\u00f5es explosivas no antigo Twitter,\u00a0agora&hellip;\n","protected":false},"author":2,"featured_media":162799,"comment_status":"","ping_status":"","sticky":false,"template":"","format":"standard","meta":{"footnotes":""},"categories":[145],"tags":[34521,211,210,114,115,34520,11435,32,33],"class_list":{"0":"post-162798","1":"post","2":"type-post","3":"status-publish","4":"format-standard","5":"has-post-thumbnail","7":"category-celebridades","8":"tag-bruno-nogueira","9":"tag-celebridades","10":"tag-celebrities","11":"tag-entertainment","12":"tag-entretenimento","13":"tag-maria-viera","14":"tag-nuno-markl","15":"tag-portugal","16":"tag-pt"},"share_on_mastodon":{"url":"https:\/\/pubeurope.com\/@pt\/115601937979560249","error":""},"_links":{"self":[{"href":"https:\/\/www.europesays.com\/pt\/wp-json\/wp\/v2\/posts\/162798","targetHints":{"allow":["GET"]}}],"collection":[{"href":"https:\/\/www.europesays.com\/pt\/wp-json\/wp\/v2\/posts"}],"about":[{"href":"https:\/\/www.europesays.com\/pt\/wp-json\/wp\/v2\/types\/post"}],"author":[{"embeddable":true,"href":"https:\/\/www.europesays.com\/pt\/wp-json\/wp\/v2\/users\/2"}],"replies":[{"embeddable":true,"href":"https:\/\/www.europesays.com\/pt\/wp-json\/wp\/v2\/comments?post=162798"}],"version-history":[{"count":0,"href":"https:\/\/www.europesays.com\/pt\/wp-json\/wp\/v2\/posts\/162798\/revisions"}],"wp:featuredmedia":[{"embeddable":true,"href":"https:\/\/www.europesays.com\/pt\/wp-json\/wp\/v2\/media\/162799"}],"wp:attachment":[{"href":"https:\/\/www.europesays.com\/pt\/wp-json\/wp\/v2\/media?parent=162798"}],"wp:term":[{"taxonomy":"category","embeddable":true,"href":"https:\/\/www.europesays.com\/pt\/wp-json\/wp\/v2\/categories?post=162798"},{"taxonomy":"post_tag","embeddable":true,"href":"https:\/\/www.europesays.com\/pt\/wp-json\/wp\/v2\/tags?post=162798"}],"curies":[{"name":"wp","href":"https:\/\/api.w.org\/{rel}","templated":true}]}}