{"id":162810,"date":"2025-11-24T01:13:22","date_gmt":"2025-11-24T01:13:22","guid":{"rendered":"https:\/\/www.europesays.com\/pt\/162810\/"},"modified":"2025-11-24T01:13:22","modified_gmt":"2025-11-24T01:13:22","slug":"imprensa-espanhola-garante-que-real-madrid-tomou-decisao-definitiva-em-relacao-a-vinicius-junior","status":"publish","type":"post","link":"https:\/\/www.europesays.com\/pt\/162810\/","title":{"rendered":"Imprensa espanhola garante que Real Madrid tomou decis\u00e3o definitiva em rela\u00e7\u00e3o a Vin\u00edcius J\u00fanior"},"content":{"rendered":"<p>&#8211; Advertisement &#8211;<\/p>\n<p>O Real Madrid j\u00e1 tem acordo com Vin\u00edcius J\u00fanior para a renova\u00e7\u00e3o de contrato do internacional brasileiro. A informa\u00e7\u00e3o est\u00e1 a ser avan\u00e7ada pelo Fichajes, que indica que o extremo \u00e9 visto como um nome important\u00edssimo para o projeto que est\u00e1 na mente de Florentino P\u00e9rez.<\/p>\n<p>Vin\u00edcius J\u00fanior tem um v\u00ednculo v\u00e1lido at\u00e9 2027 e a data de t\u00e9rmino do seu novo contrato n\u00e3o foi revelada. O canarinho tem 25 anos e na presente temporada leva 16 encontros, com cinco golos e quatro assist\u00eancias. Est\u00e1 a cumprir a sua oitava temporada ao servi\u00e7o do Real Madrid.<\/p>\n<p>O acordo entre as duas partes dever\u00e1 ser confirmado nos pr\u00f3ximo dias pelo emblema da <a href=\"https:\/\/bolanarede.pt\/etiqueta\/la-liga\/\" target=\"_blank\" rel=\"noreferrer noopener nofollow\">La Liga<\/a>.<\/p>\n","protected":false},"excerpt":{"rendered":"&#8211; Advertisement &#8211; O Real Madrid j\u00e1 tem acordo com Vin\u00edcius J\u00fanior para a renova\u00e7\u00e3o de contrato do&hellip;\n","protected":false},"author":2,"featured_media":162811,"comment_status":"","ping_status":"","sticky":false,"template":"","format":"standard","meta":{"footnotes":""},"categories":[87],"tags":[260,135,5705,32,33,2007,134,15529],"class_list":{"0":"post-162810","1":"post","2":"type-post","3":"status-publish","4":"format-standard","5":"has-post-thumbnail","7":"category-desporto","8":"tag-atualidade","9":"tag-desporto","10":"tag-la-liga","11":"tag-portugal","12":"tag-pt","13":"tag-real-madrid","14":"tag-sports","15":"tag-vinicius-junior"},"share_on_mastodon":{"url":"https:\/\/pubeurope.com\/@pt\/115602024356139699","error":""},"_links":{"self":[{"href":"https:\/\/www.europesays.com\/pt\/wp-json\/wp\/v2\/posts\/162810","targetHints":{"allow":["GET"]}}],"collection":[{"href":"https:\/\/www.europesays.com\/pt\/wp-json\/wp\/v2\/posts"}],"about":[{"href":"https:\/\/www.europesays.com\/pt\/wp-json\/wp\/v2\/types\/post"}],"author":[{"embeddable":true,"href":"https:\/\/www.europesays.com\/pt\/wp-json\/wp\/v2\/users\/2"}],"replies":[{"embeddable":true,"href":"https:\/\/www.europesays.com\/pt\/wp-json\/wp\/v2\/comments?post=162810"}],"version-history":[{"count":0,"href":"https:\/\/www.europesays.com\/pt\/wp-json\/wp\/v2\/posts\/162810\/revisions"}],"wp:featuredmedia":[{"embeddable":true,"href":"https:\/\/www.europesays.com\/pt\/wp-json\/wp\/v2\/media\/162811"}],"wp:attachment":[{"href":"https:\/\/www.europesays.com\/pt\/wp-json\/wp\/v2\/media?parent=162810"}],"wp:term":[{"taxonomy":"category","embeddable":true,"href":"https:\/\/www.europesays.com\/pt\/wp-json\/wp\/v2\/categories?post=162810"},{"taxonomy":"post_tag","embeddable":true,"href":"https:\/\/www.europesays.com\/pt\/wp-json\/wp\/v2\/tags?post=162810"}],"curies":[{"name":"wp","href":"https:\/\/api.w.org\/{rel}","templated":true}]}}