{"id":162818,"date":"2025-11-24T01:20:31","date_gmt":"2025-11-24T01:20:31","guid":{"rendered":"https:\/\/www.europesays.com\/pt\/162818\/"},"modified":"2025-11-24T01:20:31","modified_gmt":"2025-11-24T01:20:31","slug":"guterres-pede-planos-claros-para-transicao-dos-combustiveis-fosseis","status":"publish","type":"post","link":"https:\/\/www.europesays.com\/pt\/162818\/","title":{"rendered":"Guterres pede planos claros para transi\u00e7\u00e3o dos combust\u00edveis f\u00f3sseis"},"content":{"rendered":"<p>&#13;<br \/>\nA 30.\u00aa Confer\u00eancia do Clima das Na\u00e7\u00f5es Unidas terminou hoje em Bel\u00e9m, no Brasil, com a aprova\u00e7\u00e3o do &#8220;Mutir\u00e3o&#8221;, um documento que re\u00fane as principais conclus\u00f5es do encontro.&#13;\n<\/p>\n<p>&#13;<br \/>\nPara o l\u00edder da ONU, o evento evidencia &#8220;o reconhecimento da necessidade de levar adiante os resultados do Consenso dos Emirados \u00c1rabes Unidos, que inclui uma transi\u00e7\u00e3o justa, ordenada e equitativa para longe dos combust\u00edveis f\u00f3sseis&#8221;, objetivo que os ambientalistas consideram ter ficado aqu\u00e9m do desejado no encontro.&#13;\n<\/p>\n<p>&#13;<br \/>\nAnt\u00f3nio Guterres divulgou um comunicado sobre os resultados da confer\u00eancia do Brasil durante uma viagem \u00e0 \u00c1frica do Sul, onde participa nas reuni\u00f5es do Encontro de C\u00fapula do G-20, o grupo das maiores economias do mundo.&#13;\n<\/p>\n<p>&#13;<br \/>\nSegundo o secret\u00e1rio-geral, o reconhecimento de que o mundo est\u00e1 a caminhar para um aumento da temperatura acima de 1,5 graus Celsius deve ser levado em conta. &#13;\n<\/p>\n<p>&#13;<br \/>\nNo comunicado, Guterres reconhece as divis\u00f5es durante as negocia\u00e7\u00f5es e a dece\u00e7\u00e3o de muitas pessoas que esperavam um resultado mais ambicioso, e alerta que &#8220;a lacuna entre onde o mundo est\u00e1 e o que a ci\u00eancia exige mant\u00e9m-se perigosamente grande&#8221;.&#13;\n<\/p>\n<p>&#13;<br \/>\n&#8220;Apesar de muitos estarem dececionados, especialmente jovens, povos ind\u00edgenas e aqueles que vivem os efeitos do caos clim\u00e1tico, \u00e9 preciso manter o aquecimento global abaixo de 1,5 graus, que at\u00e9 o final do s\u00e9culo deve continuar a ser linha vermelha da humanidade&#8221;, defendeu.&#13;\n<\/p>\n<p>&#13;<br \/>\nNa sua opini\u00e3o, para isso, &#8220;o caminho s\u00e3o cortes profundos e r\u00e1pidos nas emiss\u00f5es, com planos claros e cr\u00edveis para a transi\u00e7\u00e3o dos combust\u00edveis f\u00f3sseis para a energia limpa&#8221;.&#13;\n<\/p>\n<p>&#13;<br \/>\nGuterres afirma, na nota, que, embora a COP30 tenha terminado, &#8220;o trabalho segue e deve continuar pressionando o mundo por uma maior ambi\u00e7\u00e3o e mais solidariedade&#8221;, e pediu &#8220;a todos os que marcharam, negociaram, aconselharam, relataram e se mobilizaram: n\u00e3o desistam&#8221;.&#13;\n<\/p>\n<p>&#13;<br \/>\n&#8220;O trabalho contra a mudan\u00e7a clim\u00e1tica continua, pois nenhum pa\u00eds pode resolver os desafios da crise clim\u00e1tica sozinho, e a COP30 demonstrou que o multilateralismo est\u00e1 vivo&#8221;, avaliou. &#13;\n<\/p>\n<p>&#13;<br \/>\nNo entanto, para Ant\u00f3nio Guterres, a confer\u00eancia produziu alguns avan\u00e7os, nomeadamente um apelo para triplicar o financiamento da adapta\u00e7\u00e3o energ\u00e9tica at\u00e9 2035 como primeiro passo para reduzir a lacuna da transi\u00e7\u00e3o.&#13;\n<\/p>\n<p>&#13;<br \/>\nAl\u00e9m disso, tamb\u00e9m a cria\u00e7\u00e3o do Mecanismo de Transi\u00e7\u00e3o Justa para apoiar os pa\u00edses na prote\u00e7\u00e3o dos trabalhadores e das comunidades durante a transi\u00e7\u00e3o para energias limpas.&#13;<\/p>\n","protected":false},"excerpt":{"rendered":"&#13; A 30.\u00aa Confer\u00eancia do Clima das Na\u00e7\u00f5es Unidas terminou hoje em Bel\u00e9m, no Brasil, com a aprova\u00e7\u00e3o&hellip;\n","protected":false},"author":2,"featured_media":151896,"comment_status":"","ping_status":"","sticky":false,"template":"","format":"standard","meta":{"footnotes":""},"categories":[8],"tags":[27,28,34526,34527,15,16,14,25,26,21,22,26200,12,13,19,20,32,23,24,33,17,18,29,30,31],"class_list":{"0":"post-162818","1":"post","2":"type-post","3":"status-publish","4":"format-standard","5":"has-post-thumbnail","7":"category-principais-noticias","8":"tag-breaking-news","9":"tag-breakingnews","10":"tag-consenso-emirados-arabes","11":"tag-cupula","12":"tag-featured-news","13":"tag-featurednews","14":"tag-headlines","15":"tag-latest-news","16":"tag-latestnews","17":"tag-main-news","18":"tag-mainnews","19":"tag-mecanismo","20":"tag-news","21":"tag-noticias","22":"tag-noticias-principais","23":"tag-noticiasprincipais","24":"tag-portugal","25":"tag-principais-noticias","26":"tag-principaisnoticias","27":"tag-pt","28":"tag-top-stories","29":"tag-topstories","30":"tag-ultimas","31":"tag-ultimas-noticias","32":"tag-ultimasnoticias"},"share_on_mastodon":{"url":"https:\/\/pubeurope.com\/@pt\/115602052065356449","error":""},"_links":{"self":[{"href":"https:\/\/www.europesays.com\/pt\/wp-json\/wp\/v2\/posts\/162818","targetHints":{"allow":["GET"]}}],"collection":[{"href":"https:\/\/www.europesays.com\/pt\/wp-json\/wp\/v2\/posts"}],"about":[{"href":"https:\/\/www.europesays.com\/pt\/wp-json\/wp\/v2\/types\/post"}],"author":[{"embeddable":true,"href":"https:\/\/www.europesays.com\/pt\/wp-json\/wp\/v2\/users\/2"}],"replies":[{"embeddable":true,"href":"https:\/\/www.europesays.com\/pt\/wp-json\/wp\/v2\/comments?post=162818"}],"version-history":[{"count":0,"href":"https:\/\/www.europesays.com\/pt\/wp-json\/wp\/v2\/posts\/162818\/revisions"}],"wp:featuredmedia":[{"embeddable":true,"href":"https:\/\/www.europesays.com\/pt\/wp-json\/wp\/v2\/media\/151896"}],"wp:attachment":[{"href":"https:\/\/www.europesays.com\/pt\/wp-json\/wp\/v2\/media?parent=162818"}],"wp:term":[{"taxonomy":"category","embeddable":true,"href":"https:\/\/www.europesays.com\/pt\/wp-json\/wp\/v2\/categories?post=162818"},{"taxonomy":"post_tag","embeddable":true,"href":"https:\/\/www.europesays.com\/pt\/wp-json\/wp\/v2\/tags?post=162818"}],"curies":[{"name":"wp","href":"https:\/\/api.w.org\/{rel}","templated":true}]}}