{"id":162819,"date":"2025-11-24T01:21:27","date_gmt":"2025-11-24T01:21:27","guid":{"rendered":"https:\/\/www.europesays.com\/pt\/162819\/"},"modified":"2025-11-24T01:21:27","modified_gmt":"2025-11-24T01:21:27","slug":"paolla-oliveira-desabafa-sobre-pressao-para-ter-filhos-menos-mulher","status":"publish","type":"post","link":"https:\/\/www.europesays.com\/pt\/162819\/","title":{"rendered":"Paolla Oliveira desabafa sobre press\u00e3o para ter filhos: \u2018Menos mulher\u2019"},"content":{"rendered":"<p><\/p>\n<p class=\"texto\">Durante participa\u00e7\u00e3o no programa Ang\u00e9lica ao Vivo, exibido na quinta-feira (20\/11), a atriz Paolla Oliveira voltou a abordar a press\u00e3o social em torno da maternidade. Questionada sobre como lida com o tema, ela lembrou que j\u00e1 se sentiu desconfort\u00e1vel com a cobran\u00e7a, mas que hoje encara a quest\u00e3o com tranquilidade e seguran\u00e7a.<\/p>\n<p class=\"texto\"><strong><a href=\"https:\/\/whatsapp.com\/channel\/0029VaB1U9a002T64ex1Sy2w\" rel=\"nofollow noopener\" target=\"_blank\">Siga o canal do Correio no WhatsApp e receba as principais not\u00edcias do dia no seu celular<\/a><\/strong><\/p>\n<p class=\"texto\">A artista recordou momentos dif\u00edceis, afirmando: &#8220;Eu j\u00e1 passei tanto aperto por n\u00e3o saber o que responder, por ter vergonha de responder, por ficar sem lugar, por achar que eu era menos mulher, menos importante dentro da sociedade por conta disso&#8221;. Paolla Oliveira destacou que encontrar apoio em outras mulheres foi fundamental para se sentir menos sozinha.<\/p>\n<p class=\"texto\">A atriz ressaltou ainda que 37% das mulheres optam por n\u00e3o ter filhos, refor\u00e7ando que cada uma deve seguir o pr\u00f3prio caminho. Ela relembrou que congelou \u00f3vulos para manter essa decis\u00e3o em aberto.<\/p>\n<p class=\"texto\">Segundo a artista, &#8220;Quem sabe da gente \u00e9 a gente, quem sabe se quer ter filhos ou n\u00e3o, se \u00e9 a hora, se n\u00e3o \u00e9, quantos s\u00e3o\u2026 Somos n\u00f3s. Hoje em dia eu respondo: n\u00e3o sei, tenho possibilidades, eu congelei \u00f3vulos&#8221;. Finalizando, afirmou que, caso decida n\u00e3o engravidar, &#8220;n\u00e3o somos menos importantes por isso&#8221;, defendendo o direito de escolha feminina.<\/p>\n<p class=\"texto\">\u00a0<\/p>\n<ul>\n<li><a href=\"https:\/\/wa.me\/?text=Paolla+Oliveira+desabafa+sobre+press%C3%A3o+para+ter+filhos%3A+%E2%80%98Menos+mulher%E2%80%99%20https:\/\/www.correiobraziliense.com.br\/diversao-e-arte\/2025\/11\/7298299-paolla-oliveira-desabafa-sobre-pressao-para-ter-filhos-menos-mulher.html\" target=\"_blank\" title=\"Whatsapp\" aria-label=\"WhatsApp\" rel=\"nofollow noopener\"><\/a><\/li>\n<li><a href=\"https:\/\/www.facebook.com\/sharer.php?u=https:\/\/www.correiobraziliense.com.br%2Fdiversao-e-arte%2F2025%2F11%2F7298299-paolla-oliveira-desabafa-sobre-pressao-para-ter-filhos-menos-mulher.html&amp;text=Paolla+Oliveira+desabafa+sobre+press%C3%A3o+para+ter+filhos%3A+%E2%80%98Menos+mulher%E2%80%99\" target=\"_blank\" title=\"Facebook\" aria-label=\"Facebook\" rel=\"nofollow noopener\"><\/a><\/li>\n<li><a href=\"https:\/\/twitter.com\/intent\/tweet?url=https:\/\/www.correiobraziliense.com.br%2Fdiversao-e-arte%2F2025%2F11%2F7298299-paolla-oliveira-desabafa-sobre-pressao-para-ter-filhos-menos-mulher.html&amp;text=Paolla+Oliveira+desabafa+sobre+press%C3%A3o+para+ter+filhos%3A+%E2%80%98Menos+mulher%E2%80%99\" target=\"_blank\" title=\"Twitter\" aria-label=\"Twitter\" rel=\"nofollow noopener\"><\/a><\/li>\n<li><a href=\"https:\/\/profile.google.com\/cp\/CgovbS8wNzZ0dms1\" title=\"Google Discover\" target=\"_blank\" aria-label=\"Google Discover\" rel=\"nofollow noopener\"><img decoding=\"async\" src=\"https:\/\/www.europesays.com\/pt\/wp-content\/uploads\/2025\/11\/1762975755_52_google-discover-icon.png\" style=\"height: 25px; margin: 0 !important; margin-left: 3px;\" alt=\"Google Discover Icon\"\/><\/a><\/li>\n<\/ul>\n<p>              <a href=\"https:\/\/www.correiobraziliense.com.br\/autor\/observatorio-dos-famosos\/page\/1\/\" style=\"height: 100%;\" rel=\"nofollow noopener\" target=\"_blank\"><img decoding=\"async\" class=\"hidden-print author-circle d-block h6 mt-0 mb-0 mr-6 text-center\" src=\"https:\/\/www.europesays.com\/pt\/wp-content\/uploads\/2025\/07\/logo_observatorio_dos_famosos-29028262.png\" alt=\"\" width=\"40\" height=\"40\" loading=\"lazy\" style=\"object-fit:cover; width: 40px; height: 40px; margin-right:10px;\"\/><\/a><a href=\"https:\/\/www.correiobraziliense.com.br\/autor\/observatorio-dos-famosos\/page\/1\/\" rel=\"nofollow noopener\" target=\"_blank\"><img decoding=\"async\" class=\"hidden-print author-circle d-block h6 mt-0 mb-0 mr-6 text-center\" src=\"https:\/\/www.europesays.com\/pt\/wp-content\/uploads\/2025\/07\/logo_observatorio_dos_famosos-29028262.png\" alt=\"\" width=\"40\" height=\"40\" loading=\"lazy\" style=\"object-fit:cover; width: 40px; height: 40px; margin-right:10px;\"\/><\/a>Observat\u00f3rio dos Famosos  <strong class=\"entryStrongAuthor\"\/><\/p>\n<p>                          <script async src=\"https:\/\/platform.twitter.com\/widgets.js\" charset=\"utf-8\"><\/script><\/p>\n","protected":false},"excerpt":{"rendered":"Durante participa\u00e7\u00e3o no programa Ang\u00e9lica ao Vivo, exibido na quinta-feira (20\/11), a atriz Paolla Oliveira voltou a abordar&hellip;\n","protected":false},"author":2,"featured_media":162820,"comment_status":"","ping_status":"","sticky":false,"template":"","format":"standard","meta":{"footnotes":""},"categories":[145],"tags":[813,1710,211,210,114,115,1650,1015,34528,2927,32,33,3970],"class_list":{"0":"post-162819","1":"post","2":"type-post","3":"status-publish","4":"format-standard","5":"has-post-thumbnail","7":"category-celebridades","8":"tag-atriz","9":"tag-cantor","10":"tag-celebridades","11":"tag-celebrities","12":"tag-entertainment","13":"tag-entretenimento","14":"tag-fotos","15":"tag-instagram","16":"tag-oliveira","17":"tag-paolla-oliveira","18":"tag-portugal","19":"tag-pt","20":"tag-rio"},"share_on_mastodon":{"url":"https:\/\/pubeurope.com\/@pt\/115602056116651519","error":""},"_links":{"self":[{"href":"https:\/\/www.europesays.com\/pt\/wp-json\/wp\/v2\/posts\/162819","targetHints":{"allow":["GET"]}}],"collection":[{"href":"https:\/\/www.europesays.com\/pt\/wp-json\/wp\/v2\/posts"}],"about":[{"href":"https:\/\/www.europesays.com\/pt\/wp-json\/wp\/v2\/types\/post"}],"author":[{"embeddable":true,"href":"https:\/\/www.europesays.com\/pt\/wp-json\/wp\/v2\/users\/2"}],"replies":[{"embeddable":true,"href":"https:\/\/www.europesays.com\/pt\/wp-json\/wp\/v2\/comments?post=162819"}],"version-history":[{"count":0,"href":"https:\/\/www.europesays.com\/pt\/wp-json\/wp\/v2\/posts\/162819\/revisions"}],"wp:featuredmedia":[{"embeddable":true,"href":"https:\/\/www.europesays.com\/pt\/wp-json\/wp\/v2\/media\/162820"}],"wp:attachment":[{"href":"https:\/\/www.europesays.com\/pt\/wp-json\/wp\/v2\/media?parent=162819"}],"wp:term":[{"taxonomy":"category","embeddable":true,"href":"https:\/\/www.europesays.com\/pt\/wp-json\/wp\/v2\/categories?post=162819"},{"taxonomy":"post_tag","embeddable":true,"href":"https:\/\/www.europesays.com\/pt\/wp-json\/wp\/v2\/tags?post=162819"}],"curies":[{"name":"wp","href":"https:\/\/api.w.org\/{rel}","templated":true}]}}