{"id":162825,"date":"2025-11-24T01:27:17","date_gmt":"2025-11-24T01:27:17","guid":{"rendered":"https:\/\/www.europesays.com\/pt\/162825\/"},"modified":"2025-11-24T01:27:17","modified_gmt":"2025-11-24T01:27:17","slug":"leao-nao-tem-descanso-podemos-ter-outro-caso-como-o-do-joao-felix","status":"publish","type":"post","link":"https:\/\/www.europesays.com\/pt\/162825\/","title":{"rendered":"Le\u00e3o n\u00e3o tem &#8216;descanso&#8217;: &#8220;Podemos ter outro caso como o do Jo\u00e3o F\u00e9lix&#8221;"},"content":{"rendered":"<p>Rafael Le\u00e3o voltou, este domingo, a ser tema na imprensa internacional, ap\u00f3s Lucas Biglia, antigo companheiro de equipa, arriscar um progn\u00f3stico sobre o avan\u00e7ado internacional portugu\u00eas, de 26 anos, em entrevista ao Flashscore.<\/p>\n<p>O ex-Sporting \u00e9 um dos principais rostos do plantel do AC Milan, atual 5.\u00ba classificado da Serie A. Na presente \u00e9poca, j\u00e1 s\u00e3o quatro golos na competi\u00e7\u00e3o, mas o registo parece n\u00e3o convencer os cr\u00edticos.<\/p>\n<p>&#8220;Para mim pode ser um jogador de outro patamar. Mas o problema \u00e9 que ele pr\u00f3prio tem de acreditar que o pode ser, caso contr\u00e1rio podemos ter outro caso como o do Jo\u00e3o F\u00e9lix. Um talento assim que n\u00e3o explode totalmente por decis\u00e3o pr\u00f3pria. Tem de mudar e deixar de se impor limites&#8221;, afirmou Lucas Biglia, antigo internacional argentino, que hoje faz parte da equipa t\u00e9cnica do Anderlecht.<\/p>\n<p>A compara\u00e7\u00e3o surge num momento em que Jo\u00e3o F\u00e9lix n\u00e3o conseguiu ainda demonstrar todo o seu potencial, depois de representar equipas como Atl\u00e9tico de Madrid, Chelsea, AC Milan e Barcelona. Atualmente, est\u00e1 nos sauditas do Al Nassr.<\/p>\n<p>Rafael Le\u00e3o tem desempenhado uma nova fun\u00e7\u00e3o no AC Milan desde a chegada de Allegri ao comando t\u00e9cnico.<\/p>\n<p>&#8220;Para ser honesto, gosto do um contra um, mas sabemos que o futebol mudou, \u00e9 mais sobre estat\u00edsticas e eu n\u00e3o gosto disso. Cresci a ver Robinho, Ronaldinho, Quaresma, Cristiano Ronaldo, esse tipo de jogadores, que traziam-me felicidade a v\u00ea-los dentro de campo. Hoje, o mais importante \u00e9 marcar golos e eu quero estar perto dos melhores jogadores na minha nova posi\u00e7\u00e3o. Os melhores jogadores fazem a diferen\u00e7a com os golos e n\u00e3o com os dribles.&#8221;<\/p>\n<p>&#8220;Allegri mudou a minha mentalidade ao colocar-me mais perto do golo. \u00c0s vezes, como extremo, estou demasiado longe da baliza. Se queres ser o jogador decisivo, tens de fazer a diferen\u00e7a dessa maneira&#8221;, afirmou Rafael Le\u00e3o.<\/p>\n<p>D\u00e9rbi de Mil\u00e3o este domingo<\/p>\n<p>A 12.\u00aa jornada da Serie A coloca frente a frente Inter e AC Milan, este domingo, a partir das 19h45 (hor\u00e1rio de Portugal Continental).<\/p>\n<p>O treinador do AC Milan foi confrontado com o favoritismo que est\u00e1 a ser atribu\u00eddo ao Inter a partir da casa de apostas. Allegri deixou elogios ao rival, mas lembrou que nos d\u00e9rbis s\u00e3o os pormenores que fazem a diferen\u00e7a.\u00a0<\/p>\n<p>&#8220;Antes de mais, um jogo come\u00e7a sempre 0 a 0. O Inter \u00e9 uma equipa forte, em excelente condi\u00e7\u00e3o f\u00edsica e t\u00e9cnica, mas n\u00f3s tamb\u00e9m. S\u00e3o fisicamente fortes, t\u00eam bons finalizadores e solu\u00e7\u00f5es dentro da \u00e1rea. S\u00e3o a primeiro equipa em It\u00e1lia no cap\u00edtulo de finaliza\u00e7\u00f5es para golo e a equipa que menos sofre golos. Precisamos de jogar da maneira correta. Quando se jogam partidas importantes como esta, \u00e9 preciso ter muito cuidado, porque s\u00e3o os detalhes fazem a diferen\u00e7a&#8221;, alertou Allegri.\u00a0<\/p>\n<p>As contas da Serie A<\/p>\n<p>Neste momento, a AS Roma lidera o campeonato, com 27 pontos, mais dois que o Napoli, atual campe\u00e3o em t\u00edtulo, e advers\u00e1rio do Benfica na fase de liga da Liga dos Campe\u00f5es. O Inter, vice-campe\u00e3o europeu, poder\u00e1 ascender ao topo, em igualdade pontual, em caso de vit\u00f3ria sobre o eterno rival.<\/p>\n<p>Leia Tamb\u00e9m: <a href=\"https:\/\/www.noticiasaominuto.com\/desporto\/2892354\/em-direto-atletico-benfica-abre-hostilidades-da-4-eliminatoria-da-taca\" target=\"_blank\" rel=\"noopener noreferrer nofollow\">EM DIRETO: Fafe elimina Arouca. Leix\u00f5es, Farense e Santa Clara em a\u00e7\u00e3o<\/a><\/p>\n<p>Leia Tamb\u00e9m: <a href=\"https:\/\/www.noticiasaominuto.com\/desporto\/2892706\/em-direto-burnley-chelsea-abre-a-12-jornada-da-premier-league\" target=\"_blank\" rel=\"noopener noreferrer nofollow\">EM DIRETO: Leeds-Aston Villa abre domingo de Premier League<\/a><\/p>\n","protected":false},"excerpt":{"rendered":"Rafael Le\u00e3o voltou, este domingo, a ser tema na imprensa internacional, ap\u00f3s Lucas Biglia, antigo companheiro de equipa,&hellip;\n","protected":false},"author":2,"featured_media":162826,"comment_status":"","ping_status":"","sticky":false,"template":"","format":"standard","meta":{"footnotes":""},"categories":[87],"tags":[135,32,33,134],"class_list":{"0":"post-162825","1":"post","2":"type-post","3":"status-publish","4":"format-standard","5":"has-post-thumbnail","7":"category-desporto","8":"tag-desporto","9":"tag-portugal","10":"tag-pt","11":"tag-sports"},"share_on_mastodon":{"url":"https:\/\/pubeurope.com\/@pt\/115602079794225232","error":""},"_links":{"self":[{"href":"https:\/\/www.europesays.com\/pt\/wp-json\/wp\/v2\/posts\/162825","targetHints":{"allow":["GET"]}}],"collection":[{"href":"https:\/\/www.europesays.com\/pt\/wp-json\/wp\/v2\/posts"}],"about":[{"href":"https:\/\/www.europesays.com\/pt\/wp-json\/wp\/v2\/types\/post"}],"author":[{"embeddable":true,"href":"https:\/\/www.europesays.com\/pt\/wp-json\/wp\/v2\/users\/2"}],"replies":[{"embeddable":true,"href":"https:\/\/www.europesays.com\/pt\/wp-json\/wp\/v2\/comments?post=162825"}],"version-history":[{"count":0,"href":"https:\/\/www.europesays.com\/pt\/wp-json\/wp\/v2\/posts\/162825\/revisions"}],"wp:featuredmedia":[{"embeddable":true,"href":"https:\/\/www.europesays.com\/pt\/wp-json\/wp\/v2\/media\/162826"}],"wp:attachment":[{"href":"https:\/\/www.europesays.com\/pt\/wp-json\/wp\/v2\/media?parent=162825"}],"wp:term":[{"taxonomy":"category","embeddable":true,"href":"https:\/\/www.europesays.com\/pt\/wp-json\/wp\/v2\/categories?post=162825"},{"taxonomy":"post_tag","embeddable":true,"href":"https:\/\/www.europesays.com\/pt\/wp-json\/wp\/v2\/tags?post=162825"}],"curies":[{"name":"wp","href":"https:\/\/api.w.org\/{rel}","templated":true}]}}