{"id":162827,"date":"2025-11-24T01:28:17","date_gmt":"2025-11-24T01:28:17","guid":{"rendered":"https:\/\/www.europesays.com\/pt\/162827\/"},"modified":"2025-11-24T01:28:17","modified_gmt":"2025-11-24T01:28:17","slug":"inteligencia-georreferenciada-mantem-parana-livre-de-casos-locais-de-febre-amarela-hoje-no-centro-sul","status":"publish","type":"post","link":"https:\/\/www.europesays.com\/pt\/162827\/","title":{"rendered":"Intelig\u00eancia georreferenciada mant\u00e9m Paran\u00e1 livre de casos locais de febre amarela &#8211; Hoje no Centro Sul"},"content":{"rendered":"<p>A Secretaria de Estado da Sa\u00fade (Sesa) utiliza tecnologia de ponta para fortalecer a vigil\u00e2ncia no Paran\u00e1. O Estado \u00e9 um dos pioneiros na aplica\u00e7\u00e3o do Sistema de Informa\u00e7\u00e3o em Sa\u00fade Silvestre \u2013 Georreferenciado, o- SISS-Geo. Criada pela Funda\u00e7\u00e3o Oswaldo Cruz (Fiocruz), a ferramenta \u00e9 fundamental no monitoramento em tempo real de Primatas N\u00e3o Humanos (PNH), os macacos, que funcionam como sentinelas naturais da febre amarela. Essa atua\u00e7\u00e3o contribui com o atual cen\u00e1rio de n\u00e3o haver registros de casos humanos.<\/p>\n<p>A febre amarela \u00e9 doen\u00e7a viral infecciosa e febril aguda, transmitida pela picada de mosquitos. O SISS-Geo faz o monitoramento nos 399 munic\u00edpios do Estado. De acordo com o \u00faltimo Informe Epidemiol\u00f3gico da febre amarela, divulgado entre julho de 2024 e junho de 2025, o SISS-Geo registrou 101 notifica\u00e7\u00f5es de epizootias (macacos doentes ou mortos) em 23 munic\u00edpios do Paran\u00e1. Desse total, nenhuma foi confirmada para febre amarela, resultado da efic\u00e1cia da vigil\u00e2ncia. Foram 44 casos humanos notificados, com nenhum confirmado.<\/p>\n<p>O secret\u00e1rio estadual da Sa\u00fade, Beto Preto, ressalta o papel do Estado na prote\u00e7\u00e3o da popula\u00e7\u00e3o. \u201cNossa maior prioridade \u00e9 evitar que a doen\u00e7a chegue ao ser humano. O SISS-Geo \u00e9 um sistema do Minist\u00e9rio da Sa\u00fade que o Paran\u00e1 soube utilizar de forma pioneira para transformar o registro de um macaco em um alerta sanit\u00e1rio em tempo real. Essa ferramenta nos permite agir com precis\u00e3o cir\u00fargica, refor\u00e7ando a vacina\u00e7\u00e3o e a prote\u00e7\u00e3o da popula\u00e7\u00e3o antes que o v\u00edrus se propague\u201d.<\/p>\n<p>PIONEIRISMO E TECNOLOGIA \u2014 O Paran\u00e1 foi piloto na aplica\u00e7\u00e3o do sistema entre 2018 e 2019. Hoje, o Estado exige a obrigatoriedade da notifica\u00e7\u00e3o via SISS-Geo junto ao Sistema de Informa\u00e7\u00e3o de Agravos de Notifica\u00e7\u00e3o (Sinam) para casos de febre amarela. \u201cO sistema garante que a vigil\u00e2ncia seja precisa, pois a notifica\u00e7\u00e3o \u2014 que inclui a foto, esp\u00e9cie do animal e coordenadas \u2014 chega \u00e0 equipe t\u00e9cnica da Divis\u00e3o de Doen\u00e7as Transmitidas por Vetores (DVDTV), Regional de Sa\u00fade e Secretaria Municipal em tempo real\u201d, observou a coordenadora da Vigil\u00e2ncia Ambiental, Ivana Belmonte.<\/p>\n<p>Essa log\u00edstica permite \u00e0 Sesa fazer o mapeamento da \u00e1rea, verificar a proximidade de humanos e decidir se h\u00e1 tempo para coleta da amostra. O aplicativo \u00e9 georreferenciado e funciona via sat\u00e9lite, o que significa que n\u00e3o precisa de internet para pegar as coordenadas em \u00e1reas de mata. Al\u00e9m disso, o SISS-Geo \u00e9 um aplicativo gratuito que qualquer pessoa pode usar para enviar fotos de animais e receber a identifica\u00e7\u00e3o da esp\u00e9cie.<\/p>\n<p>Um exemplo da posi\u00e7\u00e3o de refer\u00eancia do Estado \u00e9 o projeto de S\u00e3o Jos\u00e9 dos Pinhais, que usou a plataforma SISS-Geo e recebeu um pr\u00eamio Internacional. A iniciativa da cidade da Regi\u00e3o Metropolitana de Curitiba teve a parceria da Sesa, Fiocruz, e da Coordena\u00e7\u00e3o Geral de Vigil\u00e2ncia das Arboviroses da Secretaria de Vigil\u00e2ncia em Sa\u00fade do Minist\u00e9rio da Sa\u00fade. Essa estrat\u00e9gia de monitoramento de febre amarela rendeu ao munic\u00edpio, em 2021, o reconhecimento no 5\u00ba Pr\u00eamio Internacional Guangzhou, que reconhece pr\u00e1ticas inovadoras de sustentabilidade urbana.<\/p>\n<p>ALERTA DA VIGIL\u00c2NCIA \u2014 A diretora de Aten\u00e7\u00e3o e Vigil\u00e2ncia em Sa\u00fade refor\u00e7ou que, mesmo com os indicadores positivos, s\u00e3o essenciais a vacina\u00e7\u00e3o e os cuidados preventivos. \u201c\u00c9 fundamental refor\u00e7ar que a vacina \u00e9 a \u00fanica forma comprovada de defesa e que, ao sair para \u00e1reas de mata, os paranaenses n\u00e3o podem abrir m\u00e3o dos cuidados preventivos, como o uso de repelente e roupas longas\u201d, alertou.<\/p>\n<p>COBERTURA VACINAL \u2014 Dispon\u00edvel em todas as unidades de sa\u00fade do Paran\u00e1, a vacina \u00e9 a \u00fanica forma comprovada de preven\u00e7\u00e3o. Nesse quesito, o Estado registra 75,59% de cobertura vacinal, enquanto a m\u00e9dia nacional \u00e9 de 72,34%. O imunizante leva cerca de 10 dias para garantir a prote\u00e7\u00e3o completa.<\/p>\n<p>Para quem vive ou circula em \u00e1reas de mata, a Sesa tamb\u00e9m recomenda o uso de roupas de manga longa, cal\u00e7a comprida e repelente como medidas adicionais de seguran\u00e7a. Em 2022 foi confirmado um caso humano importado, com Local Prov\u00e1vel de Infec\u00e7\u00e3o (LPI) no estado de Tocantins (TO), que evoluiu para cura.<\/p>\n<p>FEBRE AMARELA \u2013 A Febre Amarela \u00e9 uma doen\u00e7a viral infecciosa e febril aguda, transmitida pela picada de mosquitos. No Brasil, existem dois ciclos de transmiss\u00e3o: o silvestre, onde macacos e mosquitos silvestres atuam, e o urbano, transmitido pelo mosquito Aedes aegypti (o mesmo da dengue), mas esse n\u00e3o \u00e9 registrado no Brasil desde 1942. Vale refor\u00e7ar que os macacos n\u00e3o transmitem febre amarela. Eles s\u00e3o cruciais como sentinelas naturais, pois adoecem e morrem antes dos humanos, alertando que o v\u00edrus est\u00e1 circulando na regi\u00e3o.<\/p>\n<p>Ag\u00eancia Estadual<\/p>\n","protected":false},"excerpt":{"rendered":"A Secretaria de Estado da Sa\u00fade (Sesa) utiliza tecnologia de ponta para fortalecer a vigil\u00e2ncia no Paran\u00e1. O&hellip;\n","protected":false},"author":2,"featured_media":162828,"comment_status":"","ping_status":"","sticky":false,"template":"","format":"standard","meta":{"footnotes":""},"categories":[86],"tags":[116,32,33,117],"class_list":{"0":"post-162827","1":"post","2":"type-post","3":"status-publish","4":"format-standard","5":"has-post-thumbnail","7":"category-saude","8":"tag-health","9":"tag-portugal","10":"tag-pt","11":"tag-saude"},"share_on_mastodon":{"url":"https:\/\/pubeurope.com\/@pt\/115602083260376139","error":""},"_links":{"self":[{"href":"https:\/\/www.europesays.com\/pt\/wp-json\/wp\/v2\/posts\/162827","targetHints":{"allow":["GET"]}}],"collection":[{"href":"https:\/\/www.europesays.com\/pt\/wp-json\/wp\/v2\/posts"}],"about":[{"href":"https:\/\/www.europesays.com\/pt\/wp-json\/wp\/v2\/types\/post"}],"author":[{"embeddable":true,"href":"https:\/\/www.europesays.com\/pt\/wp-json\/wp\/v2\/users\/2"}],"replies":[{"embeddable":true,"href":"https:\/\/www.europesays.com\/pt\/wp-json\/wp\/v2\/comments?post=162827"}],"version-history":[{"count":0,"href":"https:\/\/www.europesays.com\/pt\/wp-json\/wp\/v2\/posts\/162827\/revisions"}],"wp:featuredmedia":[{"embeddable":true,"href":"https:\/\/www.europesays.com\/pt\/wp-json\/wp\/v2\/media\/162828"}],"wp:attachment":[{"href":"https:\/\/www.europesays.com\/pt\/wp-json\/wp\/v2\/media?parent=162827"}],"wp:term":[{"taxonomy":"category","embeddable":true,"href":"https:\/\/www.europesays.com\/pt\/wp-json\/wp\/v2\/categories?post=162827"},{"taxonomy":"post_tag","embeddable":true,"href":"https:\/\/www.europesays.com\/pt\/wp-json\/wp\/v2\/tags?post=162827"}],"curies":[{"name":"wp","href":"https:\/\/api.w.org\/{rel}","templated":true}]}}