{"id":162837,"date":"2025-11-24T01:40:28","date_gmt":"2025-11-24T01:40:28","guid":{"rendered":"https:\/\/www.europesays.com\/pt\/162837\/"},"modified":"2025-11-24T01:40:28","modified_gmt":"2025-11-24T01:40:28","slug":"hugh-jackman-responde-se-pode-aparecer-como-o-wolverine-em-vingadores-apocalipse","status":"publish","type":"post","link":"https:\/\/www.europesays.com\/pt\/162837\/","title":{"rendered":"Hugh Jackman responde se pode aparecer como o Wolverine em &#8216;Vingadores: Apocalipse&#8217;"},"content":{"rendered":"<p>Apesar do an\u00fancio do retorno de diversos mutantes dos<strong> \u2018X-Men\u2019<\/strong> em <strong>\u2018Vingadores: Apocalipse\u2019<\/strong>,<strong> Hugh Jackman<\/strong>, o ic\u00f4nico Wolverine, n\u00e3o foi oficialmente confirmado no elenco do novo longa da <a href=\"https:\/\/cinepop.com.br\/tag\/marvel\/\" title=\"Marvel\" rel=\"nofollow noopener\" target=\"_blank\">Marvel<\/a>.<\/p>\n<p>Em entrevista ao TheGNShow, <strong>Jackman<\/strong> falou sobre um poss\u00edvel retorno como Wolverine nos pr\u00f3ximos filmes dos \u2018<strong>Vingadores<\/strong>\u2018:<\/p>\n<p>\u201cTalvez. Nunca mais direi \u2018nunca\u2019\u2026 J\u00e1 fiz dez filmes, ent\u00e3o acho que j\u00e1 t\u00eam material suficiente para uma vers\u00e3o minha feita por intelig\u00eancia artificial.\u201d<\/p>\n<p>Segundo o <a href=\"https:\/\/comicbookmovie.com\/avengers\/avengers-doomsday\/hugh-jackman-rumored-to-return-as-wolverine-for-avengers-doomsday-despite-being-absent-from-cast-reveal-a217436#gs.lf9obi\" rel=\"nofollow noopener\" target=\"_blank\">ComicBookMovie,<\/a>\u00a0<strong>Jackman<\/strong> deve se juntar a seus colegas de<strong> \u2018X-Men\u2019<\/strong> no filme. Essa informa\u00e7\u00e3o contrasta com a expectativa de que o retorno de <strong>Jackman<\/strong> ao papel de Logan ocorreria apenas em <strong>\u2018Guerras Secretas\u2019<\/strong>.<\/p>\n<p>A presen\u00e7a de tantos personagens dos filmes originais dos <strong>\u2018X-Men\u2019<\/strong> da 20th Century Fox, tem aumentado as teorias de que o longa vai apresentar um conflito entre Vingadores e X-Men, com o Doutor Destino (<strong><a href=\"https:\/\/cinepop.com.br\/tag\/robert-downey-jr\/\" title=\"Robert Downey Jr\" rel=\"nofollow noopener\" target=\"_blank\">Robert Downey Jr<\/a>.<\/strong>) liderando os mutantes para a guerra contra os Her\u00f3is Mais Poderosos da Terra.<\/p>\n<p>Um rumor anterior indicava que Destino poderia formar uma equipe de variantes \u201cm\u00e1s\u201d dos Vingadores para<strong> \u2018Guerras Secretas\u2019<\/strong>, mas n\u00e3o h\u00e1 ind\u00edcios do retorno de <strong>Chris Evans<\/strong> (Capit\u00e3o Am\u00e9rica), <strong>Scarlett Johansson<\/strong> (Vi\u00fava Negra) ou outros Vingadores originais em <strong>\u2018Apocalipse\u2019<\/strong>.<\/p>\n<p><img fetchpriority=\"high\" decoding=\"async\" class=\"wp-image-556115 size-large\" src=\"https:\/\/www.europesays.com\/pt\/wp-content\/uploads\/2025\/08\/robert-downey-jr-dr-destino-marvel-vingadores-1024x576.webp.webp\" alt=\"robert downey jr dr destino marvel vingadores\" width=\"1024\" height=\"576\"  \/><a href=\"https:\/\/cinepop.com.br\/tag\/robert-downey-jr\/\" title=\"robert downey jr\" rel=\"nofollow noopener\" target=\"_blank\">robert downey jr<\/a> dr destino <a href=\"https:\/\/cinepop.com.br\/tag\/marvel\/\" title=\"marvel\" rel=\"nofollow noopener\" target=\"_blank\">marvel<\/a> vingadores<\/p>\n<p>Com poucos detalhes revelados, sabe-se que\u00a0<strong><a href=\"https:\/\/cinepop.com.br\/tag\/robert-downey-jr\/\" title=\"Robert Downey Jr\" rel=\"nofollow noopener\" target=\"_blank\">Robert Downey Jr<\/a>.<\/strong> ir\u00e1 retornar ao\u00a0<strong>Universo Cinem\u00e1tico <a href=\"https:\/\/cinepop.com.br\/tag\/marvel\/\" title=\"Marvel\" rel=\"nofollow noopener\" target=\"_blank\">Marvel<\/a><\/strong>, dessa vez dando vida ao antagonista Victor von Doom\/Doutor Destino.<\/p>\n<p>Vale lembrar que recentes rumores apontam que Deadpool, Wolverine, Homem-Aranha, Quarteto Fant\u00e1stico, Thunderbolts, Jovens Vingadores, Doutor Estranho, Clea, Hulk, Mulher-Hulk, Shang-Chi, Pantera Negra (Shuri), Sam Wilson, Capit\u00e3 <a href=\"https:\/\/cinepop.com.br\/tag\/marvel\/\" title=\"Marvel\" rel=\"nofollow noopener\" target=\"_blank\">Marvel<\/a>, Monica Rambeau, Cavaleiro da Lua, Demolidor, Gavi\u00e3o Arqueiro, Senhor das Estrelas, Loki, Thor, Vis\u00e3o Branco, Wanda, Agatha Harkness, Homem-Formiga, M\u00e1quina de Combate e Pepper Potts devem aparecer em ambos os projetos.<\/p>\n<p><strong>\u2018Vingadores: Apocalipse\u2019<\/strong> chega aos cinemas no dia\u00a0<strong>01 de maio de 2026<\/strong>, enquanto\u00a0<strong>\u2018Vingadores: Guerras Secretas\u2019<\/strong> tem estreia agendada para\u00a0<strong>07 de maio de 2027<\/strong>.<\/p>\n","protected":false},"excerpt":{"rendered":"Apesar do an\u00fancio do retorno de diversos mutantes dos \u2018X-Men\u2019 em \u2018Vingadores: Apocalipse\u2019, Hugh Jackman, o ic\u00f4nico Wolverine,&hellip;\n","protected":false},"author":2,"featured_media":162838,"comment_status":"","ping_status":"","sticky":false,"template":"","format":"standard","meta":{"footnotes":""},"categories":[140],"tags":[13292,114,115,147,148,13299,792,12733,11189,146,32,33,13306,13310],"class_list":{"0":"post-162837","1":"post","2":"type-post","3":"status-publish","4":"format-standard","5":"has-post-thumbnail","7":"category-filmes","8":"tag-anthony-e-joe-russo","9":"tag-entertainment","10":"tag-entretenimento","11":"tag-film","12":"tag-filmes","13":"tag-irmaos-russo","14":"tag-marvel","15":"tag-marvel-studios","16":"tag-mcu","17":"tag-movies","18":"tag-portugal","19":"tag-pt","20":"tag-robert-downey-jr","21":"tag-universo-cinematico-marvel"},"share_on_mastodon":{"url":"https:\/\/pubeurope.com\/@pt\/115602130800469556","error":""},"_links":{"self":[{"href":"https:\/\/www.europesays.com\/pt\/wp-json\/wp\/v2\/posts\/162837","targetHints":{"allow":["GET"]}}],"collection":[{"href":"https:\/\/www.europesays.com\/pt\/wp-json\/wp\/v2\/posts"}],"about":[{"href":"https:\/\/www.europesays.com\/pt\/wp-json\/wp\/v2\/types\/post"}],"author":[{"embeddable":true,"href":"https:\/\/www.europesays.com\/pt\/wp-json\/wp\/v2\/users\/2"}],"replies":[{"embeddable":true,"href":"https:\/\/www.europesays.com\/pt\/wp-json\/wp\/v2\/comments?post=162837"}],"version-history":[{"count":0,"href":"https:\/\/www.europesays.com\/pt\/wp-json\/wp\/v2\/posts\/162837\/revisions"}],"wp:featuredmedia":[{"embeddable":true,"href":"https:\/\/www.europesays.com\/pt\/wp-json\/wp\/v2\/media\/162838"}],"wp:attachment":[{"href":"https:\/\/www.europesays.com\/pt\/wp-json\/wp\/v2\/media?parent=162837"}],"wp:term":[{"taxonomy":"category","embeddable":true,"href":"https:\/\/www.europesays.com\/pt\/wp-json\/wp\/v2\/categories?post=162837"},{"taxonomy":"post_tag","embeddable":true,"href":"https:\/\/www.europesays.com\/pt\/wp-json\/wp\/v2\/tags?post=162837"}],"curies":[{"name":"wp","href":"https:\/\/api.w.org\/{rel}","templated":true}]}}