{"id":162839,"date":"2025-11-24T01:41:24","date_gmt":"2025-11-24T01:41:24","guid":{"rendered":"https:\/\/www.europesays.com\/pt\/162839\/"},"modified":"2025-11-24T01:41:24","modified_gmt":"2025-11-24T01:41:24","slug":"salvio-supera-hulk-e-lanus-vence-sul-americana-nos-penaltis","status":"publish","type":"post","link":"https:\/\/www.europesays.com\/pt\/162839\/","title":{"rendered":"Salvio supera Hulk e Lan\u00fas vence Sul-Americana nos pen\u00e1ltis"},"content":{"rendered":"<p>O Lan\u00fas, clube argentino, conquistou a Ta\u00e7a Sul-Americana. A segunda da hist\u00f3ria do clube. Na final, os \u00abgranate\u00bb venceram o Atl\u00e9tico Mineiro, do Brasil, nas grandes penalidades.<\/p>\n<blockquote class=\"twitter-tweet\">\n<p lang=\"es\">FINAL DEL PARTIDO EN ASUNCI\u00d3N DEL PARAGUAY<br \/>\u00a0<\/p>\n<p>EL CLUB ATL\u00c9TICO LAN\u00daS ES CAMPE\u00d3N DE LA COPA CONMEBOL SUDAMERICANA 2025 <a href=\"https:\/\/t.co\/NSADFElXZt\" rel=\"nofollow\">pic.twitter.com\/NSADFElXZt<\/a><\/p>\n<p>\u00a0<\/p>\n<p> \u2014 Club Lan\u00fas (@clublanus)<br \/>\n  <a href=\"https:\/\/twitter.com\/clublanus\/status\/1992365429663334675?ref_src=twsrc%5Etfw\" rel=\"nofollow noopener\" target=\"_blank\">November 22, 2025<\/a>\n <\/p><\/blockquote>\n<p>Do lado do Lan\u00fas, Eduardo Salvio, ex-Benfica, foi titular e jogou at\u00e9 aos 94 minutos. <a href=\"http:\/\/O Lan\u00fas, clube argentino, conquistou a Ta\u00e7a Sul-Americana. A segunda hist\u00f3ria. Na final, os \u00abgranate\u00bb venceram o Atl\u00e9tico Mineiro, do Brasil, nas grandes penalidades.  Do lado do Lan\u00fas, Eduardo Salvio, ex-Benfica, foi titular e jogou at\u00e9 aos 94 minutos. O antigo jogador das \u00e1guias, recorde-se, esteve envolvido na pol\u00e9mica qualifica\u00e7\u00e3o para a final. Pelos brasileiros, Hulk, ex-FC Porto, foi titular e jogou toda a parte e Biel, emprestado pelo Sporting, entrou no decorrer do prolongamento (94m).  O nulo manteve-se durante toda a partida e os golos surgiram apenas no desempate das grande penalidades. Ainda assim, houve quem desperdi\u00e7asse a oportunidade: Hulk e Biel foram dois deles.  No final, o Lan\u00fas venceu (5-4) e conquistou a segunda Ta\u00e7a Sul-Americana da hist\u00f3ria. A outra tinha sido conquistada em 2013. J\u00e1 o Atl\u00e9tico Mineiro perdeu a segunda final de competi\u00e7\u00f5es intercontinentais seguidas. No ano passado caiu na final da LIbertadores frente ao Botafogo do Artur Jorge.\">O antigo jogador das \u00e1guias, recorde-se, esteve envolvido na pol\u00e9mica qualifica\u00e7\u00e3o para a fina<\/a>l. Pelos brasileiros, Hulk, ex-FC Porto, foi titular e jogou toda a partida e Biel, emprestado pelo Sporting, entrou no decorrer do prolongamento (94m).<\/p>\n<p>O nulo manteve-se durante toda a partida e os golos surgiram apenas no desempate das grande penalidades. Ainda assim, houve quem desperdi\u00e7asse a oportunidade: Hulk e Biel foram dois deles.<\/p>\n<p>No final, o Lan\u00fas venceu (5-4) e conquistou a segunda Ta\u00e7a Sul-Americana da hist\u00f3ria. A outra tinha sido conquistada em 2013. Este foi o terceiro encontro entre estas equipas em finais, a primeiras vez que os argentinos venceram. Antes o Atl\u00e9tico Mineiro saiu vencedor na extinta Ta\u00e7a Conmebol (1997) e na Superta\u00e7a Sul-americana (2014).<\/p>\n<blockquote class=\"twitter-tweet\">\n<p lang=\"es\">\ud83d\ude0e\ud83c\uddf1\ud83c\uddfb \u00a1LA TERCERA FUE LA VENCIDA PARA EL GRANATE ANTE ATL\u00c9TICO MINEIRO!<\/p>\n<p>\u274c EN 1997, Lan\u00fas PERDI\u00d3 LA FINAL de la Copa CONMEBOL en manos del Galo.<\/p>\n<p>\u274c EN 2014, CAY\u00d3 en LA FINAL de la RECOPA Sudamericana, tambi\u00e9n ante conjunto de Belo Horizonte.<\/p>\n<p>\u2705 En 2025, SE TOM\u00d3 REVANCHA y\u2026 <a href=\"https:\/\/t.co\/aUSQeBnTEZ\" rel=\"nofollow\">pic.twitter.com\/aUSQeBnTEZ<\/a><\/p>\n<p> \u2014 ESPN Argentina (@ESPNArgentina)<br \/>\n  <a href=\"https:\/\/twitter.com\/ESPNArgentina\/status\/1992370271655780771?ref_src=twsrc%5Etfw\" rel=\"nofollow noopener\" target=\"_blank\">November 22, 2025<\/a>\n <\/p><\/blockquote>\n<p>J\u00e1 o Atl\u00e9tico Mineiro perdeu a segunda final de competi\u00e7\u00f5es intercontinentais seguidas. No ano passado <a href=\"https:\/\/maisfutebol.iol.pt\/internacional\/botafogo\/botafogo-vence-final-epica-e-artur-jorge-e-campeao-da-libertadores\" rel=\"nofollow noopener\" target=\"_blank\">caiu na final da LIbertadores frente ao Botafogo do Artur Jorge.\u00a0<\/a>Este \u00e9 o segundo ano consecutivo em que uma equipa argentina vence esta competi\u00e7\u00e3o. O ano passado foi o Racing o vencedor. A \u00faltima vez que uma equipa brasileira venceu a Sul-Americana foi em 2021, na altura o\u00a0Athletico Paranaense.<\/p>\n<p>                                <script async src=\"https:\/\/platform.twitter.com\/widgets.js\" charset=\"utf-8\"><\/script><\/p>\n","protected":false},"excerpt":{"rendered":"O Lan\u00fas, clube argentino, conquistou a Ta\u00e7a Sul-Americana. A segunda da hist\u00f3ria do clube. Na final, os \u00abgranate\u00bb&hellip;\n","protected":false},"author":2,"featured_media":162840,"comment_status":"","ping_status":"","sticky":false,"template":"","format":"standard","meta":{"footnotes":""},"categories":[87],"tags":[727,725,135,24740,82,34462,46,32,33,47,527,5434,5920,34531,134,34530],"class_list":{"0":"post-162839","1":"post","2":"type-post","3":"status-publish","4":"format-standard","5":"has-post-thumbnail","7":"category-desporto","8":"tag-atletico-mineiro","9":"tag-biel","10":"tag-desporto","11":"tag-hulk","12":"tag-internacional","13":"tag-lanus","14":"tag-maisfutebol","15":"tag-portugal","16":"tag-pt","17":"tag-pura-paixao","18":"tag-resultados","19":"tag-resultados-hoje","20":"tag-resultados-maisfutebol","21":"tag-salvio","22":"tag-sports","23":"tag-sul-americana"},"share_on_mastodon":{"url":"https:\/\/pubeurope.com\/@pt\/115602134470686654","error":""},"_links":{"self":[{"href":"https:\/\/www.europesays.com\/pt\/wp-json\/wp\/v2\/posts\/162839","targetHints":{"allow":["GET"]}}],"collection":[{"href":"https:\/\/www.europesays.com\/pt\/wp-json\/wp\/v2\/posts"}],"about":[{"href":"https:\/\/www.europesays.com\/pt\/wp-json\/wp\/v2\/types\/post"}],"author":[{"embeddable":true,"href":"https:\/\/www.europesays.com\/pt\/wp-json\/wp\/v2\/users\/2"}],"replies":[{"embeddable":true,"href":"https:\/\/www.europesays.com\/pt\/wp-json\/wp\/v2\/comments?post=162839"}],"version-history":[{"count":0,"href":"https:\/\/www.europesays.com\/pt\/wp-json\/wp\/v2\/posts\/162839\/revisions"}],"wp:featuredmedia":[{"embeddable":true,"href":"https:\/\/www.europesays.com\/pt\/wp-json\/wp\/v2\/media\/162840"}],"wp:attachment":[{"href":"https:\/\/www.europesays.com\/pt\/wp-json\/wp\/v2\/media?parent=162839"}],"wp:term":[{"taxonomy":"category","embeddable":true,"href":"https:\/\/www.europesays.com\/pt\/wp-json\/wp\/v2\/categories?post=162839"},{"taxonomy":"post_tag","embeddable":true,"href":"https:\/\/www.europesays.com\/pt\/wp-json\/wp\/v2\/tags?post=162839"}],"curies":[{"name":"wp","href":"https:\/\/api.w.org\/{rel}","templated":true}]}}