{"id":162847,"date":"2025-11-24T01:49:11","date_gmt":"2025-11-24T01:49:11","guid":{"rendered":"https:\/\/www.europesays.com\/pt\/162847\/"},"modified":"2025-11-24T01:49:11","modified_gmt":"2025-11-24T01:49:11","slug":"o-magic-mike-a-fazer-companhia-ao-capitao-america-do-costume-observador","status":"publish","type":"post","link":"https:\/\/www.europesays.com\/pt\/162847\/","title":{"rendered":"O Magic Mike a fazer companhia ao Capit\u00e3o Am\u00e9rica do costume \u2013 Observador"},"content":{"rendered":"<p>Apesar de estar no AC Milan desde 2019, Rafael Le\u00e3o est\u00e1 longe de ser consensual entre os adeptos dos rossoneri. <strong>Adorado por uns, insuficiente para outros,<\/strong> o avan\u00e7ado \u00e9 um ativo que o clube italiano n\u00e3o quer perder mas de quem parece esperar sempre mais. Talvez por isso, a escolha de Massimiliano Allegri para assumir o comando t\u00e9cnico da equipa pode ter-se tornado numa das mais importantes para a carreira do portugu\u00eas.<\/p>\n<p>Na antec\u00e2mara do d\u00e9rbi desde domingo contra o Inter Mil\u00e3o, Rafael Le\u00e3o deu uma entrevista ao programa \u201cMorning Footy\u201d\u00a0da CBS e explicou como tem vindo a crescer com o experiente treinador italiano. <strong>\u201cN\u00e3o me pediu muitas coisas, disse-me apenas duas palavras: \u2018S\u00ea livre\u2019.<\/strong> O mais importante \u00e9 estar focado e ter a mentalidade certa. \u00c9 quase como um pai que pede a um filho para ser sempre melhor na escola e na vida, para fazer as coisas da maneira certa. Sei que ele conta comigo, s\u00f3 me pede para me manter concentrado mesmo depois de um golo, para n\u00e3o parar. Mudou a minha mentalidade ao colocar-me mais perto do golo\u201d, disse o jogador formado no Sporting.<\/p>\n<blockquote class=\"twitter-tweet\" data-width=\"500\" data-dnt=\"true\">\n<p lang=\"en\" dir=\"ltr\">Behind you all the way, boys! \u2764\ufe0f\u200d???? <a href=\"https:\/\/t.co\/4Ljtb0rIwO\" rel=\"nofollow\">pic.twitter.com\/4Ljtb0rIwO<\/a><\/p>\n<p>\u2014 AC Milan (@acmilan) <a href=\"https:\/\/twitter.com\/acmilan\/status\/1992683000086036663?ref_src=twsrc%5Etfw\" rel=\"nofollow noopener\" target=\"_blank\">November 23, 2025<\/a><\/p>\n<\/blockquote>\n<p>Ora, no mesmo sentido, Massimiliano Allegri falou sobre Rafael Le\u00e3o na antevis\u00e3o do d\u00e9rbi e, aproveitando uma esp\u00e9cie de pacote com Christian Pulisic, abordou a evolu\u00e7\u00e3o do avan\u00e7ado portugu\u00eas. \u201cEspero tanto do Rafael Le\u00e3o e do Pulisic como de todos os outros. O Rafa est\u00e1 a come\u00e7ar a entender que, como avan\u00e7ado, \u00e9 valorizado pelos golos que marca. <strong>E isso \u00e9 um sinal de crescimento\u201d,<\/strong> comentou o treinador italiano.<\/p>\n<p>Era neste contexto que o AC Milan defrontava este domingo o Inter Mil\u00e3o no m\u00edtico Derby della Madonnina, em San Siro, sendo que os nerazzurri estavam obrigados a vencer para n\u00e3o deixarem a Roma fugir para a lideran\u00e7a isolada da Serie A e n\u00e3o serem ultrapassados pelo principal rival. <strong>Massimiliano Allegri apostava precisamente em Rafael Le\u00e3o e Pulisic no ataque,<\/strong> com Davide Bartesaghi e Saelemaekers nas alas e Luka Modric a comandar o meio-campo, enquanto que Cristian Chivu tinha Lautaro e Marcus Thuram no setor mais adiantado e Carlos Augusto e Dimarco abertos nos corredores.<\/p>\n<blockquote class=\"twitter-tweet\" data-width=\"500\" data-dnt=\"true\">\n<p lang=\"it\" dir=\"ltr\">San Siro shines in Nerazzurri colours <a href=\"https:\/\/t.co\/CNX2L04w0i\" rel=\"nofollow\">pic.twitter.com\/CNX2L04w0i<\/a><\/p>\n<p>\u2014 Inter \u2b50\u2b50 (@Inter_en) <a href=\"https:\/\/twitter.com\/Inter_en\/status\/1992685655756083360?ref_src=twsrc%5Etfw\" rel=\"nofollow noopener\" target=\"_blank\">November 23, 2025<\/a><\/p>\n<\/blockquote>\n<p>Numa primeira parte que terminou sem golos, o Inter Mil\u00e3o foi quase sempre melhor do que o AC Milan e assumiu-se como a \u00fanica equipa que esteve verdadeiramente perto de abrir o marcador.<strong> Mike Maignan evitou o golo de Marcus Thuram com uma grande defesa logo nos instantes iniciais (4\u2032),<\/strong> Acerbi acertou no poste de cabe\u00e7a na sequ\u00eancia de um cruzamento de \u00c7alhano\u011flu (27\u2032) e Lautaro tamb\u00e9m viu o ferro tra\u00ed-lo ao rematar e ver a defesa do guarda-redes franc\u00eas seguir em dire\u00e7\u00e3o \u00e0 barra (36\u2032). Ao intervalo, sem que os rossoneri tivessem criado qualquer situa\u00e7\u00e3o de perigo perto da baliza de Yann Sommer, o d\u00e9rbi estava ainda empatado.<\/p>\n<p>Nenhum dos treinadores fez altera\u00e7\u00f5es ao intervalo e o AC Milan n\u00e3o precisou de dez minutos para abrir o marcador: numa transi\u00e7\u00e3o r\u00e1pida, Saelemaekers acelerou na direita e rematou cruzado para Yann Sommer defender em esfor\u00e7o, <strong>com Pulisic a precisar apenas de encostar na recarga (54\u2032).<\/strong> O Inter procurou reagir atrav\u00e9s de Bastoni, que rematou por cima (60\u2032), Carlos Augusto atirou ao lado (61\u2032), e ficava a ideia de que a equipa de Cristian Chivu tinha acusado o golpe do golo sofrido.<\/p>\n<blockquote class=\"twitter-tweet\" data-width=\"500\" data-dnt=\"true\">\n<p lang=\"pt\" dir=\"ltr\">Pulisic abriu o marcador do D\u00e9rbi de Mil\u00e3o ????<a href=\"https:\/\/twitter.com\/hashtag\/sporttvportugal?src=hash&amp;ref_src=twsrc%5Etfw\" rel=\"nofollow noopener\" target=\"_blank\">#sporttvportugal<\/a> <a href=\"https:\/\/twitter.com\/hashtag\/SerieA?src=hash&amp;ref_src=twsrc%5Etfw\" rel=\"nofollow noopener\" target=\"_blank\">#SerieA<\/a> <a href=\"https:\/\/twitter.com\/hashtag\/Inter?src=hash&amp;ref_src=twsrc%5Etfw\" rel=\"nofollow noopener\" target=\"_blank\">#Inter<\/a> <a href=\"https:\/\/twitter.com\/hashtag\/ACMilan?src=hash&amp;ref_src=twsrc%5Etfw\" rel=\"nofollow noopener\" target=\"_blank\">#ACMilan<\/a> <a href=\"https:\/\/twitter.com\/hashtag\/placardit?src=hash&amp;ref_src=twsrc%5Etfw\" rel=\"nofollow noopener\" target=\"_blank\">#placardit<\/a> <a href=\"https:\/\/t.co\/4adPj8CzQN\" rel=\"nofollow\">pic.twitter.com\/4adPj8CzQN<\/a><\/p>\n<p>\u2014 sport tv (@sporttvportugal) <a href=\"https:\/\/twitter.com\/sporttvportugal\/status\/1992704141404094766?ref_src=twsrc%5Etfw\" rel=\"nofollow noopener\" target=\"_blank\">November 23, 2025<\/a><\/p>\n<\/blockquote>\n<blockquote class=\"twitter-tweet\" data-width=\"500\" data-dnt=\"true\">\n<p lang=\"en\" dir=\"ltr\">MIKE MAIGNAN PENALTY SAVE ON CALHANOGLU!!!<\/p>\n<p>WOW MAGIC MIKE <a href=\"https:\/\/t.co\/fzr4BtC0xW\" rel=\"nofollow\">pic.twitter.com\/fzr4BtC0xW<\/a><\/p>\n<p>\u2014 Inside Milan (@_InsideMilan) <a href=\"https:\/\/twitter.com\/_InsideMilan\/status\/1992706206042128516?ref_src=twsrc%5Etfw\" rel=\"nofollow noopener\" target=\"_blank\">November 23, 2025<\/a><\/p>\n<\/blockquote>\n<p>O treinador romeno mexeu j\u00e1 depois da hora de jogo, trocando Lautaro por Ange-Yoan Bonny, e Mike Maignan assumiu definitivamente o papel de her\u00f3i do AC Milan: Pavlovic fez falta sobre Marcus Thuram na \u00e1rea contr\u00e1ria, o \u00e1rbitro da partida assinalou grande penalidade ap\u00f3s consultar as imagens do VAR e <strong>o guarda-redes defendeu o castigo m\u00e1ximo cobrado por \u00c7alhano\u011flu (74\u2032).\u00a0<\/strong><\/p>\n<p>O mesmo \u00c7alhano\u011flu saiu pouco depois para a entrada de Piotr Zielinski e Massimiliano Allegri mexeu pela primeira vez para lan\u00e7ar Samuele Ricci e Nkunku, com Chivu a fazer all in com Andy Diouf e Pio Esposito. At\u00e9 ao fim, por\u00e9m, j\u00e1 nada mudou. <strong>O AC Milan venceu o Inter Mil\u00e3o,<\/strong> que leva agora seis d\u00e9rbis consecutivos sem conseguir bater o principal rival em qualquer competi\u00e7\u00e3o, e subiu ao segundo lugar da Serie A a dois pontos da lideran\u00e7a da Roma.<\/p>\n<blockquote class=\"twitter-tweet\" data-width=\"500\" data-dnt=\"true\">\n<p lang=\"en\" dir=\"ltr\">THE DERBY IS OURS \u2764\ufe0f????<\/p>\n<p>Brought to you by <a href=\"https:\/\/twitter.com\/Bitpanda_global?ref_src=twsrc%5Etfw\" rel=\"nofollow noopener\" target=\"_blank\">@Bitpanda_global<\/a> <a href=\"https:\/\/t.co\/XH7UwUGizj\" rel=\"nofollow\">pic.twitter.com\/XH7UwUGizj<\/a><\/p>\n<p>\u2014 AC Milan (@acmilan) <a href=\"https:\/\/twitter.com\/acmilan\/status\/1992711746696712457?ref_src=twsrc%5Etfw\" rel=\"nofollow noopener\" target=\"_blank\">November 23, 2025<\/a><\/p>\n<\/blockquote>\n<p>            <script async src=\"https:\/\/platform.twitter.com\/widgets.js\" charset=\"utf-8\"><\/script><\/p>\n","protected":false},"excerpt":{"rendered":"Apesar de estar no AC Milan desde 2019, Rafael Le\u00e3o est\u00e1 longe de ser consensual entre os adeptos&hellip;\n","protected":false},"author":2,"featured_media":162848,"comment_status":"","ping_status":"","sticky":false,"template":"","format":"standard","meta":{"footnotes":""},"categories":[145],"tags":[211,210,135,114,115,445,524,4506,62,32,33,2101],"class_list":{"0":"post-162847","1":"post","2":"type-post","3":"status-publish","4":"format-standard","5":"has-post-thumbnail","7":"category-celebridades","8":"tag-celebridades","9":"tag-celebrities","10":"tag-desporto","11":"tag-entertainment","12":"tag-entretenimento","13":"tag-europa","14":"tag-futebol","15":"tag-itu00e1lia","16":"tag-mundo","17":"tag-portugal","18":"tag-pt","19":"tag-serie-a"},"share_on_mastodon":{"url":"https:\/\/pubeurope.com\/@pt\/115602165998916059","error":""},"_links":{"self":[{"href":"https:\/\/www.europesays.com\/pt\/wp-json\/wp\/v2\/posts\/162847","targetHints":{"allow":["GET"]}}],"collection":[{"href":"https:\/\/www.europesays.com\/pt\/wp-json\/wp\/v2\/posts"}],"about":[{"href":"https:\/\/www.europesays.com\/pt\/wp-json\/wp\/v2\/types\/post"}],"author":[{"embeddable":true,"href":"https:\/\/www.europesays.com\/pt\/wp-json\/wp\/v2\/users\/2"}],"replies":[{"embeddable":true,"href":"https:\/\/www.europesays.com\/pt\/wp-json\/wp\/v2\/comments?post=162847"}],"version-history":[{"count":0,"href":"https:\/\/www.europesays.com\/pt\/wp-json\/wp\/v2\/posts\/162847\/revisions"}],"wp:featuredmedia":[{"embeddable":true,"href":"https:\/\/www.europesays.com\/pt\/wp-json\/wp\/v2\/media\/162848"}],"wp:attachment":[{"href":"https:\/\/www.europesays.com\/pt\/wp-json\/wp\/v2\/media?parent=162847"}],"wp:term":[{"taxonomy":"category","embeddable":true,"href":"https:\/\/www.europesays.com\/pt\/wp-json\/wp\/v2\/categories?post=162847"},{"taxonomy":"post_tag","embeddable":true,"href":"https:\/\/www.europesays.com\/pt\/wp-json\/wp\/v2\/tags?post=162847"}],"curies":[{"name":"wp","href":"https:\/\/api.w.org\/{rel}","templated":true}]}}