{"id":162849,"date":"2025-11-24T01:50:11","date_gmt":"2025-11-24T01:50:11","guid":{"rendered":"https:\/\/www.europesays.com\/pt\/162849\/"},"modified":"2025-11-24T01:50:11","modified_gmt":"2025-11-24T01:50:11","slug":"regionalidade-atemporal-estudio-de-arquitetura-combina-pertencimento-com-funcionalidade","status":"publish","type":"post","link":"https:\/\/www.europesays.com\/pt\/162849\/","title":{"rendered":"Regionalidade atemporal; est\u00fadio de arquitetura combina pertencimento com funcionalidade"},"content":{"rendered":"<p>A arte de projetar espa\u00e7os combinando est\u00e9tica e funcionalidade. A arquitetura se reinventa sem perder a ess\u00eancia e \u00e9 com essa premissa que o Est\u00fadio Abacateiro, trabalha com seus projetos.\u00a0<\/p>\n<p>Criado pela arquiteta Heloisa Gutierrez em parceria com s\u00f3cio Carlos Oliveira, o escrit\u00f3rio segue o padr\u00e3o atemporal. Assim consegue garantir a longevidade para os projetos dos seus clientes.<\/p>\n<p>\u201cPreferimos seguir uma arquitetura atemporal. Qualquer edifica\u00e7\u00e3o, seja ela casa, empresa, institui\u00e7\u00f5es ou equipamento urbano \u00e9 feita para durar muito tempo. As tend\u00eancias s\u00e3o passageiras, ent\u00e3o acreditamos que uma arquitetura vernacular, que valoriza o clima local e os saberes regionais, \u00e9 muito mais interessante e nunca sai de moda\u201d.<\/p>\n<p><img loading=\"lazy\" decoding=\"async\" width=\"1152\" height=\"768\" src=\"data:image\/svg+xml,%3Csvg%20xmlns=\" http:=\"\" alt=\"Heloisa Gutierrez - CEO do Est\u00fadio Abacateiro\" class=\"wp-image-607422\" data-lazy- data-lazy- data-lazy-src=\"https:\/\/www.europesays.com\/pt\/wp-content\/uploads\/2025\/11\/heloisa-gutierrez-ceo-estudio-abacateiro-arquitetura-foto-arquivo-pessoal-1152x768.jpg\"\/>Foto: Arquivo Pessoal<\/p>\n<p>A preserva\u00e7\u00e3o do patrim\u00f4nio, cultura e hist\u00f3ria, \u00e9 um ponto base dos trabalhos desempenhados pelo Abacateiro. Contar hist\u00f3rias por meio do ambiente permite aliar a expectativa do cliente com a alma e aconchego do regional, estabelecendo a sensa\u00e7\u00e3o de pertencimento.<\/p>\n<p>\u201cEm resumo, acreditamos que a real tend\u00eancia \u00e9 trazer ao usu\u00e1rio conforto e pertencimento, essa \u00e9 a nossa palavra de ordem\u201d.<\/p>\n<p>\u00c9 por meio dessas t\u00e9cnicas que a empresa une a harmonia arquitet\u00f4nica \u00e0 qualidade de vida. Helo\u00edsa contou que o estilo de vida \u00e9 diretamente impactado pelas interse\u00e7\u00f5es de um espa\u00e7o, seja empresarial, seja residencial.<\/p>\n<p>\u201cTodo o nosso estilo de vida urbano \u00e9 influenciado pela arquitetura. Gosto de pensar no paisagismo como uma v\u00e1lvula de escape em meio a tanto caos, acredito que ele se tornou uma necessidade para descompress\u00e3o, conforto e conex\u00e3o. Por isso a import\u00e2ncia de cidades arborizadas, com pra\u00e7as e ambientes acolhedores, assim como trazer essa extens\u00e3o da natureza para dentro de casa\u201d, explicou.<\/p>\n<p><strong>Pertencimento e sustentabilidade<\/strong><\/p>\n<p>Com foco em paisagismo e ilumina\u00e7\u00e3o, o est\u00fadio tem um perfil estabelecido no contempor\u00e2neo brasileiro. Identidade que regionaliza os projetos integrando e contextualizando com o tropical, elementos da flora nativa, entre outros recursos que podem fortalecer a sensa\u00e7\u00e3o de pertencimento.<\/p>\n<p>Dentro destes princ\u00edpios, a sustentabilidade j\u00e1 \u00e9 parte aliada da arquitetura, aproveitar o natural \u00e9 uma das formas de alcan\u00e7ar o m\u00e1ximo de economia e preserva\u00e7\u00e3o.<\/p>\n<p>\u201cNossa inten\u00e7\u00e3o \u00e9 buscar sempre projetar aproveitando melhor os ventos, a ilumina\u00e7\u00e3o natural, que \u00e9 algo t\u00e3o abundante na nossa regi\u00e3o, utilizar materiais locais para fortalecer ciclos de sustentabilidade e reduzir poluentes, al\u00e9m de reaproveitar materiais que seriam descartados, dando um novo uso criativo\u201d.<\/p>\n<p><img loading=\"lazy\" decoding=\"async\" width=\"960\" height=\"768\" src=\"data:image\/svg+xml,%3Csvg%20xmlns=\" http:=\"\" alt=\"Regionalidade atemporal; Est\u00fadio de arquitetura combina pertencimento com funcionalidade\" class=\"wp-image-607423\" data-lazy- data-lazy- data-lazy-src=\"https:\/\/www.europesays.com\/pt\/wp-content\/uploads\/2025\/11\/perspectiva-de-projeto-realizado-por-estudio-abacateiro-arquitetura-foto-arquivo-pessoal-1-960x768.j.jpeg\"\/>Perspectiva de projeto realizado pelo Est\u00fadio Abacateiro \u2013 Foto: Arquivo Pessoal<\/p>\n<p><strong>Est\u00fadio Abacateiro<\/strong><\/p>\n<p>A paix\u00e3o pela arte desencadeou o amor pela criatividade. Na vida da arquiteta Helo\u00edsa Gutierrez, a profiss\u00e3o \u00e9 resultado de um conjunto de fatores que ela vivenciou desde a inf\u00e2ncia. Atualmente CEO do escrit\u00f3rio Est\u00fadio Abacateiro em parceria com o s\u00f3cio Carlos Oliveira, atendem em Feira de Santana e regi\u00e3o de Santo Ant\u00f4nio de Jesus, mas o atendimento n\u00e3o se limita a territ\u00f3rios.<\/p>\n<p>A regionalidade sempre foi um pilar de destaque na identidade da empresa. O nome \u201cAbacateiro\u201d nasceu da m\u00fasica Refazenda de Gilberto Gil.<\/p>\n<p>\u201cSomos apaixonados pela Bahia, um estado que \u00e9 praticamente um mundo. Nossa cultura \u00e9 rica, e sempre gostamos de refor\u00e7ar isso nos projetos. O Abacateiro surgiu da nossa uni\u00e3o na faculdade, tanto eu como Carlos n\u00e3o \u00e9ramos de Salvador, mas fomos estudar arquitetura l\u00e1. Dessa amizade e desse ideal em comum nasceu essa necessidade de criar algo nosso\u201d, pontuou.<\/p>\n<p><strong>Destaques na carreira<\/strong><\/p>\n<p>Heloisa atuou junto com a renomada arquiteta Ana Cristina em projetos importantes, \u00e0 exemplo do condom\u00ednio Obelisk.<\/p>\n<p>\u201cEstive presente em diferentes etapas arquitet\u00f4nicas at\u00e9 a fase final de acompanhamento de obra e implanta\u00e7\u00e3o do paisagismo, aprendi bastante em todo processo. E obviamente \u00e9 inevit\u00e1vel n\u00e3o pensar nos clientes que nos abrem as portas e nos d\u00e3o chance mesmo sabendo que somos novos no mercado isso \u00e9 muito gratificante\u201d, contou.<\/p>\n<p>O objetivo dos empres\u00e1rios\u00a0 \u00e9 fazer a diferen\u00e7a no mercado, deixando a marca do estilo Abacateiro pela regi\u00e3o.<\/p>\n<p>\u201cO paisagismo \u00e9 o presente e o futuro. Deixar essa identidade marcada em nossa regi\u00e3o ser\u00e1 um imenso prazer e estamos com muita energia e entusiasmo para isso\u201d, conclui Heloisa.<\/p>\n<p>Siga o Acorda Cidade no<a href=\"https:\/\/news.google.com\/search?q=acorda%20cidade&amp;hl=pt-BR&amp;gl=BR&amp;ceid=BR%3Apt-419\" rel=\"nofollow noopener\" target=\"_blank\"><strong> Google Not\u00edcias<\/strong><\/a> e receba os principais destaques do dia. Participe tamb\u00e9m dos nossos canais no <a href=\"https:\/\/www.whatsapp.com\/channel\/0029Va6Rb4v3WHTNnsh8WI3N\" rel=\"nofollow noopener\" target=\"_blank\"><strong>WhatsApp<\/strong><\/a> e <a href=\"https:\/\/www.youtube.com\/@acordacidadenoticias\/videos\" rel=\"nofollow noopener\" target=\"_blank\"><strong>Youtube<\/strong><\/a> e grupo de <a href=\"https:\/\/t.me\/+sSz0khrgARA0ZmRh\" rel=\"nofollow\"><strong>Telegram<\/strong><\/a>.<\/p>\n","protected":false},"excerpt":{"rendered":"A arte de projetar espa\u00e7os combinando est\u00e9tica e funcionalidade. A arquitetura se reinventa sem perder a ess\u00eancia e&hellip;\n","protected":false},"author":2,"featured_media":162850,"comment_status":"","ping_status":"","sticky":false,"template":"","format":"standard","meta":{"footnotes":""},"categories":[144],"tags":[207,205,206,203,201,202,204,114,115,34532,23693,32,4108,33,3204],"class_list":{"0":"post-162849","1":"post","2":"type-post","3":"status-publish","4":"format-standard","5":"has-post-thumbnail","7":"category-arte-e-design","8":"tag-arte","9":"tag-arte-e-design","10":"tag-artedesign","11":"tag-arts","12":"tag-arts-and-design","13":"tag-artsanddesign","14":"tag-design","15":"tag-entertainment","16":"tag-entretenimento","17":"tag-iluminacao","18":"tag-paisagismo","19":"tag-portugal","20":"tag-projeto","21":"tag-pt","22":"tag-sustentabilidade"},"share_on_mastodon":{"url":"https:\/\/pubeurope.com\/@pt\/115602169739528685","error":""},"_links":{"self":[{"href":"https:\/\/www.europesays.com\/pt\/wp-json\/wp\/v2\/posts\/162849","targetHints":{"allow":["GET"]}}],"collection":[{"href":"https:\/\/www.europesays.com\/pt\/wp-json\/wp\/v2\/posts"}],"about":[{"href":"https:\/\/www.europesays.com\/pt\/wp-json\/wp\/v2\/types\/post"}],"author":[{"embeddable":true,"href":"https:\/\/www.europesays.com\/pt\/wp-json\/wp\/v2\/users\/2"}],"replies":[{"embeddable":true,"href":"https:\/\/www.europesays.com\/pt\/wp-json\/wp\/v2\/comments?post=162849"}],"version-history":[{"count":0,"href":"https:\/\/www.europesays.com\/pt\/wp-json\/wp\/v2\/posts\/162849\/revisions"}],"wp:featuredmedia":[{"embeddable":true,"href":"https:\/\/www.europesays.com\/pt\/wp-json\/wp\/v2\/media\/162850"}],"wp:attachment":[{"href":"https:\/\/www.europesays.com\/pt\/wp-json\/wp\/v2\/media?parent=162849"}],"wp:term":[{"taxonomy":"category","embeddable":true,"href":"https:\/\/www.europesays.com\/pt\/wp-json\/wp\/v2\/categories?post=162849"},{"taxonomy":"post_tag","embeddable":true,"href":"https:\/\/www.europesays.com\/pt\/wp-json\/wp\/v2\/tags?post=162849"}],"curies":[{"name":"wp","href":"https:\/\/api.w.org\/{rel}","templated":true}]}}