{"id":162851,"date":"2025-11-24T01:52:21","date_gmt":"2025-11-24T01:52:21","guid":{"rendered":"https:\/\/www.europesays.com\/pt\/162851\/"},"modified":"2025-11-24T01:52:21","modified_gmt":"2025-11-24T01:52:21","slug":"bruna-acerta-no-segredo-de-ines-em-plena-gala-aposta-arriscada-vale-revelacao-bombastica-secret-story","status":"publish","type":"post","link":"https:\/\/www.europesays.com\/pt\/162851\/","title":{"rendered":"Bruna acerta no segredo de In\u00eas em plena gala! Aposta arriscada vale revela\u00e7\u00e3o bomb\u00e1stica &#8211; Secret Story"},"content":{"rendered":"<p data-end=\"850\" data-start=\"474\">A gala ficou marcada por um acontecimento raro e absolutamente explosivo. B<strong>runa decidiu arriscar e carregou no bot\u00e3o dos segredos<\/strong>, numa jogada inesperada numa noite em que este tipo de apostas quase nunca acontece. A concorrente avan\u00e7ou com uma teoria arrojada:\u00a0<strong data-end=\"850\" data-start=\"751\">\u00abCancelei o meu casamento porque descobri a trai\u00e7\u00e3o entre a minha dama de honor e o meu noivo.\u00bb<\/strong><\/p>\n<p data-end=\"1167\" data-start=\"852\"><strong>A aposta incendiou o est\u00fadio&#8230; e acertou em cheio.<\/strong> O segredo verdadeiro de In\u00eas \u00e9 <strong data-end=\"992\" data-start=\"934\">\u00abCancelei o meu casamento por causa da dama de honor\u00bb<\/strong>. Assim que foi confirmado que Bruna tinha tido sucesso, In\u00eas reagiu com uma explos\u00e3o de euforia, saltando, aplaudindo e deixando todos contagiados pela intensidade do momento.<\/p>\n<p data-end=\"1588\" data-start=\"1169\">Pouco depois, chegou o momento da grande explica\u00e7\u00e3o. In\u00eas contou a sua hist\u00f3ria na primeira pessoa. Revelou que viveu <strong data-end=\"1334\" data-start=\"1312\">dois anos na Su\u00ed\u00e7a<\/strong> e que, ao regressar a Portugal para come\u00e7ar a organizar a t\u00e3o desejada cerim\u00f3nia, viu o sonho ruir. Ao retomar os preparativos, <strong data-end=\"1540\" data-start=\"1463\">descobriu que tinha havido uma tentativa de trai\u00e7\u00e3o por parte do ex-noivo<\/strong>. Confrontou-o e a rela\u00e7\u00e3o terminou.<\/p>\n<p data-end=\"1871\" data-start=\"1590\">A concorrente partilhou ainda que a dama de honor era sua amiga, uma amizade que nasceu atrav\u00e9s do pr\u00f3prio noivo, o que tornou toda a situa\u00e7\u00e3o ainda mais dolorosa. A revela\u00e7\u00e3o deixou o est\u00fadio em sil\u00eancio absoluto, enquanto In\u00eas desabafava a ferida que deu origem ao seu segredo.<\/p>\n<p data-end=\"2050\" data-is-last-node=\"\" data-is-only-node=\"\" data-start=\"1873\">Com a jogada certeira de Bruna e a poderosa hist\u00f3ria de vida de In\u00eas, este tornou-se um dos momentos mais comentados da gala.<\/p>\n<p> Veja o momento: <\/p>\n<p data-end=\"2050\" data-is-last-node=\"\" data-is-only-node=\"\" data-start=\"1873\">\u00a0<\/p>\n","protected":false},"excerpt":{"rendered":"A gala ficou marcada por um acontecimento raro e absolutamente explosivo. Bruna decidiu arriscar e carregou no bot\u00e3o&hellip;\n","protected":false},"author":2,"featured_media":162852,"comment_status":"","ping_status":"","sticky":false,"template":"","format":"standard","meta":{"footnotes":""},"categories":[142],"tags":[8113,1997,2632,329,333,328,335,336,114,115,334,330,15353,1326,338,19019,13,32,33,1315,8174,151,162,19020,227],"class_list":{"0":"post-162851","1":"post","2":"type-post","3":"status-publish","4":"format-standard","5":"has-post-thumbnail","7":"category-tv","8":"tag-alice-alves","9":"tag-bruna","10":"tag-casa-dos-segredos","11":"tag-claudio-ramos","12":"tag-comentadores","13":"tag-concorrentes","14":"tag-confrontos","15":"tag-discussoes","16":"tag-entertainment","17":"tag-entretenimento","18":"tag-exclusivos","19":"tag-gala","20":"tag-ines","21":"tag-mafalda-castro","22":"tag-maria-botelho-moniz","23":"tag-marta-cardoso","24":"tag-noticias","25":"tag-portugal","26":"tag-pt","27":"tag-secret-story","28":"tag-segredos","29":"tag-tv","30":"tag-tvi","31":"tag-video-do-dia","32":"tag-videos"},"share_on_mastodon":{"url":"https:\/\/pubeurope.com\/@pt\/115602177853578096","error":""},"_links":{"self":[{"href":"https:\/\/www.europesays.com\/pt\/wp-json\/wp\/v2\/posts\/162851","targetHints":{"allow":["GET"]}}],"collection":[{"href":"https:\/\/www.europesays.com\/pt\/wp-json\/wp\/v2\/posts"}],"about":[{"href":"https:\/\/www.europesays.com\/pt\/wp-json\/wp\/v2\/types\/post"}],"author":[{"embeddable":true,"href":"https:\/\/www.europesays.com\/pt\/wp-json\/wp\/v2\/users\/2"}],"replies":[{"embeddable":true,"href":"https:\/\/www.europesays.com\/pt\/wp-json\/wp\/v2\/comments?post=162851"}],"version-history":[{"count":0,"href":"https:\/\/www.europesays.com\/pt\/wp-json\/wp\/v2\/posts\/162851\/revisions"}],"wp:featuredmedia":[{"embeddable":true,"href":"https:\/\/www.europesays.com\/pt\/wp-json\/wp\/v2\/media\/162852"}],"wp:attachment":[{"href":"https:\/\/www.europesays.com\/pt\/wp-json\/wp\/v2\/media?parent=162851"}],"wp:term":[{"taxonomy":"category","embeddable":true,"href":"https:\/\/www.europesays.com\/pt\/wp-json\/wp\/v2\/categories?post=162851"},{"taxonomy":"post_tag","embeddable":true,"href":"https:\/\/www.europesays.com\/pt\/wp-json\/wp\/v2\/tags?post=162851"}],"curies":[{"name":"wp","href":"https:\/\/api.w.org\/{rel}","templated":true}]}}