{"id":162870,"date":"2025-11-24T02:09:11","date_gmt":"2025-11-24T02:09:11","guid":{"rendered":"https:\/\/www.europesays.com\/pt\/162870\/"},"modified":"2025-11-24T02:09:11","modified_gmt":"2025-11-24T02:09:11","slug":"manchester-city-disposto-a-chegar-aos-180-milhoes-de-euros-por-craque-do-psg","status":"publish","type":"post","link":"https:\/\/www.europesays.com\/pt\/162870\/","title":{"rendered":"Manchester City disposto a chegar aos 180 milh\u00f5es de euros por craque do PSG"},"content":{"rendered":"<p>&#8211; Advertisement &#8211;<\/p>\n<p><strong>O Manchester City est\u00e1 interessado em D\u00e9sir\u00e9 Dou\u00e9, jogador que representa o PSG. O atleta pode ter um custo de 180 milh\u00f5es de euros.<\/strong><\/p>\n<p>O Manchester City est\u00e1 disposto a fazer uma proposta por D\u00e9sir\u00e9 Dou\u00e9 num dos pr\u00f3ximos mercados de transfer\u00eancias. A informa\u00e7\u00e3o est\u00e1 a ser avan\u00e7ada pelo Fichajes, que indica que o conjunto ingl\u00eas pode fazer uma oferta de 180 milh\u00f5es de euros ao PSG pelo seu craque.<\/p>\n<p>D\u00e9sir\u00e9 Dou\u00e9 tem 20 anos e atua como extremo, sendo considerado uma das grandes promessas do futebol mundial. O jogador leva esta temporada um total de oito encontros, com tr\u00eas golos marcados e uma assist\u00eancia. Esta \u00e9 a sua segunda \u00e9poca ao servi\u00e7o do <a href=\"https:\/\/bolanarede.pt\/etiqueta\/psg-2\/\" target=\"_blank\" rel=\"noreferrer noopener nofollow\">PSG<\/a>, depois de ter sido comprado ao Rennes por 50 milh\u00f5es de euros.<\/p>\n<p>D\u00e9sir\u00e9 Dou\u00e9 pode ser a pr\u00f3xima grande movimenta\u00e7\u00e3o do futebol mundial. O seu contrato \u00e9 v\u00e1lido at\u00e9 2029 e n\u00e3o conta com qualquer cl\u00e1usula de rescis\u00e3o.<\/p>\n","protected":false},"excerpt":{"rendered":"&#8211; Advertisement &#8211; O Manchester City est\u00e1 interessado em D\u00e9sir\u00e9 Dou\u00e9, jogador que representa o PSG. O atleta&hellip;\n","protected":false},"author":2,"featured_media":95319,"comment_status":"","ping_status":"","sticky":false,"template":"","format":"standard","meta":{"footnotes":""},"categories":[87],"tags":[260,21038,135,1382,32,666,1758,33,134],"class_list":{"0":"post-162870","1":"post","2":"type-post","3":"status-publish","4":"format-standard","5":"has-post-thumbnail","7":"category-desporto","8":"tag-atualidade","9":"tag-desire-doue","10":"tag-desporto","11":"tag-manchester-city","12":"tag-portugal","13":"tag-premier-league","14":"tag-psg","15":"tag-pt","16":"tag-sports"},"share_on_mastodon":{"url":"https:\/\/pubeurope.com\/@pt\/115602244962824401","error":""},"_links":{"self":[{"href":"https:\/\/www.europesays.com\/pt\/wp-json\/wp\/v2\/posts\/162870","targetHints":{"allow":["GET"]}}],"collection":[{"href":"https:\/\/www.europesays.com\/pt\/wp-json\/wp\/v2\/posts"}],"about":[{"href":"https:\/\/www.europesays.com\/pt\/wp-json\/wp\/v2\/types\/post"}],"author":[{"embeddable":true,"href":"https:\/\/www.europesays.com\/pt\/wp-json\/wp\/v2\/users\/2"}],"replies":[{"embeddable":true,"href":"https:\/\/www.europesays.com\/pt\/wp-json\/wp\/v2\/comments?post=162870"}],"version-history":[{"count":0,"href":"https:\/\/www.europesays.com\/pt\/wp-json\/wp\/v2\/posts\/162870\/revisions"}],"wp:featuredmedia":[{"embeddable":true,"href":"https:\/\/www.europesays.com\/pt\/wp-json\/wp\/v2\/media\/95319"}],"wp:attachment":[{"href":"https:\/\/www.europesays.com\/pt\/wp-json\/wp\/v2\/media?parent=162870"}],"wp:term":[{"taxonomy":"category","embeddable":true,"href":"https:\/\/www.europesays.com\/pt\/wp-json\/wp\/v2\/categories?post=162870"},{"taxonomy":"post_tag","embeddable":true,"href":"https:\/\/www.europesays.com\/pt\/wp-json\/wp\/v2\/tags?post=162870"}],"curies":[{"name":"wp","href":"https:\/\/api.w.org\/{rel}","templated":true}]}}