{"id":162877,"date":"2025-11-24T02:17:15","date_gmt":"2025-11-24T02:17:15","guid":{"rendered":"https:\/\/www.europesays.com\/pt\/162877\/"},"modified":"2025-11-24T02:17:15","modified_gmt":"2025-11-24T02:17:15","slug":"muito-feliz-kylie-vai-por-passar-dia-de-acao-de-gracas-com-timothee","status":"publish","type":"post","link":"https:\/\/www.europesays.com\/pt\/162877\/","title":{"rendered":"&#8220;Muito feliz&#8221;, Kylie vai por passar Dia de A\u00e7\u00e3o de Gra\u00e7as com Timoth\u00e9e"},"content":{"rendered":"<p>Kylie Jenner prepara-se para desfrutar de tempo de qualidade com o namorado, Timoth\u00e9e Chalamet, depois de terem estado afastados por causa das agendas profissionais.<\/p>\n<p>O ator tem estado na Europa a filma o seu novo trabalho, \u201cDuna: Parte 3\u201d, que ir\u00e1 estrear no pr\u00f3ximo ano, mas ir\u00e1 conseguir passar o Dia de A\u00e7\u00e3o de Gra\u00e7as com a namorada, como contou uma fonte \u00e0 revista People.<\/p>\n<p>\u201cA Kylie est\u00e1 muito feliz por ele ter voltado para Los Angeles\u201d, contou a fonte ao falar do artista, de 29 anos. \u201cEla est\u00e1 feliz por conseguir ter tempo para estar com ele antes de ele regressar \u00e0s filmagens.\u201d<\/p>\n<p>O casal, dizem, vai \u201ccomemorar com a fam\u00edlia dela na pr\u00f3xima semana em Los Angeles, mas ele tamb\u00e9m vai passar um tempo com a sua pr\u00f3pria fam\u00edlia antes de ter que voltar \u00e0s filmagens\u201d.<\/p>\n<p>&#8220;Ele come\u00e7ou a filmar em Budapeste, em julho, e eles t\u00eam-se visto o m\u00e1ximo poss\u00edvel. A Kylie tem viajado de um lado para o outro a cada poucas semanas. Apesar da dist\u00e2ncia, eles mant\u00eam-se pr\u00f3ximos. Eles t\u00eam feito por dar certo\u201d, acrescentou a fonte.\u00a0<\/p>\n<p>E se havia suspeitas de que o casal se tinha separado, tais rumores n\u00e3o correspondem \u00e0 realidade. A fonte afirma que \u201cn\u00e3o \u00e9 verdade\u201d.\u00a0<\/p>\n<p>Ali\u00e1s, uma fonte j\u00e1 tinha confirmado anteriormente \u00e0 People que o rumores da separa\u00e7\u00e3o que come\u00e7aram a circular no in\u00edcio deste m\u00eas eram falsos.\u00a0<\/p>\n<p>E como \u00e9 que tais especula\u00e7\u00f5es surgiram? Tudo por causa de Timoth\u00e9e Chalamet ter faltado \u00e0 festa do 70.\u00ba anivers\u00e1rio da m\u00e3e de Kylie, Kris Jenner, no dia 9 de novembro. Mas v\u00e1rias fontes disseram \u00e0 revista que o casal \u201cest\u00e1 bem\u201d.<\/p>\n<p>\u201cDurante as filmagens de \u201cMarty Supreme\u201d, o Timoth\u00e9e estava sempre a falar da Kylie\u201d, disse uma fonte. \u201cEla at\u00e9 viajou para Nova Iorque para o ver no set. Eles tamb\u00e9m encontraram-se em Londres enquanto ele filmava \u201cDune\u201d. Eles est\u00e3o realmente apaixonados.\u201d<\/p>\n<p>Kylie Jenner chora a morte do seu patudo: &#8220;\u00c9 t\u00e3o dif\u00edcil perder-te, Norm&#8221;<\/p>\n<p>De recordar que Kylie Jenner viveu momentos menos bons recentemente. A celebridade chorou a morte do patudo Norm.<\/p>\n<p>Ao partilhoar v\u00e1rias imagens na companhia do amigo de quatro patas no Instagram, no passado m\u00eas de outubro, escreveu: &#8220;[&#8230;] Mesmo a seguir ao meu 17.\u00ba anivers\u00e1rio, recebi-te no Natal e foi o melhor presente que alguma vez poderia ter recebido. Normy, encheste a minha vida e a de tantas outras pessoas com pura alegria. Quase 13 anos de vida, e mesmo assim sei que te vou lembrar durante muito mais tempo do que aquele que estivemos juntos. Gostava de n\u00e3o estar a escrever esta mensagem. Sabia que estavas a envelhecer e tentei preparar-me, mas \u00e9 t\u00e3o dif\u00edcil perder-te, Norm.&#8221;<\/p>\n<p>                                                    <img decoding=\"async\" src=\"https:\/\/www.europesays.com\/pt\/wp-content\/uploads\/2025\/11\/naom_68f949a7c3a7a.jpg\" border=\"0\" alt=\"Kylie Jenner chora a morte do seu patudo: \"\/><\/p>\n<p>Kylie Jenner perdeu o seu c\u00e3o Norm, um Galgo Italiano que tinha h\u00e1 13 anos. Nas redes sociais a empres\u00e1ria partilhou imagens do animal e mostrou a sua tristeza por ter que se despedir do seu melhor amigo.<\/p>\n<p>                                                     Not\u00edcias ao Minuto | 22:19 &#8211; 22\/10\/2025 <\/p>\n<p>\u00a0<\/p>\n<p>\u00a0<\/p>\n","protected":false},"excerpt":{"rendered":"Kylie Jenner prepara-se para desfrutar de tempo de qualidade com o namorado, Timoth\u00e9e Chalamet, depois de terem estado&hellip;\n","protected":false},"author":2,"featured_media":162878,"comment_status":"","ping_status":"","sticky":false,"template":"","format":"standard","meta":{"footnotes":""},"categories":[145],"tags":[211,210,114,115,32,33],"class_list":{"0":"post-162877","1":"post","2":"type-post","3":"status-publish","4":"format-standard","5":"has-post-thumbnail","7":"category-celebridades","8":"tag-celebridades","9":"tag-celebrities","10":"tag-entertainment","11":"tag-entretenimento","12":"tag-portugal","13":"tag-pt"},"share_on_mastodon":{"url":"https:\/\/pubeurope.com\/@pt\/115602276245182170","error":""},"_links":{"self":[{"href":"https:\/\/www.europesays.com\/pt\/wp-json\/wp\/v2\/posts\/162877","targetHints":{"allow":["GET"]}}],"collection":[{"href":"https:\/\/www.europesays.com\/pt\/wp-json\/wp\/v2\/posts"}],"about":[{"href":"https:\/\/www.europesays.com\/pt\/wp-json\/wp\/v2\/types\/post"}],"author":[{"embeddable":true,"href":"https:\/\/www.europesays.com\/pt\/wp-json\/wp\/v2\/users\/2"}],"replies":[{"embeddable":true,"href":"https:\/\/www.europesays.com\/pt\/wp-json\/wp\/v2\/comments?post=162877"}],"version-history":[{"count":0,"href":"https:\/\/www.europesays.com\/pt\/wp-json\/wp\/v2\/posts\/162877\/revisions"}],"wp:featuredmedia":[{"embeddable":true,"href":"https:\/\/www.europesays.com\/pt\/wp-json\/wp\/v2\/media\/162878"}],"wp:attachment":[{"href":"https:\/\/www.europesays.com\/pt\/wp-json\/wp\/v2\/media?parent=162877"}],"wp:term":[{"taxonomy":"category","embeddable":true,"href":"https:\/\/www.europesays.com\/pt\/wp-json\/wp\/v2\/categories?post=162877"},{"taxonomy":"post_tag","embeddable":true,"href":"https:\/\/www.europesays.com\/pt\/wp-json\/wp\/v2\/tags?post=162877"}],"curies":[{"name":"wp","href":"https:\/\/api.w.org\/{rel}","templated":true}]}}