{"id":162915,"date":"2025-11-24T03:14:18","date_gmt":"2025-11-24T03:14:18","guid":{"rendered":"https:\/\/www.europesays.com\/pt\/162915\/"},"modified":"2025-11-24T03:14:18","modified_gmt":"2025-11-24T03:14:18","slug":"giovanna-lancellotti-posa-para-marido-e-se-derrete-meu-fotografo-favorito","status":"publish","type":"post","link":"https:\/\/www.europesays.com\/pt\/162915\/","title":{"rendered":"Giovanna Lancellotti posa para marido e se derrete: &#8216;Meu fot\u00f3grafo favorito&#8217;"},"content":{"rendered":"\n<p class=\" content-text__container theme-color-primary-first-letter\" data-track-category=\"Link no Texto\" data-track-links=\"\"> Giovanna Lancellotti n\u00e3o poupou elogios ao marido, o presidente da Liga Independente das Escolas de Samba do Rio de Janeiro, Gabriel David, em publica\u00e7\u00e3o nas redes sociais. A atriz compartilhou uma s\u00e9rie de fotos em que aparece fazendo charme ao posar usando um look de croch\u00ea branco. Na legenda, ela revelou que o autor dos registros \u00e9 ningu\u00e9m menos que o marido. <\/p>\n<p class=\" content-text__container \" data-track-category=\"Link no Texto\" data-track-links=\"\"> &#8220;Special night \u2728\ud83e\udd0dCr\u00e9ditos para meu fot\u00f3grafo favorito. Vulgo, marido rs&#8221;, se derreteu na legeda. Ele deixou um recado especial para ela. &#8220;Te amo\u2764\ufe0f&#8221;. <\/p>\n<p class=\" content-text__container \" data-track-category=\"Link no Texto\" data-track-links=\"\"> Nos coment\u00e1rios os seguidores a encheram de elogios. &#8220;Impec\u00e1vel!&#8221;, concluiu uma delas. &#8220;Que mulher linda meu Deus \ud83d\ude0d&#8221;, publicou uma outra. &#8220;Linda perfeita espl\u00eandida sempre \u2764\ufe0f\u2764\ufe0f\ud83d\udc4f\ud83d\udc4f\ud83d\udd25\ud83d\udd25&#8221;, elogiou uma terceira. <\/p>\n<p>  Continuar lendo  <\/p>\n<p class=\" content-text__container \" data-track-category=\"Link no Texto\" data-track-links=\"\"> O casal se casou em duas cerim\u00f4nias, sendo a primeira aos p\u00e9s do Cristo Redentor em junho de 2025. <\/p>\n<p>         <img decoding=\"async\" class=\"content-media__image\"  src=\"https:\/\/www.europesays.com\/pt\/wp-content\/uploads\/2025\/11\/gilancellotti-1763912083-3772290427455006497-4381326.jpg\" alt=\"Giovanna Lancellotti \u2014 Foto: reprodu\u00e7\u00e3o\/instagram\" width=\"1440\" height=\"1920\" loading=\"lazy\"\/>  Giovanna Lancellotti \u2014 Foto: reprodu\u00e7\u00e3o\/instagram            <img decoding=\"async\" class=\"content-media__image\"  src=\"https:\/\/www.europesays.com\/pt\/wp-content\/uploads\/2025\/11\/gilancellotti-1763912083-3772290427371117690-4381326.jpg\" alt=\"Giovanna Lancellotti \u2014 Foto: reprodu\u00e7\u00e3o\/instagram\" width=\"1440\" height=\"1920\" loading=\"lazy\"\/>  Giovanna Lancellotti \u2014 Foto: reprodu\u00e7\u00e3o\/instagram             <img decoding=\"async\" class=\"content-media__image\"  src=\"https:\/\/www.europesays.com\/pt\/wp-content\/uploads\/2025\/11\/gilancellotti-1763912083-3772290427253664037-4381326.jpg\" alt=\"Giovanna Lancellotti \u2014 Foto: reprodu\u00e7\u00e3o\/instagram\" width=\"1440\" height=\"1920\" loading=\"lazy\"\/>  Giovanna Lancellotti \u2014 Foto: reprodu\u00e7\u00e3o\/instagram            <img decoding=\"async\" class=\"content-media__image\"  src=\"https:\/\/www.europesays.com\/pt\/wp-content\/uploads\/2025\/11\/gilancellotti-1763912083-3772290427480124519-4381326.jpg\" alt=\"Giovanna Lancellotti \u2014 Foto: reprodu\u00e7\u00e3o\/instagram\" width=\"1440\" height=\"1919\" loading=\"lazy\"\/>  Giovanna Lancellotti \u2014 Foto: reprodu\u00e7\u00e3o\/instagram       <\/p>\n","protected":false},"excerpt":{"rendered":"Giovanna Lancellotti n\u00e3o poupou elogios ao marido, o presidente da Liga Independente das Escolas de Samba do Rio&hellip;\n","protected":false},"author":2,"featured_media":162916,"comment_status":"","ping_status":"","sticky":false,"template":"","format":"standard","meta":{"footnotes":""},"categories":[145],"tags":[211,210,114,115,32,33],"class_list":{"0":"post-162915","1":"post","2":"type-post","3":"status-publish","4":"format-standard","5":"has-post-thumbnail","7":"category-celebridades","8":"tag-celebridades","9":"tag-celebrities","10":"tag-entertainment","11":"tag-entretenimento","12":"tag-portugal","13":"tag-pt"},"share_on_mastodon":{"url":"https:\/\/pubeurope.com\/@pt\/115602500646067295","error":""},"_links":{"self":[{"href":"https:\/\/www.europesays.com\/pt\/wp-json\/wp\/v2\/posts\/162915","targetHints":{"allow":["GET"]}}],"collection":[{"href":"https:\/\/www.europesays.com\/pt\/wp-json\/wp\/v2\/posts"}],"about":[{"href":"https:\/\/www.europesays.com\/pt\/wp-json\/wp\/v2\/types\/post"}],"author":[{"embeddable":true,"href":"https:\/\/www.europesays.com\/pt\/wp-json\/wp\/v2\/users\/2"}],"replies":[{"embeddable":true,"href":"https:\/\/www.europesays.com\/pt\/wp-json\/wp\/v2\/comments?post=162915"}],"version-history":[{"count":0,"href":"https:\/\/www.europesays.com\/pt\/wp-json\/wp\/v2\/posts\/162915\/revisions"}],"wp:featuredmedia":[{"embeddable":true,"href":"https:\/\/www.europesays.com\/pt\/wp-json\/wp\/v2\/media\/162916"}],"wp:attachment":[{"href":"https:\/\/www.europesays.com\/pt\/wp-json\/wp\/v2\/media?parent=162915"}],"wp:term":[{"taxonomy":"category","embeddable":true,"href":"https:\/\/www.europesays.com\/pt\/wp-json\/wp\/v2\/categories?post=162915"},{"taxonomy":"post_tag","embeddable":true,"href":"https:\/\/www.europesays.com\/pt\/wp-json\/wp\/v2\/tags?post=162915"}],"curies":[{"name":"wp","href":"https:\/\/api.w.org\/{rel}","templated":true}]}}