{"id":162917,"date":"2025-11-24T03:15:14","date_gmt":"2025-11-24T03:15:14","guid":{"rendered":"https:\/\/www.europesays.com\/pt\/162917\/"},"modified":"2025-11-24T03:15:14","modified_gmt":"2025-11-24T03:15:14","slug":"fotografo-william-de-moura-morre-aos-74-anos-no-rio-apos-trajetoria-marcante-no-fotojornalismo-e-no-surfe","status":"publish","type":"post","link":"https:\/\/www.europesays.com\/pt\/162917\/","title":{"rendered":"Fot\u00f3grafo William de Moura morre aos 74 anos no Rio ap\u00f3s trajet\u00f3ria marcante no fotojornalismo e no surfe"},"content":{"rendered":"\n<p class=\" content-text__container theme-color-primary-first-letter\" data-track-category=\"Link no Texto\" data-track-links=\"\"> O fot\u00f3grafo William de Moura, que trabalhou no GLOBO e um dos pioneiros dos ensaios visuais em revistas de surfe no pa\u00eds, morreu neste domingo, aos 74 anos. Carioca de Santa Teresa, fez anivers\u00e1rio em 31 de agosto e deixa uma trajet\u00f3ria reconhecida por colegas e admiradores pelo olhar sens\u00edvel, pela versatilidade e pela capacidade \u00fanica de transformar o cotidiano em imagem. <\/p>\n<ul class=\"content-unordered-list\">\n<li><strong>Festa da diversidade: <\/strong><a class=\"\" href=\"https:\/\/oglobo.globo.com\/rio\/noticia\/2025\/11\/23\/alegria-e-brilho-tomam-conta-de-copacabana-na-30a-parada-do-orgulho-lgbti-do-rio.ghtml\" rel=\"nofollow noopener\" target=\"_blank\">Alegria e brilho tomam conta de Copacabana na 30\u00aa Parada do Orgulho LGBTI+ do Rio<\/a><\/li>\n<li><strong>Abertura de hospitais particulares dispara no Rio<\/strong>: <a class=\"\" href=\"https:\/\/oglobo.globo.com\/rio\/noticia\/2025\/11\/23\/abertura-de-hospitais-particulares-dispara-no-rio-13-liberados-e-47-estao-na-fila.ghtml\" rel=\"nofollow noopener\" target=\"_blank\">13 liberados e 47 est\u00e3o na fila<\/a><\/li>\n<\/ul>\n<p class=\" content-text__container \" data-track-category=\"Link no Texto\" data-track-links=\"\"> Segundo a fam\u00edlia, William de Moura morreu em decorr\u00eancia de um c\u00e2ncer agressivo no abd\u00f4men, descoberto em setembro deste ano. Ele havia deixado o Jornal O GLOBO em 2009. <\/p>\n<p class=\" content-text__container \" data-track-category=\"Link no Texto\" data-track-links=\"\"> A filha mais velha, Flavia Moura, contou que o pai n\u00e3o estava envolvido em nenhum projeto recente e vivia uma fase tranquila: <\/p>\n<p class=\" content-text__container \" data-track-category=\"Link no Texto\" data-track-links=\"\"> \u2014 Viveu a aposentadoria dele com muita alegria. <\/p>\n<p class=\" content-text__container \" data-track-category=\"Link no Texto\" data-track-links=\"\"> Ela afirmou que a perda \u00e9 dolorosa, mas trouxe algum al\u00edvio diante do sofrimento enfrentado nos \u00faltimos meses: <\/p>\n<ul class=\"content-unordered-list\">\n<li><strong>Morte na trilha:<\/strong> <a class=\"\" href=\"https:\/\/oglobo.globo.com\/rio\/noticia\/2025\/11\/23\/minutos-antes-de-o-pai-morrer-em-queda-de-pico-da-tijuca-filha-recebe-fotos-do-advogado-no-passeio-pela-mata.ghtml\" rel=\"nofollow noopener\" target=\"_blank\">Minutos antes de o pai morrer em queda de pico da Tijuca, filha recebe fotos do advogado no passeio pela mata<\/a><\/li>\n<\/ul>\n<p class=\" content-text__container \" data-track-category=\"Link no Texto\" data-track-links=\"\"> \u2014 O impacto n\u00e3o \u00e9 positivo para ningu\u00e9m. Mas, sabendo que ele estava em sofrimento, a gente entende que talvez tenha sido melhor para ele. <\/p>\n<p class=\" content-text__container \" data-track-category=\"Link no Texto\" data-track-links=\"\"> O enterro ser\u00e1 nesta segunda-feira, \u00e0s 10h, em Jacon\u00e9, em Saquarema. <\/p>\n<p class=\" content-text__container \" data-track-category=\"Link no Texto\" data-track-links=\"\"> A not\u00edcia da morte mobilizou amigos e profissionais que caminharam ao lado dele nas reda\u00e7\u00f5es e nas praias cariocas. Um colega de profiss\u00e3o resumiu assim a perda: <\/p>\n<p>      <img decoding=\"async\" class=\"content-media__image\"  src=\"https:\/\/www.europesays.com\/pt\/wp-content\/uploads\/2025\/11\/whatsapp-image-2025-11-23-at-14.02.00.jpeg\" alt=\"Fot\u00f3grafo William de Moura morreu aos 74 anos no Rio \u2014 Foto: Reprodu\u00e7\u00e3o\" width=\"206\" height=\"206\" loading=\"lazy\"\/>  Fot\u00f3grafo William de Moura morreu aos 74 anos no Rio \u2014 Foto: Reprodu\u00e7\u00e3o       <\/p>\n<p class=\" content-text__container \" data-track-category=\"Link no Texto\" data-track-links=\"\"> \u2014 Que triste. O brother era uma cara maneiro, ligado \u00e0 natureza. Nunca vou me esquecer de nossas disputas de corrida na areia, que nunca aconteceram \u2014 eram sempre uma disputa \u201cde boca\u201d, como ele costumava dizer. Apaixonado pelos filhos e netos. Fica aqui a homenagem. <\/p>\n<ul class=\"content-unordered-list\">\n<li><strong>Chuvas de ver\u00e3o:<\/strong> <a class=\"\" href=\"https:\/\/oglobo.globo.com\/rio\/noticia\/2025\/11\/23\/chuvas-de-verao-83percent-de-areas-de-30-municipios-do-rio-sao-vulneraveis-a-desastres-veja-onde-ficam.ghtml\" rel=\"nofollow noopener\" target=\"_blank\">83% de \u00e1reas de 30 munic\u00edpios do Rio s\u00e3o vulner\u00e1veis a desastres; veja<\/a><\/li>\n<\/ul>\n<p>De Santa Teresa \u00e0s reda\u00e7\u00f5es: o in\u00edcio de um olhar<\/p>\n<p class=\" content-text__container \" data-track-category=\"Link no Texto\" data-track-links=\"\"> Nascido e criado em Santa Teresa, bairro onde viveu at\u00e9 os 14 anos, William era filho de dona Nair, dona de casa, e de seu Juv\u00eancio, motorista do embaixador americano. Foi pelas m\u00e3os do pai que chegou ao universo dos jornais: adolescente, come\u00e7ou como laboratorista no Jornal O Dia, onde descobriu a fotografia e a edi\u00e7\u00e3o de imagens \u2014 \u00e1reas que viriam a moldar sua carreira. <\/p>\n<p class=\" content-text__container \" data-track-category=\"Link no Texto\" data-track-links=\"\"> Ainda jovem, ficou entre os tr\u00eas primeiros colocados em um concurso de fotografia promovido pela Prefeitura do Rio sobre o Jardim Bot\u00e2nico. A vit\u00f3ria refor\u00e7ou a certeza do caminho que queria seguir. <\/p>\n<ul class=\"content-unordered-list\">\n<li><strong>De acara nova:<\/strong> <a class=\"\" href=\"https:\/\/oglobo.globo.com\/rio\/noticia\/2025\/11\/23\/segunda-fase-de-revitalizacao-do-parque-do-flamengo-e-iniciada-neste-domingo.ghtml\" rel=\"nofollow noopener\" target=\"_blank\">Segunda fase de revitaliza\u00e7\u00e3o do Parque do Flamengo \u00e9 iniciada neste domingo<\/a><\/li>\n<\/ul>\n<p class=\" content-text__container \" data-track-category=\"Link no Texto\" data-track-links=\"\"> Apaixonado pelo mar, William se aventurou no surfe numa \u00e9poca em que o esporte ainda engatinhava no Brasil. Deixou o universo estritamente urbano para registrar aquilo que mais o movia: as ondas. Seu talento o levou \u00e0s maiores revistas especializadas do pa\u00eds, como Realce, Fluir e The Best of Peace, onde atuou tanto como fot\u00f3grafo quanto como editor de imagem. Foi nesse per\u00edodo que consolidou seu pioneirismo na fotografia de surfe, ganhando respeito entre atletas e profissionais do setor. <\/p>\n<p class=\" content-text__container \" data-track-category=\"Link no Texto\" data-track-links=\"\"> O destaque no universo esportivo abriu as portas para o Jornal O GLOBO, onde ingressou por promo\u00e7\u00e3o. Ali, expandiu seu repert\u00f3rio e passou a circular entre m\u00faltiplas editorias. <\/p>\n<ul class=\"content-unordered-list\">\n<li><strong>Joia de Burle Marx<\/strong>:<a class=\"\" href=\"https:\/\/oglobo.globo.com\/rio\/noticia\/2024\/07\/19\/joia-de-burle-max-jardins-do-mam-passam-por-grande-recuperacao-apos-24-anos-para-o-g20.ghtml\" rel=\"nofollow noopener\" target=\"_blank\"> jardins do MAM passam por grande recupera\u00e7\u00e3o, ap\u00f3s 24 anos, para o G20<\/a><\/li>\n<\/ul>\n<p class=\" content-text__container \" data-track-category=\"Link no Texto\" data-track-links=\"\"> William foi um profissional de muitos mundos. Cobriu celebridades, gastronomia, futebol, basquete, m\u00fasica, natureza, vida urbana e esportes radicais. Seu trabalho transitou do jornalismo di\u00e1rio \u00e0s pe\u00e7as publicit\u00e1rias, chegando tamb\u00e9m ao mercado internacional. Produziu ainda fotografia art\u00edstica \u2014 um acervo descrito pelos que o conheciam como \u201ccapaz de enganar o leitor, sem saber se \u00e9 retrato ou pintura\u201d. <\/p>\n<p class=\" content-text__container \" data-track-category=\"Link no Texto\" data-track-links=\"\"> Entre os registros marcantes do cotidiano carioca, est\u00e3o imagens que atravessam gera\u00e7\u00f5es. Em 24 de dezembro de 1988, fotografou Dona Zica, sambista da Mangueira, acompanhada dos netos, assistindo ao cap\u00edtulo de &#8220;Vale Tudo&#8221; em que a vil\u00e3 Odete Roitman \u00e9 assassinada \u2014 cena que voltaria a repercutir quase quatro d\u00e9cadas depois, com a grava\u00e7\u00e3o do remake. <\/p>\n<p>      <img decoding=\"async\" class=\"content-media__image\"  src=\"https:\/\/www.europesays.com\/pt\/wp-content\/uploads\/2025\/11\/105438316-rio-de-janeiro-rj-24-12-1988-televisao-tv-globo-novela-vale-tudo-dona-zica-sam.jpg\" alt=\"Dona Zica (sambista) e os netos assistem ao cap\u00edtulo da novela em que a vil\u00e3 Odete Roitman \u00e9 assassinada \u2014 Foto: William de Moura \/ Ag\u00eancia O Globo - Cromo: 89-273-A\" width=\"3032\" height=\"2103\" loading=\"lazy\"\/>  Dona Zica (sambista) e os netos assistem ao cap\u00edtulo da novela em que a vil\u00e3 Odete Roitman \u00e9 assassinada \u2014 Foto: William de Moura \/ Ag\u00eancia O Globo &#8211; Cromo: 89-273-A       <\/p>\n<p class=\" content-text__container \" data-track-category=\"Link no Texto\" data-track-links=\"\"> Em 27 de mar\u00e7o de 1995, registrou Rom\u00e1rio, ent\u00e3o jogador do Flamengo, provocando o advers\u00e1rio Renato ap\u00f3s vencer duas partidas de futev\u00f4lei na Praia de Ipanema. <\/p>\n<p>      <img decoding=\"async\" class=\"content-media__image\"  src=\"https:\/\/www.europesays.com\/pt\/wp-content\/uploads\/2025\/11\/112788800-rio-de-janeiro-rj-27-03-1995-romario-futebol-flamengo-depois-de-vencer-dois-sets-no-fu.jpg\" alt=\"Depois de vencer dois sets no futev\u00f4lei, na Praia de Ipanema, Rom\u00e1rio provoca o perdedor Renato (sentado). \u2014 Foto: Foto William de Moura \/ Ag\u00eancia O Globo\" width=\"4196\" height=\"5437\" loading=\"lazy\"\/>  Depois de vencer dois sets no futev\u00f4lei, na Praia de Ipanema, Rom\u00e1rio provoca o perdedor Renato (sentado). \u2014 Foto: Foto William de Moura \/ Ag\u00eancia O Globo       <\/p>\n<p class=\" content-text__container \" data-track-category=\"Link no Texto\" data-track-links=\"\"> No dia 3 de agosto de 1996, fotografou Edmundo durante sua apresenta\u00e7\u00e3o oficial como atleta do Vasco. <\/p>\n<p>      <img decoding=\"async\" class=\"content-media__image\"  src=\"https:\/\/www.europesays.com\/pt\/wp-content\/uploads\/2025\/11\/112207627-rio-de-janeiro-rj-13-08-1996-edmundo-jogador-de-futebol-apresentacao-do-jogador-no-vasco.j.jpeg\" alt=\"Apresenta\u00e7\u00e3o do jogador Edmundo no Vasco \u2014 Foto: William de Moura \/ Ag\u00eancia O Globo\" width=\"2753\" height=\"1733\" loading=\"lazy\"\/>  Apresenta\u00e7\u00e3o do jogador Edmundo no Vasco \u2014 Foto: William de Moura \/ Ag\u00eancia O Globo        <\/p>\n<p class=\" content-text__container \" data-track-category=\"Link no Texto\" data-track-links=\"\"> Essas e outras imagens se somam a um legado que ajudou a contar a hist\u00f3ria do Rio \u2014 por meio de um olhar atento, sempre carregado de humanidade e movimento. <\/p>\n<p class=\" content-text__container \" data-track-category=\"Link no Texto\" data-track-links=\"\"> William de Moura deixa filhos, netos, amigos e admiradores. Deixa tamb\u00e9m um acervo que atravessa d\u00e9cadas e revela a pluralidade de um fot\u00f3grafo que nunca se limitou a um tema. Do mar \u00e0s reda\u00e7\u00f5es, das ondas \u00e0s grandes personalidades, da arte ao cotidiano, fez de cada imagem uma forma de estar vivo \u2014 e de fazer o Rio viver atrav\u00e9s dele. <\/p>\n","protected":false},"excerpt":{"rendered":"O fot\u00f3grafo William de Moura, que trabalhou no GLOBO e um dos pioneiros dos ensaios visuais em revistas&hellip;\n","protected":false},"author":2,"featured_media":162918,"comment_status":"","ping_status":"","sticky":false,"template":"","format":"standard","meta":{"footnotes":""},"categories":[144],"tags":[207,205,206,203,201,202,204,114,115,32,33],"class_list":{"0":"post-162917","1":"post","2":"type-post","3":"status-publish","4":"format-standard","5":"has-post-thumbnail","7":"category-arte-e-design","8":"tag-arte","9":"tag-arte-e-design","10":"tag-artedesign","11":"tag-arts","12":"tag-arts-and-design","13":"tag-artsanddesign","14":"tag-design","15":"tag-entertainment","16":"tag-entretenimento","17":"tag-portugal","18":"tag-pt"},"share_on_mastodon":{"url":"https:\/\/pubeurope.com\/@pt\/115602504074358163","error":""},"_links":{"self":[{"href":"https:\/\/www.europesays.com\/pt\/wp-json\/wp\/v2\/posts\/162917","targetHints":{"allow":["GET"]}}],"collection":[{"href":"https:\/\/www.europesays.com\/pt\/wp-json\/wp\/v2\/posts"}],"about":[{"href":"https:\/\/www.europesays.com\/pt\/wp-json\/wp\/v2\/types\/post"}],"author":[{"embeddable":true,"href":"https:\/\/www.europesays.com\/pt\/wp-json\/wp\/v2\/users\/2"}],"replies":[{"embeddable":true,"href":"https:\/\/www.europesays.com\/pt\/wp-json\/wp\/v2\/comments?post=162917"}],"version-history":[{"count":0,"href":"https:\/\/www.europesays.com\/pt\/wp-json\/wp\/v2\/posts\/162917\/revisions"}],"wp:featuredmedia":[{"embeddable":true,"href":"https:\/\/www.europesays.com\/pt\/wp-json\/wp\/v2\/media\/162918"}],"wp:attachment":[{"href":"https:\/\/www.europesays.com\/pt\/wp-json\/wp\/v2\/media?parent=162917"}],"wp:term":[{"taxonomy":"category","embeddable":true,"href":"https:\/\/www.europesays.com\/pt\/wp-json\/wp\/v2\/categories?post=162917"},{"taxonomy":"post_tag","embeddable":true,"href":"https:\/\/www.europesays.com\/pt\/wp-json\/wp\/v2\/tags?post=162917"}],"curies":[{"name":"wp","href":"https:\/\/api.w.org\/{rel}","templated":true}]}}