{"id":162924,"date":"2025-11-24T03:31:23","date_gmt":"2025-11-24T03:31:23","guid":{"rendered":"https:\/\/www.europesays.com\/pt\/162924\/"},"modified":"2025-11-24T03:31:23","modified_gmt":"2025-11-24T03:31:23","slug":"dados-da-apav-idosos-vitimas-de-crime-aumentam-sobretudo-mulheres-apos-anos-de-violencia-domestica","status":"publish","type":"post","link":"https:\/\/www.europesays.com\/pt\/162924\/","title":{"rendered":"Dados da APAV. Idosos v\u00edtimas de crime aumentam, sobretudo mulheres ap\u00f3s anos de viol\u00eancia dom\u00e9stica"},"content":{"rendered":"<p>&#13;<br \/>\nDados da Associa\u00e7\u00e3o Portuguesa de Apoio \u00e0 V\u00edtima (APAV) mostram que as den\u00fancias t\u00eam vindo a crescer: entre 2019 e 2024, o n\u00famero de v\u00edtimas com mais de 65 anos apoiadas pela institui\u00e7\u00e3o aumentou 29%, passando de 1.341 para 1.730. Em 2025, at\u00e9 agosto, j\u00e1 foram apoiadas 1.557 v\u00edtimas, sendo 75% mulheres.&#13;\n<\/p>\n<p>&#13;<br \/>\nSegundo a Comiss\u00e3o para a Cidadania e Igualdade de G\u00e9nero (CIG), at\u00e9 setembro deste ano havia seis mulheres idosas em acolhimento de emerg\u00eancia e outras 27 em casas de abrigo. Atualmente, existem apenas duas casas especificamente destinadas a mulheres idosas v\u00edtimas de viol\u00eancia dom\u00e9stica.&#13;\n<\/p>\n<p>&#13;<br \/>\nNuma dessas casas vivem atualmente seis mulheres, &#8220;muitas de fam\u00edlias desestruturadas e de grande vulnerabilidade social e econ\u00f3mica&#8221;, mas &#8220;tamb\u00e9m pessoas de classe m\u00e9dia\/alta&#8221; porque o fen\u00f3meno \u00e9 transversal, como explicou \u00e0 Lusa um elemento da equipa t\u00e9cnica.&#13;\n<\/p>\n<p>&#13;<br \/>\nSalientou que est\u00e3o em causa fen\u00f3menos de viol\u00eancia &#8220;que se prolongaram durante muito tempo&#8221;. O agressor pode ser o companheiro, mas em cerca de metade dos casos s\u00e3o os pr\u00f3prios filhos, havendo tamb\u00e9m situa\u00e7\u00f5es em que o agressor era irm\u00e3o da v\u00edtima ou enteado.&#13;\n<\/p>\n<p>&#13;<br \/>\nO elemento da equipa t\u00e9cnica contou que no caso dos filhos, a rela\u00e7\u00e3o de viol\u00eancia tem v\u00e1rios anos, que as v\u00edtimas &#8220;\u00e0s vezes reportam que vem da inf\u00e2ncia a adversidade de lidar com eles&#8221;.&#13;\n<\/p>\n<p>&#13;<br \/>\nEtelvina Silva, 62 anos, vi\u00fava, vive na casa h\u00e1 pouco mais de um m\u00eas e contou que o filho lhe bateu v\u00e1rias vezes, na \u00faltima das quais dando-lhe &#8220;murros na cara, pontap\u00e9s&#8221; e &#8220;partiu a cabe\u00e7a&#8221;.&#13;\n<\/p>\n<p>&#13;<br \/>\n&#8220;O meu filho \u00e9 drogado, \u00e9 violento. Se eu n\u00e3o lhe dava dinheiro ou tabaco batia-me logo&#8221;, contou \u00e0 Lusa.&#13;\n<\/p>\n<p>&#13;<br \/>\nRevelou ter feito diversas queixas contra o filho, em resultado das quais havia uma ordem do tribunal para que n\u00e3o se aproximasse da m\u00e3e, mas que de pouco serviu.&#13;\n<\/p>\n<p>&#13;<br \/>\nN\u00e3o sabe quanto tempo vai precisar ficar na casa de abrigo, mas n\u00e3o quer voltar para a casa onde vivia nem voltar a ver o filho: &#8220;Nunca mais quero v\u00ea-lo, nunca mais&#8221;.&#13;\n<\/p>\n<p>&#13;<br \/>\nA dura\u00e7\u00e3o prolongada da vitima\u00e7\u00e3o tamb\u00e9m acontece nos casos em que o agressor \u00e9 o companheiro ou c\u00f4njuge, come\u00e7ando por vezes durante o per\u00edodo de namoro, como com Odete Pereira, 72 anos, que quer agora divorciar-se do marido com quem esteve casada 45 anos.&#13;\n<\/p>\n<p>&#13;<br \/>\n&#8220;Vivi sempre com viol\u00eancia dom\u00e9stica&#8221;, afirmou, adiantando que houve &#8220;muitas tentativas de acabar o casamento e sair de casa, mas n\u00e3o havia casas como estas&#8221;.&#13;\n<\/p>\n<p>&#13;<br \/>\n\u00c0 Lusa descreveu uma rela\u00e7\u00e3o &#8220;sempre com viol\u00eancia presente&#8221;: &#8220;Dizia que me atirava pela janela e chegou-me a bater&#8221;.&#13;\n<\/p>\n<p>&#13;<br \/>\nA &#8220;gota de \u00e1gua&#8221; foi quando o marido deu &#8220;um enxerto de pancada ao filho, com mais de 30 socos na cara&#8221; e Odete decidiu que &#8220;n\u00e3o conseguia viver mais com medo&#8221;.&#13;\n<\/p>\n<p>&#13;<br \/>\nChamou a pol\u00edcia, apresentaram queixa e foi encaminhada para a casa de abrigo, onde chegou &#8220;em estado de choque&#8221;: &#8220;Tive uma s\u00e9rie de dias que n\u00e3o me conseguia mexer e estava com tantas dores no pesco\u00e7o que parecia que eu tinha um pesco\u00e7o de pedra por causa dos nervos que acumulava&#8221;.&#13;\n<\/p>\n<p>&#13;<br \/>\nRelatou que os &#8220;filhos est\u00e3o muit\u00edssimo marcados&#8221; e disse que espera agora que a ajudem a &#8220;refazer os \u00faltimos anos da vida&#8221;: &#8220;O que eu queria era voltar para a minha casa porque me fartei de trabalhar e tenho direito a n\u00e3o perder a minha dignidade e ter que aguentar isto at\u00e9 morrer n\u00e3o \u00e9 justo&#8221;.&#13;\n<\/p>\n<p>&#13;<br \/>\nNa casa de abrigo conseguiu n\u00e3o s\u00f3 descansar como &#8220;ter sentimentos que n\u00e3o tinha desde antes de estar casada&#8221;: &#8220;Sentir-me sossegada, sentir-me em paz, ter alegria&#8221;.&#13;\n<\/p>\n<p>&#13;<br \/>\nA Gertrudes Pereira, 75 anos, se lhe dessem a escolher, pedia para n\u00e3o mais sair da casa de abrigo. Tem uma hist\u00f3ria dif\u00edcil de contar: violada v\u00e1rias vezes pelo mesmo homem, a primeira vez quando tinha 64 anos. Mais tarde, \u00e9 v\u00edtima de agress\u00f5es f\u00edsicas em contexto de viol\u00eancia dom\u00e9stica por parte do enteado, filho do companheiro com quem vivia.&#13;\n<\/p>\n<p>&#13;<br \/>\nPara a equipa t\u00e9cnica, o grande desafio surge no momento de procurar solu\u00e7\u00f5es de futuro para estas mulheres. Muitas precisariam de integrar respostas sociais permanentes, como vagas em lares, mas acabam preteridas face a outros casos considerados mais urgentes. &#13;\n<\/p>\n<p>&#13;<br \/>\n&#8220;Estas senhoras acabam por ser duplamente v\u00edtimas, por estarem mais isoladas do que a restante popula\u00e7\u00e3o e, portanto, se houver uma resposta mais c\u00e9lere, certamente h\u00e1 uma maior estabilidade emocional&#8221;, defendeu um elemento da equipa t\u00e9cnica.&#13;\n<\/p>\n<p>&#13;<br \/>\nApontou igualmente que a sa\u00fade \u00e9 um grande desafio nestes casos, &#8220;por causa da idade, de algumas doen\u00e7as que n\u00e3o est\u00e3o diagnosticadas&#8221;, al\u00e9m de casos de dem\u00eancias iniciais ou outras doen\u00e7as mentais.&#13;\n<\/p>\n<p>&#13;<br \/>\nA psic\u00f3loga explicou, por outro lado, que h\u00e1 muitas vezes um quadro de &#8220;muita depend\u00eancia emocional&#8221; em rela\u00e7\u00e3o aos respetivos agressores, al\u00e9m de depend\u00eancia financeira, o que explica muitas vezes a raz\u00e3o por que estas mulheres permanecem tanto tempo junto de quem as violenta.&#13;\n<\/p>\n<p>&#13;<br \/>\n&#8220;S\u00e3o pessoas com uma autoestima muito baixa porque foram anos a ouvir `tu n\u00e3o prestas, tu precisas de mim e n\u00e3o consegues viver sem mim` e, portanto, tento trabalhar a parte da autoestima e da autoconfian\u00e7a delas&#8221;, adiantou, acrescentando que precisa explicar-lhes que viol\u00eancia dom\u00e9stica \u00e9 mais do que agress\u00f5es f\u00edsicas e pode ser tamb\u00e9m viol\u00eancia psicol\u00f3gica, financeira ou mesmo neglig\u00eancia.&#13;\n<\/p>\n<p>&#13;<br \/>\nSegundo a psic\u00f3loga, algumas destas v\u00edtimas &#8220;est\u00e3o num estado depressivo muito grande&#8221;, o que \u00e9 um desafio no momento de definir um projeto de autonomiza\u00e7\u00e3o e criar as condi\u00e7\u00f5es para que estas mulheres saiam da casa de abrigo.&#13;\n<\/p>\n<p>&#13;<br \/>\nA viol\u00eancia dom\u00e9stica continua a ser um dos crimes que mais mata em Portugal. At\u00e9 30 de setembro registavam-se 19 mortes, 16 das quais mulheres, aproximando-se das 22 mortes registadas em todo o ano de 2024.&#13;\n<\/p>\n<p>&#13;<br \/>\nNa ter\u00e7a-feira, assinala-se o Dia Internacional pela Elimina\u00e7\u00e3o da Viol\u00eancia contra as Mulheres.&#13;<\/p>\n","protected":false},"excerpt":{"rendered":"&#13; Dados da Associa\u00e7\u00e3o Portuguesa de Apoio \u00e0 V\u00edtima (APAV) mostram que as den\u00fancias t\u00eam vindo a crescer:&hellip;\n","protected":false},"author":2,"featured_media":162925,"comment_status":"","ping_status":"","sticky":false,"template":"","format":"standard","meta":{"footnotes":""},"categories":[10],"tags":[27,28,34542,15,16,34543,14,25,26,21,22,12,13,19,20,34541,32,23,24,33,17,18,29,30,31],"class_list":{"0":"post-162924","1":"post","2":"type-post","3":"status-publish","4":"format-standard","5":"has-post-thumbnail","7":"category-portugal","8":"tag-breaking-news","9":"tag-breakingnews","10":"tag-cidadania-igualdade","11":"tag-featured-news","12":"tag-featurednews","13":"tag-gertrudes","14":"tag-headlines","15":"tag-latest-news","16":"tag-latestnews","17":"tag-main-news","18":"tag-mainnews","19":"tag-news","20":"tag-noticias","21":"tag-noticias-principais","22":"tag-noticiasprincipais","23":"tag-odete-etelvina","24":"tag-portugal","25":"tag-principais-noticias","26":"tag-principaisnoticias","27":"tag-pt","28":"tag-top-stories","29":"tag-topstories","30":"tag-ultimas","31":"tag-ultimas-noticias","32":"tag-ultimasnoticias"},"share_on_mastodon":{"url":"https:\/\/pubeurope.com\/@pt\/115602566884429576","error":""},"_links":{"self":[{"href":"https:\/\/www.europesays.com\/pt\/wp-json\/wp\/v2\/posts\/162924","targetHints":{"allow":["GET"]}}],"collection":[{"href":"https:\/\/www.europesays.com\/pt\/wp-json\/wp\/v2\/posts"}],"about":[{"href":"https:\/\/www.europesays.com\/pt\/wp-json\/wp\/v2\/types\/post"}],"author":[{"embeddable":true,"href":"https:\/\/www.europesays.com\/pt\/wp-json\/wp\/v2\/users\/2"}],"replies":[{"embeddable":true,"href":"https:\/\/www.europesays.com\/pt\/wp-json\/wp\/v2\/comments?post=162924"}],"version-history":[{"count":0,"href":"https:\/\/www.europesays.com\/pt\/wp-json\/wp\/v2\/posts\/162924\/revisions"}],"wp:featuredmedia":[{"embeddable":true,"href":"https:\/\/www.europesays.com\/pt\/wp-json\/wp\/v2\/media\/162925"}],"wp:attachment":[{"href":"https:\/\/www.europesays.com\/pt\/wp-json\/wp\/v2\/media?parent=162924"}],"wp:term":[{"taxonomy":"category","embeddable":true,"href":"https:\/\/www.europesays.com\/pt\/wp-json\/wp\/v2\/categories?post=162924"},{"taxonomy":"post_tag","embeddable":true,"href":"https:\/\/www.europesays.com\/pt\/wp-json\/wp\/v2\/tags?post=162924"}],"curies":[{"name":"wp","href":"https:\/\/api.w.org\/{rel}","templated":true}]}}