{"id":162926,"date":"2025-11-24T03:33:16","date_gmt":"2025-11-24T03:33:16","guid":{"rendered":"https:\/\/www.europesays.com\/pt\/162926\/"},"modified":"2025-11-24T03:33:16","modified_gmt":"2025-11-24T03:33:16","slug":"veja-a-reacao-de-luciano-huck-ao-nome-diferente-da-filha-de-rafa-kalimann","status":"publish","type":"post","link":"https:\/\/www.europesays.com\/pt\/162926\/","title":{"rendered":"Veja a rea\u00e7\u00e3o de Luciano Huck ao nome diferente da filha de Rafa Kalimann"},"content":{"rendered":"<p>O apresentador <a href=\"https:\/\/caras.com.br\/tags\/luciano-huck\" rel=\"nofollow noopener\" target=\"_blank\"><strong>Luciano Huck<\/strong><\/a> recebeu a influenciadora <a href=\"https:\/\/caras.com.br\/tags\/rafa-kalimann\" target=\"_blank\" rel=\"noopener nofollow\"><strong>Rafa Kalimann<\/strong><\/a> no palco do Doming\u00e3o na noite deste domingo, 23. Durante a atra\u00e7\u00e3o, o artista reagiu ao ouvir o nome da filho dela, que est\u00e1 \u00e0 espera de <a href=\"https:\/\/caras.com.br\/tags\/zuza\" target=\"_blank\" rel=\"noopener nofollow\"><strong>Zuza<\/strong><\/a>,\u00a0<a href=\"https:\/\/caras.com.br\/bebe\/ta-crescendo-rafa-kalimann-revela-como-esta-sua-barriga-de-gravida.phtml\" target=\"_blank\" rel=\"noopener nofollow\">que \u00e9 fruto de seu relacionamento<\/a>\u00a0com o cantor\u00a0<a href=\"https:\/\/caras.com.br\/tags\/nattan\" target=\"_blank\" rel=\"noopener nofollow\"><strong>Nattan.<\/strong><\/a><\/p>\n<p>\u201cHoje estamos trazendo Rafa Kalimann, a nossa gr\u00e1vida do ano!\u201d, anunciou o marido de Ang\u00e9lica. \u201cZuza, n\u00e9. Que del\u00edcia de nome\u201d, completou o apresentador.<\/p>\n<p> Qual a origem do nome Zuza? <\/p>\n<p>Em entrevista recente ao Gshow, Rafa comentou sobre a decis\u00e3o do casal de nomear a filha de Zuza. A escolha foi feita\u00a0 para homenagear a av\u00f3 de Nattan, dona Josefina, que faleceu recentemente e era carinhosamente chamada de Zuza.<\/p>\n<p>\u201cNattan e eu temos muita personalidade. Acho que j\u00e1 esperavam que o nome da nossa filha ou filho viria com muita personalidade. Minha fam\u00edlia sabia a import\u00e2ncia da av\u00f3 do Nattan para ele, ent\u00e3o receberam a escolha do nome com o m\u00e1ximo de carinho\u201c, disse ela.<\/p>\n<p>E ela tamb\u00e9m falou sobre as\u00a0cr\u00edticas em torno da escolha do casal: \u201cDe cara tem muitos que amam, tem outros que n\u00e3o gostam, mas o importante \u00e9 que estamos felizes. Ela vai ser muito feliz, e amada\u201c, declarou.<\/p>\n<p> Qual \u00e9 o significado do nome Zuza? <\/p>\n<p>De acordo com a revista Crescer, Zuza pode se referir a um diminutivo carinhoso de nomes como Zuzana ou Zulmira, associados a significados como \u201cde Deus\u201d ou \u201cluz\u201d.<\/p>\n<p><img loading=\"lazy\" decoding=\"async\" class=\"alignnone size-full wp-image-1030620 img-fluid lazy\" alt=\"\" width=\"1920\" height=\"1080\" src=\"https:\/\/www.europesays.com\/pt\/wp-content\/uploads\/2025\/11\/rafa-kalimann-1.jpg\"  \/><\/p>\n<p> Rafa Kalimann n\u00e3o vai contratar bab\u00e1s <\/p>\n<p>Em entrevista \u00e0 Marie Claire, Rafa revelou que a fam\u00edlia est\u00e1 bastante ansiosa com a chegada da menina. Al\u00e9m disso, a influenciadora explicou que, por conta da ampla rede de apoio, decidiu n\u00e3o contratar bab\u00e1s para ajud\u00e1-la com a filha.<\/p>\n<p>Inicialmente, ela ter\u00e1 a ajuda de Nattan, da m\u00e3e e da sogra. \u201cEu ainda n\u00e3o pensei muito na ideia [de contratar uma bab\u00e1]. Tenho uma rede de apoio s\u00f3lida, um parceiro que \u00e9 um pai muito presente e minha m\u00e3e e minha sogra querem me ajudar\u201d.<\/p>\n<p>\u201cEnt\u00e3o, acho que j\u00e1 ser\u00e1 uma grande ajuda que vou coordenar. Por\u00e9m sou muito aberta e se eu sentir necessidade no futuro, terei uma profissional mais direcionada ao meu lado\u201c, declarou a estrela.<a href=\"https:\/\/caras.com.br\/bebe\/rafa-kalimann-revela-decisao-envolvendo-a-filha-querem-me-ajudar.phtml\" rel=\"nofollow noopener\" target=\"_blank\"> Veja mais aqui!<\/a><\/p>\n<p> <img loading=\"lazy\" decoding=\"async\" class=\"size-full wp-image-1012792 img-fluid lazy\" alt=\"Astr\u00f3loga alerta para numerologia de Rafa Kalimann: '\u00c9 muito desconfiada'\" width=\"1920\" height=\"1080\" src=\"https:\/\/www.europesays.com\/pt\/wp-content\/uploads\/2025\/11\/rafa-kalimann.jpg\"  \/>Rafa Kalimann- Foto: Reprodu\u00e7\u00e3o\/Instagram <img loading=\"lazy\" decoding=\"async\" class=\"size-full wp-image-996612 img-fluid lazy\" alt=\"Rafa Kalimann e Nattan esperam Zuza - Foto: Reprodu\u00e7\u00e3o\/Instagram\" width=\"914\" height=\"513\" src=\"https:\/\/www.europesays.com\/pt\/wp-content\/uploads\/2025\/11\/rafa-kalimann-nattan-_11092756773.jpg\"\/>Rafa Kalimann e Nattan esperam Zuza \u2013 Foto: Reprodu\u00e7\u00e3o\/Instagram @rafakalimann <\/p>\n<p>Leia tamb\u00e9m: <a href=\"https:\/\/caras.com.br\/tv\/luciano-huck-revela-pedido-que-fez-ha-25-anos-e-so-foi-atendido-hoje-no-domingao.phtml\" rel=\"nofollow noopener\" target=\"_blank\">Luciano Huck revela pedido que fez h\u00e1 25 anos e s\u00f3 foi atendido hoje no Doming\u00e3o<\/a><\/p>\n<blockquote class=\"instagram-media\" style=\"background: #FFF; border: 0; border-radius: 3px; box-shadow: 0 0 1px 0 rgba(0,0,0,0.5),0 1px 10px 0 rgba(0,0,0,0.15); margin: 1px; max-width: 540px; min-width: 326px; padding: 0; width: calc(100% - 2px);\" data-instgrm-captioned=\"\" data-instgrm-permalink=\"https:\/\/www.instagram.com\/p\/DQw6TuOCZ4F\/?utm_source=ig_embed&amp;utm_campaign=loading\" data-instgrm-version=\"14\"><\/blockquote>\n<p>        <a href=\"https:\/\/caras.com.br\/autor\/juliana-dracz\" rel=\"nofollow noopener\" target=\"_blank\">&#13;<br \/>\n          <img loading=\"lazy\" decoding=\"async\" alt=\"Juliana Dracz\" src=\"https:\/\/www.europesays.com\/pt\/wp-content\/uploads\/2025\/09\/436551461_2434711450057729_5105646040807821088_n_sqmd.png\" class=\"avatar avatar-115 photo rounded-circle\" height=\"115\" width=\"115\"\/>        <\/a><\/p>\n<p>Juliana Dracz \u00e9 rep\u00f3rter de conte\u00fado do site CARAS. Formada em Jornalismo pela Universidade Cat\u00f3lica de Bras\u00edlia, ela j\u00e1 trabalhou em grandes sites de entretenimento. Atualmente, escreve sobre novelas, celebridades e TV.<\/p>\n<ul class=\"terms-list post_tag list-inline\">\n<li class=\"luciano-huck list-inline-item\">\n\t\t\t\t\t<a href=\"https:\/\/caras.com.br\/tags\/luciano-huck\" class=\"item-category\" rel=\"nofollow noopener\" target=\"_blank\">luciano huck<\/a>\n\t\t\t\t<\/li>\n<li class=\"rafa-kalimann list-inline-item\">\n\t\t\t\t\t<a href=\"https:\/\/caras.com.br\/tags\/rafa-kalimann\" class=\"item-category\" rel=\"nofollow noopener\" target=\"_blank\">Rafa Kalimann<\/a>\n\t\t\t\t<\/li>\n<\/ul>\n<p>\t                                            <script async src=\"\/\/www.instagram.com\/embed.js\"><\/script><\/p>\n","protected":false},"excerpt":{"rendered":"O apresentador Luciano Huck recebeu a influenciadora Rafa Kalimann no palco do Doming\u00e3o na noite deste domingo, 23.&hellip;\n","protected":false},"author":2,"featured_media":162927,"comment_status":"","ping_status":"","sticky":false,"template":"","format":"standard","meta":{"footnotes":""},"categories":[145],"tags":[211,210,114,115,2815,32,33,2612],"class_list":{"0":"post-162926","1":"post","2":"type-post","3":"status-publish","4":"format-standard","5":"has-post-thumbnail","7":"category-celebridades","8":"tag-celebridades","9":"tag-celebrities","10":"tag-entertainment","11":"tag-entretenimento","12":"tag-luciano-huck","13":"tag-portugal","14":"tag-pt","15":"tag-rafa-kalimann"},"share_on_mastodon":{"url":"https:\/\/pubeurope.com\/@pt\/115602575066199547","error":""},"_links":{"self":[{"href":"https:\/\/www.europesays.com\/pt\/wp-json\/wp\/v2\/posts\/162926","targetHints":{"allow":["GET"]}}],"collection":[{"href":"https:\/\/www.europesays.com\/pt\/wp-json\/wp\/v2\/posts"}],"about":[{"href":"https:\/\/www.europesays.com\/pt\/wp-json\/wp\/v2\/types\/post"}],"author":[{"embeddable":true,"href":"https:\/\/www.europesays.com\/pt\/wp-json\/wp\/v2\/users\/2"}],"replies":[{"embeddable":true,"href":"https:\/\/www.europesays.com\/pt\/wp-json\/wp\/v2\/comments?post=162926"}],"version-history":[{"count":0,"href":"https:\/\/www.europesays.com\/pt\/wp-json\/wp\/v2\/posts\/162926\/revisions"}],"wp:featuredmedia":[{"embeddable":true,"href":"https:\/\/www.europesays.com\/pt\/wp-json\/wp\/v2\/media\/162927"}],"wp:attachment":[{"href":"https:\/\/www.europesays.com\/pt\/wp-json\/wp\/v2\/media?parent=162926"}],"wp:term":[{"taxonomy":"category","embeddable":true,"href":"https:\/\/www.europesays.com\/pt\/wp-json\/wp\/v2\/categories?post=162926"},{"taxonomy":"post_tag","embeddable":true,"href":"https:\/\/www.europesays.com\/pt\/wp-json\/wp\/v2\/tags?post=162926"}],"curies":[{"name":"wp","href":"https:\/\/api.w.org\/{rel}","templated":true}]}}