{"id":162961,"date":"2025-11-24T05:19:13","date_gmt":"2025-11-24T05:19:13","guid":{"rendered":"https:\/\/www.europesays.com\/pt\/162961\/"},"modified":"2025-11-24T05:19:13","modified_gmt":"2025-11-24T05:19:13","slug":"nutriente-presente-em-peixes-atua-como-um-anti-inflamatorio-natural","status":"publish","type":"post","link":"https:\/\/www.europesays.com\/pt\/162961\/","title":{"rendered":"Nutriente presente em peixes atua como um anti-inflamat\u00f3rio natural"},"content":{"rendered":"<p>Quando se fala em estrat\u00e9gias naturais para reduzir a inflama\u00e7\u00e3o no organismo, o <a href=\"https:\/\/www.metropoles.com\/saude\/omega-3-protege-do-alzheimer\" rel=\"nofollow noopener\" target=\"_blank\">\u00f4mega 3<\/a> aparece como um dos grandes aliados. A <a href=\"https:\/\/www.instagram.com\/cynthiatavora\/\" rel=\"noopener nofollow\" target=\"_blank\">nutricionista Cynthia T\u00e1vora<\/a> explica que esse tipo de gordura essencial participa de processos fundamentais do corpo, especialmente no controle da <a href=\"https:\/\/www.metropoles.com\/vida-e-estilo\/qual-dieta-seguir-para-reduzir-inflamacao-e-perder-gordura-acumulada\" rel=\"nofollow noopener\" target=\"_blank\">inflama\u00e7\u00e3o<\/a> e no funcionamento adequado do sistema <a href=\"https:\/\/www.metropoles.com\/saude\/sinais-de-doencas-cardiovasculares\" rel=\"nofollow noopener\" target=\"_blank\">cardiovascular.<\/a><\/p>\n<p>Segundo a especialista, o nutriente ajuda a equilibrar a produ\u00e7\u00e3o de eicosanoides, subst\u00e2ncias que atuam como \u201cmensageiras da inflama\u00e7\u00e3o\u201d. \u201cQuando existe um desequil\u00edbrio nesses compostos, o corpo tende a permanecer em estado inflamat\u00f3rio. O \u00f4mega 3 funciona como um regulador natural, ajudando a modular essa resposta\u201d, afirma Cinthia.<\/p>\n<p><img loading=\"lazy\" decoding=\"async\" class=\"wp-image-2772651 size-full\" src=\"https:\/\/www.europesays.com\/pt\/wp-content\/uploads\/2025\/11\/GettyImages-1347857819-2.jpg\" alt=\"A imagem \u00e9 composta por uma pe\u00e7a de salm\u00e3o na cor laranja. Atr\u00e1s do peixe h\u00e1 um folhas verdes e um br\u00f3colis. Na frente, h\u00e1 um vidro com capsulas de \u00f4mega 3\" width=\"1200\" height=\"800\" data-description=\"carlosgaw\/ Getty Images\"  \/>O nutriente \u00f4mega 3 \u00e9 encontrado em peixes e sementes, mas pode ser produzido a partir de extratos de algas<\/p>\n<blockquote><p>Entre os tipos mais importantes est\u00e3o o EPA e o DHA, amplamente estudados pela ci\u00eancia. De acordo com Cynthia, o EPA tem papel direto na regula\u00e7\u00e3o da inflama\u00e7\u00e3o e na prote\u00e7\u00e3o cardiovascular, enquanto o DHA comp\u00f5e as membranas dos neur\u00f4nios e da retina, sendo essencial para cogni\u00e7\u00e3o, vis\u00e3o e desempenho cerebral. \u201cEles trabalham como uma dupla que sustenta tanto o cora\u00e7\u00e3o quanto o <a href=\"https:\/\/www.metropoles.com\/saude\/3-bebidas-ajudam-cerebro-e-memoria\" rel=\"nofollow noopener\" target=\"_blank\">c\u00e9rebro<\/a>\u201d, explica a nutricionista.<\/p><\/blockquote>\n<p>Saiba quais alimentos s\u00e3o ricos em \u00f4mega 3<\/p>\n<p>Cinthia destaca que boas fontes de \u00f4mega 3 incluem <a href=\"https:\/\/www.metropoles.com\/vida-e-estilo\/peixe-brasileiro-e-um-dos-mais-saudaveis-do-mundo-segundo-artigo\" rel=\"nofollow noopener\" target=\"_blank\">peixes<\/a>, a exemplo de salm\u00e3o selvagem, sardinha, atum, cavala e anchova. O ideal, segundo ela, \u00e9 inserir duas a tr\u00eas por\u00e7\u00f5es por semana no card\u00e1pio.<\/p>\n<blockquote><p>\u201cJ\u00e1 vers\u00f5es vegetais, como linha\u00e7a, chia e nozes, tamb\u00e9m contribuem, mas de forma menos eficiente na produ\u00e7\u00e3o de EPA e DHA. Esses alimentos s\u00e3o saud\u00e1veis, mas n\u00e3o fornecem a mesma quantidade dos \u00e1cidos graxos presentes nos peixes\u201d, orienta.<\/p><\/blockquote>\n<p><img decoding=\"async\" src=\"https:\/\/www.europesays.com\/pt\/wp-content\/uploads\/2025\/11\/GettyImages-1444546772.jpg\" loading=\"lazy\"\/><\/p>\n<p>Fechar modal.<\/p>\n<p><img decoding=\"async\" src=\"https:\/\/www.europesays.com\/pt\/wp-content\/uploads\/2025\/11\/1763474492_44_logo-metropoles-branca.png\" loading=\"lazy\"\/><img data-splide-lazy=\"https:\/\/i.metroimg.com\/ftDotWpPpVgQsKNylO9zWsd66tLW3t7JuzRQluCqEjs\/w:1200\/q:85\/f:webp\/plain\/2025\/01\/17144414\/GettyImages-1444546772.jpg\"\/>1 de 6<\/p>\n<p class=\"splide__caption\">O salm\u00e3o \u00e9 rico em triptofano e \u00f4mega-3<\/p>\n<p>Getty Images<img data-splide-lazy=\"https:\/\/i.metroimg.com\/v9tpL__lICqmN_G6rObvgMNSuZtp_j1tAq8zpQOy_V8\/w:1200\/q:85\/f:webp\/plain\/2024\/03\/26115921\/Sardinha-3.jpg\"\/>2 de 6<\/p>\n<p class=\"splide__caption\">A sardinha \u00e9 um tipo de peixe muito ben\u00e9fico para a sa\u00fade<\/p>\n<p>Getty Images<img data-splide-lazy=\"https:\/\/i.metroimg.com\/e5-sF_kUVZQBc9GT3ytnXjsWM2lnvuE34uNr0-v95pk\/w:1200\/q:85\/f:webp\/plain\/2025\/05\/06084051\/atum-1.jpg\"\/>3 de 6<\/p>\n<p class=\"splide__caption\">Atum \u00e9 uma boa fonte de ferro<\/p>\n<p>Getty Images<img data-splide-lazy=\"https:\/\/i.metroimg.com\/Gou9sLSpa9FM3junambVJm_DlRHMTK82gIz9d0qFfHo\/w:1200\/q:85\/f:webp\/plain\/2024\/01\/16155026\/Nozes-em-um-desenho-de-cerebro.jpg\"\/>4 de 6<\/p>\n<p class=\"splide__caption\">As nozes t\u00eam nutrientes que previnem o envelhecimento do c\u00e9rebro<\/p>\n<p>Master1305\/Getty Images<img data-splide-lazy=\"https:\/\/i.metroimg.com\/LUMKEncKUAckFt_JPeSv0baUdrDEjNg6pETEZKmxyGE\/w:1200\/q:85\/f:webp\/plain\/2025\/04\/25231142\/Linhaca-e-chia.jpg\"\/>5 de 6<\/p>\n<p class=\"splide__caption\">Consumir chia e linha\u00e7a ajuda a evitar os picos de glicose<\/p>\n<p>Getty Images<img data-splide-lazy=\"https:\/\/i.metroimg.com\/u46aGbaMN7Cy2YQGOwQkKFUSQgAXBb0a7wDR6OQKUws\/w:1200\/q:85\/f:webp\/plain\/2024\/03\/13145021\/GettyImages-1408037832-1.jpg\"\/>6 de 6<\/p>\n<p class=\"splide__caption\">C\u00e1psulas de \u00f4mega 3 podem ser t\u00f3xicas se consumidas fora da validade, diz a Anvisa<\/p>\n<p>Getty Images<\/p>\n<p>Em rela\u00e7\u00e3o ao consumo de c\u00e1psulas de \u00f4mega 3 para garantir o aporte do nutriente ao organismo, a expert refor\u00e7a que, mesmo que necess\u00e1rio em algumas situa\u00e7\u00f5es espec\u00edficas, a escolha do tipo de suplementa\u00e7\u00e3o requer cuidado.<\/p>\n<blockquote><p>\u201c\u00c9 fundamental avaliar pureza, origem e aus\u00eancia de metais pesados. A qualidade do \u00f3leo determina o efeito no organismo. Vale ressaltar que o uso do <a href=\"https:\/\/www.metropoles.com\/vida-e-estilo\/medica-alerta-suplementos-de-curcumina-podem-ter-efeitos-colaterais\" rel=\"nofollow noopener\" target=\"_blank\">suplemento<\/a> precisa ser feito com acompanhamento profissional\u201d, refor\u00e7a.<\/p><\/blockquote>\n<p>N\u00e3o \u00e9 um tratamento isolado<\/p>\n<p>A\u00a0 nutricionista lembra, por fim, que nenhum alimento faz \u201cmilagres\u201d isoladamente. Ela explica que a condi\u00e7\u00e3o \u00e9 multifatorial e melhora quando o corpo est\u00e1 em equil\u00edbrio.<\/p>\n<p><img loading=\"lazy\" decoding=\"async\" class=\"size-full wp-image-4008451\" src=\"https:\/\/www.europesays.com\/pt\/wp-content\/uploads\/2025\/11\/erro-medico-4.jpg\" alt=\"Ilustra\u00e7\u00e3o colorida com pessoa real, vestida de branco, representando um m\u00e9dico com sinal de exclama\u00e7\u00e3o em vermelho em frente - Metr\u00f3poles.\" width=\"1200\" height=\"800\" data-description=\"Natali_mis \/ Getty Images\"  \/>Busque sempre indica\u00e7\u00e3o de um especialista da \u00e1rea da sa\u00fade<\/p>\n<p>\u201cO \u00f4mega 3 \u00e9 uma pe\u00e7a valiosa do quebra-cabe\u00e7a, por\u00e9m, os resultados aparecem quando v\u00eam acompanhados de alimenta\u00e7\u00e3o adequada, controle do <a href=\"https:\/\/www.metropoles.com\/saude\/pouca-agua-estresse-doencas-cronicas\" rel=\"nofollow noopener\" target=\"_blank\">estresse,<\/a> <a href=\"https:\/\/www.metropoles.com\/colunas\/claudia-meireles\/de-pressao-alta-a-demencia-como-a-privacao-do-sono-pode-te-prejudicar\" rel=\"nofollow noopener\" target=\"_blank\">sono de qualidade<\/a> e pr\u00e1tica regular de <a href=\"https:\/\/www.metropoles.com\/vida-e-estilo\/entenda-como-a-atividade-fisica-pode-ajudar-na-saude-mental\" rel=\"nofollow noopener\" target=\"_blank\">atividade f\u00edsica<\/a>\u201d, completa.<\/p>\n<p><strong>Para saber mais, siga o<a href=\"https:\/\/www.instagram.com\/metropolesvida_estilo\/\" rel=\"noopener nofollow\" target=\"_blank\">\u00a0perfil de Vida&amp;Estilo no Instagram<\/a><\/strong><\/p>\n<p><script async src=\"\/\/www.instagram.com\/embed.js\"><\/script><\/p>\n","protected":false},"excerpt":{"rendered":"Quando se fala em estrat\u00e9gias naturais para reduzir a inflama\u00e7\u00e3o no organismo, o \u00f4mega 3 aparece como um&hellip;\n","protected":false},"author":2,"featured_media":162962,"comment_status":"","ping_status":"","sticky":false,"template":"","format":"standard","meta":{"footnotes":""},"categories":[86],"tags":[116,32,33,117],"class_list":{"0":"post-162961","1":"post","2":"type-post","3":"status-publish","4":"format-standard","5":"has-post-thumbnail","7":"category-saude","8":"tag-health","9":"tag-portugal","10":"tag-pt","11":"tag-saude"},"share_on_mastodon":{"url":"https:\/\/pubeurope.com\/@pt\/115602991814299847","error":""},"_links":{"self":[{"href":"https:\/\/www.europesays.com\/pt\/wp-json\/wp\/v2\/posts\/162961","targetHints":{"allow":["GET"]}}],"collection":[{"href":"https:\/\/www.europesays.com\/pt\/wp-json\/wp\/v2\/posts"}],"about":[{"href":"https:\/\/www.europesays.com\/pt\/wp-json\/wp\/v2\/types\/post"}],"author":[{"embeddable":true,"href":"https:\/\/www.europesays.com\/pt\/wp-json\/wp\/v2\/users\/2"}],"replies":[{"embeddable":true,"href":"https:\/\/www.europesays.com\/pt\/wp-json\/wp\/v2\/comments?post=162961"}],"version-history":[{"count":0,"href":"https:\/\/www.europesays.com\/pt\/wp-json\/wp\/v2\/posts\/162961\/revisions"}],"wp:featuredmedia":[{"embeddable":true,"href":"https:\/\/www.europesays.com\/pt\/wp-json\/wp\/v2\/media\/162962"}],"wp:attachment":[{"href":"https:\/\/www.europesays.com\/pt\/wp-json\/wp\/v2\/media?parent=162961"}],"wp:term":[{"taxonomy":"category","embeddable":true,"href":"https:\/\/www.europesays.com\/pt\/wp-json\/wp\/v2\/categories?post=162961"},{"taxonomy":"post_tag","embeddable":true,"href":"https:\/\/www.europesays.com\/pt\/wp-json\/wp\/v2\/tags?post=162961"}],"curies":[{"name":"wp","href":"https:\/\/api.w.org\/{rel}","templated":true}]}}