{"id":162969,"date":"2025-11-24T05:52:42","date_gmt":"2025-11-24T05:52:42","guid":{"rendered":"https:\/\/www.europesays.com\/pt\/162969\/"},"modified":"2025-11-24T05:52:42","modified_gmt":"2025-11-24T05:52:42","slug":"sim-a-reforma-laboral-nao-ao-servico-militar-obrigatorio-cotrim-de-figueiredo-defende-regulacao-da-imigracao-se-nao-houver-alternativa-de-contratar-pessoas-por-menos-dinheiro-os-salarios-vao-subi","status":"publish","type":"post","link":"https:\/\/www.europesays.com\/pt\/162969\/","title":{"rendered":"Sim \u00e0 reforma laboral, n\u00e3o ao servi\u00e7o militar obrigat\u00f3rio. Cotrim de Figueiredo defende regula\u00e7\u00e3o da imigra\u00e7\u00e3o: &#8220;Se n\u00e3o houver alternativa de contratar pessoas por menos dinheiro, os sal\u00e1rios v\u00e3o subir&#8221;"},"content":{"rendered":"<p>\t                Em entrevista \u00e0 CNN Portugal, o candidato a Presidente da Rep\u00fablica explicou de que forma a flexibilidade laboral, ao contr\u00e1rio do que muitos dizem, pode ser boa para os trabalhadores<\/p>\n<p style=\"margin-bottom:11px\">Se fosse Presidente da Rep\u00fablica, Jo\u00e3o Cotrim de Figueiredo promulgaria a nova legisla\u00e7\u00e3o laboral proposta pelo Governo. &#8220;N\u00e3o \u00e9 o pacote perfeito, mas promulgaria&#8221;, diz o candidato, sublinhando que h\u00e1 normas nesta reforma laboral que n\u00e3o lhe agradam &#8211; como as que se referem ao &#8220;trabalho noturno de pais de crian\u00e7as com necessidades especiais e o esquema de amamenta\u00e7\u00e3o&#8221; e que contrariam a necessidade de incentivar a natalidade &#8211; mas defendendo, apesar de tudo, que Portugal &#8220;precisa de melhores sal\u00e1rios&#8221; para evitar a emigra\u00e7\u00e3o de jovens e precisam de mais flexibilidade laboral para promover o crescimento econ\u00f3mico.<\/p>\n<p style=\"margin-bottom:11px\">Entrevistado na rubrica &#8220;Verdade e Consequ\u00eancia&#8221; pelo jornalista Andr\u00e9 Carvalho Ramos e pelos comentadores da CNN Portugal Pedro Costa e Francisco Rodrigues dos Santos, o antigo l\u00edder da Iniciativa Liberal come\u00e7ou por brincar dizendo &#8220;Prometo ficar ate ao fim da entrevista&#8221; e terminou com a m\u00fasica &#8220;Poetas de Karaoke&#8221;, de Sam the Kid, que escolheu porque, explicou, o faz lembrar os seus opositores: &#8220;Dizem que cantam hip-hop, mas n\u00e3o dizem nada<br \/>v\u00eam com poesia mas \u00e9 s\u00f3 fachada&#8221;.<\/p>\n<p>Sobre a reforma laboral, tema que ocupou grande parte da entrevista, Cotrim Figueiredo defendeu que, ao contr\u00e1rio do que muitos dizem, a flexibilidade laboral n\u00e3o \u00e9 algo que beneficia apenas os empregadores mas tamb\u00e9m os trabalhadores: &#8220;Quando eu digo que a precariedade n\u00e3o \u00e9 uma fragilidade em si, n\u00e3o \u00e9 a exist\u00eancia ou n\u00e3o de contratos a prazo, \u00e9 a necessidade de mudar de emprego mais do que uma vez \u2013 at\u00e9 porque \u00e9 tamb\u00e9m clar\u00edssimo em Portugal que os saltos salariais mais importantes se d\u00e3o quando se mudam de emprego&#8221;, explicou. &#8220;Numa economia mais din\u00e2mica, uma legisla\u00e7\u00e3o mais flex\u00edvel vai favorecer a cria\u00e7\u00e3o e emprego e a cria\u00e7\u00e3o de empresas e o crescimento de empresas&#8221;, disse, sublinhando que &#8220;empresas maiores pagam sal\u00e1rios maiores&#8221;.<\/p>\n<p>&#8220;\u00c9 muitas vezes prefer\u00edvel ter esse tipo de flexibilidade e evitar que a empresa tenha mais tarde um despedimento coletivo&#8221;, defendeu.\u00a0<\/p>\n<p>Na sua opini\u00e3o, n\u00e3o faz sentido dizer\u00a0que &#8220;est\u00e1 tudo bem&#8221; quando &#8220;existem no pa\u00eds\u00a040% das pessoas abaixo do limiar da pobreza antes dos apoios sociais&#8221;.\u00a0<\/p>\n<p>&#8220;Rom\u00e2ntico \u00e9 achar que alguma coisa vai mudar por magia. N\u00e3o vai, temos que mudar, entre outras, a legisla\u00e7\u00e3o laboral&#8221;, disse.<\/p>\n<p>&#8220;O emprego tem de ser criado em setores onde h\u00e1 baixa produtivade, nomeadamente o turismo, a agricultura, a constru\u00e7\u00e3o, onde tem sido cada vez mais frequente o recurso a m\u00e3o de obra importada que est\u00e1 dispon\u00edvel para trabalhar a um pre\u00e7o mais baixo&#8221;, afirmou. &#8220;Se queremos uma economia que gere oportunidades e emprego para as pessoas, e que essas oportunidades d\u00eam poder negocial ao trabalhador para que aumente o sal\u00e1rio&#8221; n\u00e3o se pode permitir que entrem no pa\u00eds milhares de pessoas &#8220;dispon\u00edveis para trabalhar por menos dinheiro&#8221;, disse, criticando a pol\u00edtica migrat\u00f3ria que vigorou durante os governos de Ant\u00f3nio Costa. &#8220;Estes anos em que entraram um milh\u00e3o de pessoas impediu o aumento salarial. (&#8230;) Se n\u00e3o houver alternativa de contratar pessoas por menos dinheiro, os sal\u00e1rios v\u00e3o subir.&#8221;<\/p>\n<p>Sobre o papel do Presidente da Rep\u00fablica, cargo a que se candidata, diz ter no\u00e7\u00e3o de que n\u00e3o \u00e9 um cargo executivo, mas acredita que pode fazer a diferen\u00e7a: &#8220;N\u00e3o me vou estar a imiscuir no que o governo estiver a fazer, mas vou estar atento. E para isso \u00e9 muito importante estar a par dos diferentes setores. Seja qual for a cor do presidente haver\u00e1 desafios e s\u00f3 se v\u00e3o conseguir detetar as oportunidades se estivermos atentos.\u00a0Muitos dos problemas s\u00f3 existem porque n\u00e3o nos preparamos a tempo&#8221;, disse.<\/p>\n<p>Cotrim de Figueiredo diz que deixar o seu lugar no Parlamento Europeu para se candidar a PR &#8220;n\u00e3o foi uma decis\u00e3o f\u00e1cil&#8221;, mas f\u00ea-lo &#8220;em nome de um interesse maior&#8221;.\u00a0&#8220;Um chefe de Estado de um estado membro, mesmo sem ter fun\u00e7\u00f5es executivas, tem mais poder de influencia para resolver alguns n\u00f3s g\u00f3rdios que a europa vai ter que resolver nos pr\u00f3ximos anos do que um eurodeputado em 720&#8221;, disse.\u00a0&#8220;O Presidente da Rep\u00fablia deve ser algu\u00e9m preparado para resolver os problemas do futuro e interessado em faz\u00ea-lo.&#8221;<\/p>\n<p>Como presidente, ficamos tamb\u00e9m a saber, recusaria o fim do sal\u00e1rio m\u00ednimo nacional (apesar de preferir sal\u00e1rios min\u00edmos setoriais) e n\u00e3o aprovaria o regresso do servi\u00e7o militar obrigat\u00f3rio: &#8220;As compet\u00eancias mudaram muit\u00edssimo, os militares devem ser cada vez mais especialistas, conhecedores de tecnologia e por isso defendo a profissionaliza\u00e7\u00e3o das for\u00e7as armadas.&#8221;<\/p>\n<p>Cotrim de Figueiredo apresenta este domingo em Vila Nova de Gaia o manifesto da sua candidatura.<\/p>\n","protected":false},"excerpt":{"rendered":"Em entrevista \u00e0 CNN Portugal, o candidato a Presidente da Rep\u00fablica explicou de que forma a flexibilidade laboral,&hellip;\n","protected":false},"author":2,"featured_media":162970,"comment_status":"","ping_status":"","sticky":false,"template":"","format":"standard","meta":{"footnotes":""},"categories":[10],"tags":[609,611,454,27,28,22436,1736,607,608,832,610,1705,15,16,301,14,4578,17460,25,26,570,453,21,22,833,12,13,19,20,452,4532,4499,3596,52,32,1076,23,24,455,4579,33,17,18,29,30,31,7783],"class_list":{"0":"post-162969","1":"post","2":"type-post","3":"status-publish","4":"format-standard","5":"has-post-thumbnail","7":"category-portugal","8":"tag-alerta","9":"tag-ao-minuto","10":"tag-bloco-de-esquerda","11":"tag-breaking-news","12":"tag-breakingnews","13":"tag-candidatos","14":"tag-chega","15":"tag-cnn","16":"tag-cnn-portugal","17":"tag-costa","18":"tag-direto","19":"tag-eleicoes-presidenciais","20":"tag-featured-news","21":"tag-featurednews","22":"tag-governo","23":"tag-headlines","24":"tag-iniciativa-liberal","25":"tag-joao-cotrim-de-figueiredo","26":"tag-latest-news","27":"tag-latestnews","28":"tag-live","29":"tag-livre","30":"tag-main-news","31":"tag-mainnews","32":"tag-marcelo","33":"tag-news","34":"tag-noticias","35":"tag-noticias-principais","36":"tag-noticiasprincipais","37":"tag-pan","38":"tag-parlamento","39":"tag-partidos","40":"tag-pcp","41":"tag-politica","42":"tag-portugal","43":"tag-presidenciais-2026","44":"tag-principais-noticias","45":"tag-principaisnoticias","46":"tag-ps","47":"tag-psd","48":"tag-pt","49":"tag-top-stories","50":"tag-topstories","51":"tag-ultimas","52":"tag-ultimas-noticias","53":"tag-ultimasnoticias","54":"tag-ventura"},"share_on_mastodon":{"url":"","error":"Validation failed: Text character limit of 500 exceeded"},"_links":{"self":[{"href":"https:\/\/www.europesays.com\/pt\/wp-json\/wp\/v2\/posts\/162969","targetHints":{"allow":["GET"]}}],"collection":[{"href":"https:\/\/www.europesays.com\/pt\/wp-json\/wp\/v2\/posts"}],"about":[{"href":"https:\/\/www.europesays.com\/pt\/wp-json\/wp\/v2\/types\/post"}],"author":[{"embeddable":true,"href":"https:\/\/www.europesays.com\/pt\/wp-json\/wp\/v2\/users\/2"}],"replies":[{"embeddable":true,"href":"https:\/\/www.europesays.com\/pt\/wp-json\/wp\/v2\/comments?post=162969"}],"version-history":[{"count":0,"href":"https:\/\/www.europesays.com\/pt\/wp-json\/wp\/v2\/posts\/162969\/revisions"}],"wp:featuredmedia":[{"embeddable":true,"href":"https:\/\/www.europesays.com\/pt\/wp-json\/wp\/v2\/media\/162970"}],"wp:attachment":[{"href":"https:\/\/www.europesays.com\/pt\/wp-json\/wp\/v2\/media?parent=162969"}],"wp:term":[{"taxonomy":"category","embeddable":true,"href":"https:\/\/www.europesays.com\/pt\/wp-json\/wp\/v2\/categories?post=162969"},{"taxonomy":"post_tag","embeddable":true,"href":"https:\/\/www.europesays.com\/pt\/wp-json\/wp\/v2\/tags?post=162969"}],"curies":[{"name":"wp","href":"https:\/\/api.w.org\/{rel}","templated":true}]}}