{"id":162975,"date":"2025-11-24T06:05:13","date_gmt":"2025-11-24T06:05:13","guid":{"rendered":"https:\/\/www.europesays.com\/pt\/162975\/"},"modified":"2025-11-24T06:05:13","modified_gmt":"2025-11-24T06:05:13","slug":"referendo-na-eslovenia-revoga-lei-sobre-suicidio-assistido-ja-aprovada","status":"publish","type":"post","link":"https:\/\/www.europesays.com\/pt\/162975\/","title":{"rendered":"Referendo na Eslov\u00e9nia revoga lei sobre suic\u00eddio assistido j\u00e1 aprovada"},"content":{"rendered":"<p>De acordo com a contagem de 72% dos votos, mais de metade dos eleitores votou pela revoga\u00e7\u00e3o da lei, que foi promovida pelo Governo de centro-esquerda da Eslov\u00e9nia e criticada pela oposi\u00e7\u00e3o conservadora e pela Igreja Cat\u00f3lica.<\/p>\n<p>A participa\u00e7\u00e3o eleitoral foi de 35%, ultrapassando o limite de 20% necess\u00e1rio para que o resultado do referendo fosse v\u00e1lido.<\/p>\n<p>Antes de ser aprovada pelos deputados, a lei tinha sido aprovada numa consulta p\u00fablica n\u00e3o vinculativa.<\/p>\n<p>A primeira do g\u00e9nero num pa\u00eds da Europa de Leste, a lei estipulava que apenas os adultos mentalmente capazes, sofrendo insuportavelmente de uma doen\u00e7a terminal ou muito grave, sem perspetiva de melhoria, poderiam requerer o suic\u00eddio assistido.<\/p>\n<p>Para que o pedido fosse aprovado eram necess\u00e1rias v\u00e1rias avalia\u00e7\u00f5es m\u00e9dicas e psicol\u00f3gicas do doente, que teria de ingerir ou injetar a subst\u00e2ncia legal para p\u00f4r termo \u00e0 vida. Os profissionais de sa\u00fade, desde enfermeiros e m\u00e9dicos a farmac\u00eauticos, poderiam optar por n\u00e3o participar.<\/p>\n<p>Para os seus opositores, dos setores conservadores, da Igreja Cat\u00f3lica e do Partido Democr\u00e1tico Esloveno (SDS), a legisla\u00e7\u00e3o violava a prote\u00e7\u00e3o constitucional da vida.<\/p>\n<p>Leia Tamb\u00e9m: <a href=\"https:\/\/www.noticiasaominuto.com\/mundo\/2890451\/eslovenia-aprova-lei-que-amplia-poderes-policiais-em-zonas-de-alto-risco\" target=\"_blank\" rel=\"noreferrer noopener nofollow\">Eslov\u00e9nia aprova lei que amplia poderes policiais em zonas &#8220;de alto risco&#8221;<\/a><\/p>\n","protected":false},"excerpt":{"rendered":"De acordo com a contagem de 72% dos votos, mais de metade dos eleitores votou pela revoga\u00e7\u00e3o da&hellip;\n","protected":false},"author":2,"featured_media":162976,"comment_status":"","ping_status":"","sticky":false,"template":"","format":"standard","meta":{"footnotes":""},"categories":[50],"tags":[27,28,15,16,14,25,26,21,22,62,12,13,19,20,23,24,17,18,29,30,31,63,64,65],"class_list":{"0":"post-162975","1":"post","2":"type-post","3":"status-publish","4":"format-standard","5":"has-post-thumbnail","7":"category-mundo","8":"tag-breaking-news","9":"tag-breakingnews","10":"tag-featured-news","11":"tag-featurednews","12":"tag-headlines","13":"tag-latest-news","14":"tag-latestnews","15":"tag-main-news","16":"tag-mainnews","17":"tag-mundo","18":"tag-news","19":"tag-noticias","20":"tag-noticias-principais","21":"tag-noticiasprincipais","22":"tag-principais-noticias","23":"tag-principaisnoticias","24":"tag-top-stories","25":"tag-topstories","26":"tag-ultimas","27":"tag-ultimas-noticias","28":"tag-ultimasnoticias","29":"tag-world","30":"tag-world-news","31":"tag-worldnews"},"share_on_mastodon":{"url":"https:\/\/pubeurope.com\/@pt\/115603172510227978","error":""},"_links":{"self":[{"href":"https:\/\/www.europesays.com\/pt\/wp-json\/wp\/v2\/posts\/162975","targetHints":{"allow":["GET"]}}],"collection":[{"href":"https:\/\/www.europesays.com\/pt\/wp-json\/wp\/v2\/posts"}],"about":[{"href":"https:\/\/www.europesays.com\/pt\/wp-json\/wp\/v2\/types\/post"}],"author":[{"embeddable":true,"href":"https:\/\/www.europesays.com\/pt\/wp-json\/wp\/v2\/users\/2"}],"replies":[{"embeddable":true,"href":"https:\/\/www.europesays.com\/pt\/wp-json\/wp\/v2\/comments?post=162975"}],"version-history":[{"count":0,"href":"https:\/\/www.europesays.com\/pt\/wp-json\/wp\/v2\/posts\/162975\/revisions"}],"wp:featuredmedia":[{"embeddable":true,"href":"https:\/\/www.europesays.com\/pt\/wp-json\/wp\/v2\/media\/162976"}],"wp:attachment":[{"href":"https:\/\/www.europesays.com\/pt\/wp-json\/wp\/v2\/media?parent=162975"}],"wp:term":[{"taxonomy":"category","embeddable":true,"href":"https:\/\/www.europesays.com\/pt\/wp-json\/wp\/v2\/categories?post=162975"},{"taxonomy":"post_tag","embeddable":true,"href":"https:\/\/www.europesays.com\/pt\/wp-json\/wp\/v2\/tags?post=162975"}],"curies":[{"name":"wp","href":"https:\/\/api.w.org\/{rel}","templated":true}]}}