{"id":163004,"date":"2025-11-24T06:47:15","date_gmt":"2025-11-24T06:47:15","guid":{"rendered":"https:\/\/www.europesays.com\/pt\/163004\/"},"modified":"2025-11-24T06:47:15","modified_gmt":"2025-11-24T06:47:15","slug":"trump-recua-apos-acusar-democratas-de-sedicao-punivel-com-a-morte-ha-um-padrao-de-acoes-presidenciais-sem-precedentes","status":"publish","type":"post","link":"https:\/\/www.europesays.com\/pt\/163004\/","title":{"rendered":"Trump recua ap\u00f3s acusar democratas de \u201csedi\u00e7\u00e3o pun\u00edvel com a morte\u201d: h\u00e1 um padr\u00e3o de a\u00e7\u00f5es presidenciais sem precedentes"},"content":{"rendered":"<p>Donald Trump garante que <strong>\u201cn\u00e3o estava a amea\u00e7ar de morte\u201d os democratas<\/strong> que divulgaram um v\u00eddeo a incentivar os militares a recusarem-se a cumprir ordens ilegais. O Presidente norte-americano tentou esclarecer, em declara\u00e7\u00f5es \u00e0 \u201cFox News\u201d, o que quis dizer quando, nas redes sociais, acusou aqueles seis democratas de \u201ccomportamento sedicioso, pun\u00edvel com a morte\u201d.<\/p>\n<p>\u201cN\u00e3o estou a amea\u00e7ar de morte, mas acho que est\u00e3o em s\u00e9rios apuros. Se analisar a sedi\u00e7\u00e3o, \u00e9 uma forma, uma forma muito grave de trai\u00e7\u00e3o. \u00c9 uma coisa terr\u00edvel de se dizer, devo garantir-lhe.\u201d Al\u00e9m de fazer estas declara\u00e7\u00f5es, Trump sugeriu que o ministro da Defesa dos EUA e o vice-procurador-geral estavam a investigar o assunto.<\/p>\n<p>Os seis democratas, que t\u00eam experi\u00eancia militar ou nas secretas, consideraram que os coment\u00e1rios de Trump equivaliam a amea\u00e7as. \u201cPRENDAM-NOS???\u201d, tinha perguntado o chefe de Estado norte-americano, numa publica\u00e7\u00e3o na sua plataforma <strong>de redes sociais, Truth Social, na quinta-feira. Depois, partilhou a publica\u00e7\u00e3o de outra pessoa, que dizia: \u201cENFORCEM-NOS, GEORGE WASHINGTON FARIA ISSO!!<\/strong>\u201d Tamb\u00e9m os definiu como \u201ctraidores\u201d, referindo que era necess\u00e1rio aplicar-lhes um castigo exemplar.<\/p>\n<p>O v\u00eddeo dos democratas foi partilhado pela senadora do Michigan, Elissa Slotkin, e mostrava o senador Mark Kelly e os deputados Chris DeLuzio, Maggie Goodlander, Chrissy Houlahan e Jason Crow. Mark Kelly, que serviu na Marinha e \u00e9 ex-astronauta, afirmava, neste v\u00eddeo: \u201cAs nossas leis s\u00e3o claras. Pode recusar-se a cumprir ordens ilegais. <strong>Este governo est\u00e1 a colocar os nossos militares e profissionais dos servi\u00e7os de informa\u00e7\u00f5es fardados contra os cidad\u00e3os norte-americanos. <\/strong>Tal como n\u00f3s, voc\u00eas juraram proteger e defender esta Constitui\u00e7\u00e3o. Neste momento, as amea\u00e7as \u00e0 nossa Constitui\u00e7\u00e3o n\u00e3o v\u00eam apenas do estrangeiro, mas daqui mesmo, de casa.\u201d<\/p>\n<p><a href=\"https:\/\/expresso.pt\/subscrever?action=GEN&amp;channel=VID&amp;type=CAP&amp;source=WEB&amp;returnUrl=https:\/\/expresso.pt\/internacional\/eua\/2025-11-23-trump-recua-apos-acusar-democratas-de-sedicao-punivel-com-a-morte-ha-um-padrao-de-acoes-presidenciais-sem-precedentes-c7fbd691&amp;utm_source=expresso&amp;utm_medium=locked_article&amp;locked=true&amp;article_id=e0dc8a3a-2d51-4830-a282-6fd473dfb64d&amp;author_id=Catarina+Maldonado+Vasconcelos&amp;category=EUA\" target=\"_self\" class=\"\" rel=\"nofollow noopener\">Subscrever<\/a>J\u00e1 \u00e9 Subscritor?Fa\u00e7a login e continue a ler<a href=\"http:\/\/expresso.pt\/codigo?redirectUrl=https:\/\/expresso.pt\/internacional\/eua\/2025-11-23-trump-recua-apos-acusar-democratas-de-sedicao-punivel-com-a-morte-ha-um-padrao-de-acoes-presidenciais-sem-precedentes-c7fbd691\" target=\"_self\" class=\"\" rel=\"nofollow noopener\">Inserir C\u00f3digo<\/a>Comprou o Expresso?Insira o c\u00f3digo presente na Revista E para continuar a ler<\/p>\n","protected":false},"excerpt":{"rendered":"Donald Trump garante que \u201cn\u00e3o estava a amea\u00e7ar de morte\u201d os democratas que divulgaram um v\u00eddeo a incentivar&hellip;\n","protected":false},"author":2,"featured_media":163005,"comment_status":"","ping_status":"","sticky":false,"template":"","format":"standard","meta":{"footnotes":""},"categories":[50],"tags":[27,28,15,16,14,25,26,21,22,62,12,13,19,20,23,24,17,18,29,30,31,63,64,65],"class_list":{"0":"post-163004","1":"post","2":"type-post","3":"status-publish","4":"format-standard","5":"has-post-thumbnail","7":"category-mundo","8":"tag-breaking-news","9":"tag-breakingnews","10":"tag-featured-news","11":"tag-featurednews","12":"tag-headlines","13":"tag-latest-news","14":"tag-latestnews","15":"tag-main-news","16":"tag-mainnews","17":"tag-mundo","18":"tag-news","19":"tag-noticias","20":"tag-noticias-principais","21":"tag-noticiasprincipais","22":"tag-principais-noticias","23":"tag-principaisnoticias","24":"tag-top-stories","25":"tag-topstories","26":"tag-ultimas","27":"tag-ultimas-noticias","28":"tag-ultimasnoticias","29":"tag-world","30":"tag-world-news","31":"tag-worldnews"},"share_on_mastodon":{"url":"https:\/\/pubeurope.com\/@pt\/115603337580433436","error":""},"_links":{"self":[{"href":"https:\/\/www.europesays.com\/pt\/wp-json\/wp\/v2\/posts\/163004","targetHints":{"allow":["GET"]}}],"collection":[{"href":"https:\/\/www.europesays.com\/pt\/wp-json\/wp\/v2\/posts"}],"about":[{"href":"https:\/\/www.europesays.com\/pt\/wp-json\/wp\/v2\/types\/post"}],"author":[{"embeddable":true,"href":"https:\/\/www.europesays.com\/pt\/wp-json\/wp\/v2\/users\/2"}],"replies":[{"embeddable":true,"href":"https:\/\/www.europesays.com\/pt\/wp-json\/wp\/v2\/comments?post=163004"}],"version-history":[{"count":0,"href":"https:\/\/www.europesays.com\/pt\/wp-json\/wp\/v2\/posts\/163004\/revisions"}],"wp:featuredmedia":[{"embeddable":true,"href":"https:\/\/www.europesays.com\/pt\/wp-json\/wp\/v2\/media\/163005"}],"wp:attachment":[{"href":"https:\/\/www.europesays.com\/pt\/wp-json\/wp\/v2\/media?parent=163004"}],"wp:term":[{"taxonomy":"category","embeddable":true,"href":"https:\/\/www.europesays.com\/pt\/wp-json\/wp\/v2\/categories?post=163004"},{"taxonomy":"post_tag","embeddable":true,"href":"https:\/\/www.europesays.com\/pt\/wp-json\/wp\/v2\/tags?post=163004"}],"curies":[{"name":"wp","href":"https:\/\/api.w.org\/{rel}","templated":true}]}}