{"id":163006,"date":"2025-11-24T06:50:08","date_gmt":"2025-11-24T06:50:08","guid":{"rendered":"https:\/\/www.europesays.com\/pt\/163006\/"},"modified":"2025-11-24T06:50:08","modified_gmt":"2025-11-24T06:50:08","slug":"morre-udo-kier-ator-alemao-de-o-agente-secreto-e-bacurau-aos-81-anos","status":"publish","type":"post","link":"https:\/\/www.europesays.com\/pt\/163006\/","title":{"rendered":"Morre Udo Kier, ator alem\u00e3o de O Agente Secreto e Bacurau, aos 81 anos"},"content":{"rendered":"<p data-end=\"294\" data-start=\"123\">Morreu hoje, aos 81 anos, o ator alem\u00e3o <strong data-end=\"175\" data-start=\"163\">Udo Kier<\/strong>, conhecido por pap\u00e9is em <strong>O Agente Secreto<\/strong>, do diretor brasileiro Kleber Mendon\u00e7a Filho, e de Bacurau, dirigido tamb\u00e9m por Kleber ao lado de <strong>Juliano Dornelles<\/strong>. A informa\u00e7\u00e3o veio do companheiro do artista, Delbert McBride, e publicado via <a href=\"https:\/\/variety.com\/2025\/film\/news\/udo-kier-dead-own-private-idaho-andy-warhol-frankenstein-1236590259\/\" rel=\"nofollow noopener\" target=\"_blank\">Variety<\/a>.<\/p>\n<p data-end=\"624\" data-start=\"296\">Conhecido pela extensa carreira no cinema e na televis\u00e3o, com mais de seis d\u00e9cadas de atua\u00e7\u00e3o e mais de 250 cr\u00e9ditos, Kier trabalhou em produ\u00e7\u00f5es de diversos pa\u00edses e ficou marcado por colabora\u00e7\u00f5es frequentes com\u00a0<strong data-end=\"409\" data-start=\"391\">Lars von Trier<\/strong>, participando de filmes como Melancolia, Dogville, Ninfoman\u00edaca\u00a0e Manderlay. Ele tamb\u00e9m integrou elencos de longas como Blade, Carne para Frankenstein e Suspiria (1977).<\/p>\n<p data-end=\"861\" data-start=\"626\">No Brasil, o ator ganhou destaque com sua atua\u00e7\u00e3o em <strong data-end=\"690\" data-start=\"679\">Bacurau<\/strong> (2019), de Kleber Mendon\u00e7a Filho e Juliano Dornelles. Entre os novos projetos dele est\u00e3o o\u00a0novo jogo de terror de Hideo Kojima, chamado de OD (tamb\u00e9m conhecido como Overdose), desenvolvido pela Kojima Productions em colabora\u00e7\u00e3o com cineasta Jordan Peele.<\/p>\n<p>            Continua depois da Publicidade<\/p>\n<p>    CINEMA INDEPENDENTE e DIRETORES IC\u00d4NICOS<\/p>\n<p data-end=\"702\" data-start=\"287\">Ao longo de mais de sessenta anos de carreira, Udo Kier atuou em produ\u00e7\u00f5es dirigidas por alguns dos cineastas mais reconhecidos do cinema mundial. Sua colabora\u00e7\u00e3o mais recorrente foi com <strong data-end=\"492\" data-start=\"474\">Lars von Trier<\/strong>, em filmes que marcaram diferentes fases do diretor: Europa (1991), Ondas do Destino (1996), Dan\u00e7ando no Escuro (2000), Dogville (2003), Manderlay (2005), Ninfoman\u00edaca (2013) e Melancolia (2011).<\/p>\n<p data-end=\"907\" data-start=\"704\">Kier foi um nome central do cinema cult e do queer cinema dos anos 1970 ao trabalhar com <strong data-end=\"811\" data-start=\"793\">Paul Morrissey<\/strong>, parceiro de Andy Warhol, em Carne para Frankenstein (1973) e Sangue para Dr\u00e1cula (1974).<\/p>\n<p data-end=\"1235\" data-start=\"909\">Ele tamb\u00e9m colaborou com grandes nomes do cinema alem\u00e3o e europeu, como <strong data-end=\"1009\" data-start=\"981\">Rainer Werner Fassbinder<\/strong>, em Lili Marleen (1981), e <strong data-end=\"1059\" data-start=\"1039\">Werner Schroeter<\/strong>, em longas como O Rei das Rosas (1986) e Malina (1991). Com <strong data-end=\"1139\" data-start=\"1124\">Wim Wenders<\/strong>, participou de produ\u00e7\u00f5es e apari\u00e7\u00f5es pontuais ao longo da carreira como <strong data-end=\"57\" data-start=\"38\">A Luz do Desejo<\/strong> (Die Gebr\u00fcder Skladanowsky, 1995), interpretando Max Skladanowsky, um dos pioneiros do cinema alem\u00e3o. Ele tamb\u00e9m aparece em <strong data-end=\"206\" data-start=\"184\">O Fim da Viol\u00eancia<\/strong> (The End of Violence, 1997), no papel de Zoltan Kovacs.<\/p>\n<p data-end=\"1743\" data-start=\"1237\">No cinema norte-americano e internacional, atuou sob dire\u00e7\u00e3o de <strong data-end=\"1317\" data-start=\"1301\">Gus Van Sant<\/strong> em Garotos de Programa (1991); <strong data-end=\"1366\" data-start=\"1351\">Michael Bay<\/strong> em Armageddon (1998); <strong data-end=\"1409\" data-start=\"1391\">John Carpenter<\/strong> em Fuga de Los Angeles (1996); <strong data-end=\"1457\" data-start=\"1443\">Rob Zombie<\/strong> em Halloween(2007); <strong data-end=\"1495\" data-start=\"1481\">Guy Maddin<\/strong> em A M\u00fasica Mais Triste do Mundo (2003), Covardes Ajoelham-se (2003) e O Quarto Proibido(2015); <strong data-end=\"1614\" data-start=\"1599\">Peter Hyams<\/strong> em Fim dos Dias (1999); <strong data-end=\"1661\" data-start=\"1641\">Barry Sonnenfeld<\/strong> em MIB \u2013 Homens de Preto 2 (2002); e <strong data-end=\"1718\" data-start=\"1701\">James Mangold<\/strong> em Peso Pesado (1995).<\/p>\n<p data-end=\"1998\" data-start=\"1745\">No cinema de g\u00eanero, esteve em Suspiria (1977), de <strong data-end=\"1815\" data-start=\"1798\">Dario Argento<\/strong>, no papel de Dr. Frank Mandel (n\u00e3o creditado). Tamb\u00e9m aparece em produ\u00e7\u00f5es e trabalhos pontuais ligados a <strong data-end=\"1946\" data-start=\"1922\">Alejandro Jodorowsky<\/strong>, principalmente no circuito experimental e autoral.<\/p>\n<p>            Continua depois da Publicidade<\/p>\n<p data-end=\"2267\" data-start=\"2000\">Kier participou ainda do projeto Grindhouse (2007), interpretando Dr. Heintz von Furlong em <strong data-end=\"2112\" data-start=\"2094\">Planeta Terror<\/strong>, dirigido por <strong data-end=\"2147\" data-start=\"2127\">Robert Rodriguez<\/strong> \u2014 parte do filme coletivo que ele divide com Quentin Tarantino, embora Kier n\u00e3o apare\u00e7a no segmento \u00c0 Prova de Morte.<\/p>\n<p data-end=\"2023\" data-start=\"1664\">\u00a0<\/p>\n","protected":false},"excerpt":{"rendered":"Morreu hoje, aos 81 anos, o ator alem\u00e3o Udo Kier, conhecido por pap\u00e9is em O Agente Secreto, do&hellip;\n","protected":false},"author":2,"featured_media":163007,"comment_status":"","ping_status":"","sticky":false,"template":"","format":"standard","meta":{"footnotes":""},"categories":[145],"tags":[211,210,114,115,32,33],"class_list":{"0":"post-163006","1":"post","2":"type-post","3":"status-publish","4":"format-standard","5":"has-post-thumbnail","7":"category-celebridades","8":"tag-celebridades","9":"tag-celebrities","10":"tag-entertainment","11":"tag-entretenimento","12":"tag-portugal","13":"tag-pt"},"share_on_mastodon":{"url":"https:\/\/pubeurope.com\/@pt\/115603349391558908","error":""},"_links":{"self":[{"href":"https:\/\/www.europesays.com\/pt\/wp-json\/wp\/v2\/posts\/163006","targetHints":{"allow":["GET"]}}],"collection":[{"href":"https:\/\/www.europesays.com\/pt\/wp-json\/wp\/v2\/posts"}],"about":[{"href":"https:\/\/www.europesays.com\/pt\/wp-json\/wp\/v2\/types\/post"}],"author":[{"embeddable":true,"href":"https:\/\/www.europesays.com\/pt\/wp-json\/wp\/v2\/users\/2"}],"replies":[{"embeddable":true,"href":"https:\/\/www.europesays.com\/pt\/wp-json\/wp\/v2\/comments?post=163006"}],"version-history":[{"count":0,"href":"https:\/\/www.europesays.com\/pt\/wp-json\/wp\/v2\/posts\/163006\/revisions"}],"wp:featuredmedia":[{"embeddable":true,"href":"https:\/\/www.europesays.com\/pt\/wp-json\/wp\/v2\/media\/163007"}],"wp:attachment":[{"href":"https:\/\/www.europesays.com\/pt\/wp-json\/wp\/v2\/media?parent=163006"}],"wp:term":[{"taxonomy":"category","embeddable":true,"href":"https:\/\/www.europesays.com\/pt\/wp-json\/wp\/v2\/categories?post=163006"},{"taxonomy":"post_tag","embeddable":true,"href":"https:\/\/www.europesays.com\/pt\/wp-json\/wp\/v2\/tags?post=163006"}],"curies":[{"name":"wp","href":"https:\/\/api.w.org\/{rel}","templated":true}]}}