{"id":163008,"date":"2025-11-24T06:53:11","date_gmt":"2025-11-24T06:53:11","guid":{"rendered":"https:\/\/www.europesays.com\/pt\/163008\/"},"modified":"2025-11-24T06:53:11","modified_gmt":"2025-11-24T06:53:11","slug":"julia-ochoa-vence-batalha-no-the-voice-portugal","status":"publish","type":"post","link":"https:\/\/www.europesays.com\/pt\/163008\/","title":{"rendered":"J\u00falia Och\u00f4a vence batalha no \u2018The Voice Portugal\u2019"},"content":{"rendered":"\n<p class=\"p_0\">A madeirense J\u00falia Och\u00f4a venceu esta noite a \u00faltima batalha da equipa do mentor Fernando Daniel, no programa \u2018The Voice Portugal\u2019 da RTP-1.<\/p>\n<p class=\"p_1\">Aconteceu quatro ano depois de ter sido eliminada na fase das batalhas do \u2018The Voice Kids\u2019 (2021).<\/p>\n<p class=\"p_2\">Competiu com B\u00e1rbara Lima e Beatriz Silva, ao som de \u2018i love you\u2019, de Billie Eilish.<\/p>\n<p class=\"p_3\">J\u00falia Och\u00f4a passar\u00e1 agora pela fase dos Tira-Teimas. A jovem \u00e9 estudante de Direito, em Lisboa.<\/p>\n","protected":false},"excerpt":{"rendered":"A madeirense J\u00falia Och\u00f4a venceu esta noite a \u00faltima batalha da equipa do mentor Fernando Daniel, no programa&hellip;\n","protected":false},"author":2,"featured_media":163009,"comment_status":"","ping_status":"","sticky":false,"template":"","format":"standard","meta":{"footnotes":""},"categories":[142],"tags":[114,115,2462,32,33,151],"class_list":{"0":"post-163008","1":"post","2":"type-post","3":"status-publish","4":"format-standard","5":"has-post-thumbnail","7":"category-tv","8":"tag-entertainment","9":"tag-entretenimento","10":"tag-iolanda-chaves","11":"tag-portugal","12":"tag-pt","13":"tag-tv"},"share_on_mastodon":{"url":"https:\/\/pubeurope.com\/@pt\/115603361199499213","error":""},"_links":{"self":[{"href":"https:\/\/www.europesays.com\/pt\/wp-json\/wp\/v2\/posts\/163008","targetHints":{"allow":["GET"]}}],"collection":[{"href":"https:\/\/www.europesays.com\/pt\/wp-json\/wp\/v2\/posts"}],"about":[{"href":"https:\/\/www.europesays.com\/pt\/wp-json\/wp\/v2\/types\/post"}],"author":[{"embeddable":true,"href":"https:\/\/www.europesays.com\/pt\/wp-json\/wp\/v2\/users\/2"}],"replies":[{"embeddable":true,"href":"https:\/\/www.europesays.com\/pt\/wp-json\/wp\/v2\/comments?post=163008"}],"version-history":[{"count":0,"href":"https:\/\/www.europesays.com\/pt\/wp-json\/wp\/v2\/posts\/163008\/revisions"}],"wp:featuredmedia":[{"embeddable":true,"href":"https:\/\/www.europesays.com\/pt\/wp-json\/wp\/v2\/media\/163009"}],"wp:attachment":[{"href":"https:\/\/www.europesays.com\/pt\/wp-json\/wp\/v2\/media?parent=163008"}],"wp:term":[{"taxonomy":"category","embeddable":true,"href":"https:\/\/www.europesays.com\/pt\/wp-json\/wp\/v2\/categories?post=163008"},{"taxonomy":"post_tag","embeddable":true,"href":"https:\/\/www.europesays.com\/pt\/wp-json\/wp\/v2\/tags?post=163008"}],"curies":[{"name":"wp","href":"https:\/\/api.w.org\/{rel}","templated":true}]}}