{"id":163020,"date":"2025-11-24T07:13:12","date_gmt":"2025-11-24T07:13:12","guid":{"rendered":"https:\/\/www.europesays.com\/pt\/163020\/"},"modified":"2025-11-24T07:13:12","modified_gmt":"2025-11-24T07:13:12","slug":"pizzaiolos-premiados-na-capricciosa-e-mulheres-no-mamma-jamma-cabare-alemao-no-downtown-radar-gastronomico","status":"publish","type":"post","link":"https:\/\/www.europesays.com\/pt\/163020\/","title":{"rendered":"Pizzaiolos premiados na Capricciosa e mulheres no Mamma Jamma, cabar\u00e9 alem\u00e3o no Downtown: radar gastron\u00f4mico"},"content":{"rendered":"\n<p class=\" content-text__container \" data-track-category=\"Link no Texto\" data-track-links=\"\"> Um caf\u00e9 concerto com pique de cabar\u00e9 alem\u00e3o, bistr\u00f4 parisiense e club de jazz, tudo junto e misturado. \u00c9 essa a proposta do Coffee People Bistr\u00f4 que acabou de abrir no Shopping Downtown, na Barra. Da cozinha? Dadinhos de tapioca, estrogonofe vegano, risoto de camar\u00e3o e tortas de frutas vermelhas. Do caf\u00e9 da manh\u00e3 ao jantar, direto. Com shows. Oba! <\/p>\n<p class=\" content-text__container \" data-track-category=\"Link no Texto\" data-track-links=\"\"> Um time de chefs mulheres est\u00e1 assinando a linha Pezzo D\u2019Italia, da Mamma Jamma, cria\u00e7\u00f5es que fazem a ponte entre a It\u00e1lia e o Brasil. Fl\u00e1via Quaresma foi a primeira e na ter\u00e7a (25) ser\u00e1 a vez da Katia Barbosa mostrar a sua cria\u00e7\u00e3o com ab\u00f3bora, fior di latte e guanciale. Depois, Monique Gabiatti, Roberta Ciasca e Ci\u00e7a Roxo. Todas ser\u00e3o servidas nas cinco lojas da rede no Rio. <\/p>\n","protected":false},"excerpt":{"rendered":"Um caf\u00e9 concerto com pique de cabar\u00e9 alem\u00e3o, bistr\u00f4 parisiense e club de jazz, tudo junto e misturado.&hellip;\n","protected":false},"author":2,"featured_media":163021,"comment_status":"","ping_status":"","sticky":false,"template":"","format":"standard","meta":{"footnotes":""},"categories":[84],"tags":[109,107,108,32,33,105,103,104,106,110],"class_list":{"0":"post-163020","1":"post","2":"type-post","3":"status-publish","4":"format-standard","5":"has-post-thumbnail","7":"category-ciencia-e-tecnologia","8":"tag-ciencia","9":"tag-ciencia-e-tecnologia","10":"tag-cienciaetecnologia","11":"tag-portugal","12":"tag-pt","13":"tag-science","14":"tag-science-and-technology","15":"tag-scienceandtechnology","16":"tag-technology","17":"tag-tecnologia"},"share_on_mastodon":{"url":"https:\/\/pubeurope.com\/@pt\/115603439799589162","error":""},"_links":{"self":[{"href":"https:\/\/www.europesays.com\/pt\/wp-json\/wp\/v2\/posts\/163020","targetHints":{"allow":["GET"]}}],"collection":[{"href":"https:\/\/www.europesays.com\/pt\/wp-json\/wp\/v2\/posts"}],"about":[{"href":"https:\/\/www.europesays.com\/pt\/wp-json\/wp\/v2\/types\/post"}],"author":[{"embeddable":true,"href":"https:\/\/www.europesays.com\/pt\/wp-json\/wp\/v2\/users\/2"}],"replies":[{"embeddable":true,"href":"https:\/\/www.europesays.com\/pt\/wp-json\/wp\/v2\/comments?post=163020"}],"version-history":[{"count":0,"href":"https:\/\/www.europesays.com\/pt\/wp-json\/wp\/v2\/posts\/163020\/revisions"}],"wp:featuredmedia":[{"embeddable":true,"href":"https:\/\/www.europesays.com\/pt\/wp-json\/wp\/v2\/media\/163021"}],"wp:attachment":[{"href":"https:\/\/www.europesays.com\/pt\/wp-json\/wp\/v2\/media?parent=163020"}],"wp:term":[{"taxonomy":"category","embeddable":true,"href":"https:\/\/www.europesays.com\/pt\/wp-json\/wp\/v2\/categories?post=163020"},{"taxonomy":"post_tag","embeddable":true,"href":"https:\/\/www.europesays.com\/pt\/wp-json\/wp\/v2\/tags?post=163020"}],"curies":[{"name":"wp","href":"https:\/\/api.w.org\/{rel}","templated":true}]}}