{"id":163024,"date":"2025-11-24T07:21:24","date_gmt":"2025-11-24T07:21:24","guid":{"rendered":"https:\/\/www.europesays.com\/pt\/163024\/"},"modified":"2025-11-24T07:21:24","modified_gmt":"2025-11-24T07:21:24","slug":"o-momento-mais-emocionante-da-gala-do-secret-story-pedro-jorge-e-marisa-choram-com-surpresa-dos-filhos-secret-story","status":"publish","type":"post","link":"https:\/\/www.europesays.com\/pt\/163024\/","title":{"rendered":"O momento mais emocionante da gala do Secret Story: Pedro Jorge e Marisa choram com surpresa dos filhos &#8211; Secret Story"},"content":{"rendered":"<p data-end=\"836\" data-start=\"615\">A gala do <strong>Secret Story<\/strong> ficou marcada por um dos momentos mais emocionantes de sempre. <strong>Pedro Jorge e Marisa foram inesperadamente chamados ao Cubo dos Espelhos<\/strong>, sem imaginarem o que os aguardava do outro lado da porta.<\/p>\n<p data-end=\"1056\" data-start=\"838\">Quando chegaram, foram surpreendidos com um presente especial: <strong>um desenho feito pelos filhos<\/strong>, enviado como gesto de for\u00e7a e saudade. Mal reconheceram o mimo, ambos desabaram em l\u00e1grimas, incapazes de conter a emo\u00e7\u00e3o.<\/p>\n<p data-end=\"1362\" data-start=\"1058\">Pedro Jorge, visivelmente tocado, levou as m\u00e3os ao rosto, enquanto Marisa chorava de forma intensa perante a mensagem carinhosa da fam\u00edlia. O est\u00fadio ficou em sil\u00eancio e o momento rapidamente se tornou um dos mais comentados da gala, pela carga emocional e pela forma genu\u00edna como o casal se deixou ir.<\/p>\n<p data-end=\"1574\" data-start=\"1364\">A liga\u00e7\u00e3o aos filhos e a surpresa inesperada marcaram profundamente n\u00e3o s\u00f3 os concorrentes, mas tamb\u00e9m todos os espectadores que acompanham a gala.<\/p>\n<p>Veja o momento aqui: <\/p>\n","protected":false},"excerpt":{"rendered":"A gala do Secret Story ficou marcada por um dos momentos mais emocionantes de sempre. Pedro Jorge e&hellip;\n","protected":false},"author":2,"featured_media":163025,"comment_status":"","ping_status":"","sticky":false,"template":"","format":"standard","meta":{"footnotes":""},"categories":[142],"tags":[8113,2632,329,333,328,335,336,114,115,334,330,1326,338,19184,19019,13,21416,32,33,1315,8174,151,162,19020,227],"class_list":{"0":"post-163024","1":"post","2":"type-post","3":"status-publish","4":"format-standard","5":"has-post-thumbnail","7":"category-tv","8":"tag-alice-alves","9":"tag-casa-dos-segredos","10":"tag-claudio-ramos","11":"tag-comentadores","12":"tag-concorrentes","13":"tag-confrontos","14":"tag-discussoes","15":"tag-entertainment","16":"tag-entretenimento","17":"tag-exclusivos","18":"tag-gala","19":"tag-mafalda-castro","20":"tag-maria-botelho-moniz","21":"tag-marisa","22":"tag-marta-cardoso","23":"tag-noticias","24":"tag-pedro-jorge","25":"tag-portugal","26":"tag-pt","27":"tag-secret-story","28":"tag-segredos","29":"tag-tv","30":"tag-tvi","31":"tag-video-do-dia","32":"tag-videos"},"share_on_mastodon":{"url":"https:\/\/pubeurope.com\/@pt\/115603471210396117","error":""},"_links":{"self":[{"href":"https:\/\/www.europesays.com\/pt\/wp-json\/wp\/v2\/posts\/163024","targetHints":{"allow":["GET"]}}],"collection":[{"href":"https:\/\/www.europesays.com\/pt\/wp-json\/wp\/v2\/posts"}],"about":[{"href":"https:\/\/www.europesays.com\/pt\/wp-json\/wp\/v2\/types\/post"}],"author":[{"embeddable":true,"href":"https:\/\/www.europesays.com\/pt\/wp-json\/wp\/v2\/users\/2"}],"replies":[{"embeddable":true,"href":"https:\/\/www.europesays.com\/pt\/wp-json\/wp\/v2\/comments?post=163024"}],"version-history":[{"count":0,"href":"https:\/\/www.europesays.com\/pt\/wp-json\/wp\/v2\/posts\/163024\/revisions"}],"wp:featuredmedia":[{"embeddable":true,"href":"https:\/\/www.europesays.com\/pt\/wp-json\/wp\/v2\/media\/163025"}],"wp:attachment":[{"href":"https:\/\/www.europesays.com\/pt\/wp-json\/wp\/v2\/media?parent=163024"}],"wp:term":[{"taxonomy":"category","embeddable":true,"href":"https:\/\/www.europesays.com\/pt\/wp-json\/wp\/v2\/categories?post=163024"},{"taxonomy":"post_tag","embeddable":true,"href":"https:\/\/www.europesays.com\/pt\/wp-json\/wp\/v2\/tags?post=163024"}],"curies":[{"name":"wp","href":"https:\/\/api.w.org\/{rel}","templated":true}]}}