{"id":163026,"date":"2025-11-24T07:30:24","date_gmt":"2025-11-24T07:30:24","guid":{"rendered":"https:\/\/www.europesays.com\/pt\/163026\/"},"modified":"2025-11-24T07:30:24","modified_gmt":"2025-11-24T07:30:24","slug":"resultados-das-eleicoes-divulgados-ate-quinta-feira-observador","status":"publish","type":"post","link":"https:\/\/www.europesays.com\/pt\/163026\/","title":{"rendered":"Resultados das elei\u00e7\u00f5es divulgados at\u00e9 quinta-feira \u2013 Observador"},"content":{"rendered":"<p>A Comiss\u00e3o Nacional de Elei\u00e7\u00f5es (CNE) da Guin\u00e9-Bissau anunciou este domingo que \u201cpoder\u00e3o ser divulgados at\u00e9 quinta-feira\u201d, dia 27, os resultados provis\u00f3rios das elei\u00e7\u00f5es gerais, presidenciais e legislativas, realizadas neste domingo.<\/p>\n<p>O an\u00fancio foi feito, em confer\u00eancia de imprensa divulgada por alguns \u00f3rg\u00e3os de comunica\u00e7\u00e3o social guineenses, pelo secret\u00e1rio executivo da CNE, Idi\u00e7a Djalo, que pediu a todos os atores pol\u00edticos, \u00e0 comunica\u00e7\u00e3o social e outras organiza\u00e7\u00f5es que se \u201cabstenham de divulgar os resultados eleitorais\u201d por esta ser compet\u00eancia reservada \u201cexclusivamente \u00e0 Comiss\u00e3o Nacional de Elei\u00e7\u00f5es\u201d.<\/p>\n","protected":false},"excerpt":{"rendered":"A Comiss\u00e3o Nacional de Elei\u00e7\u00f5es (CNE) da Guin\u00e9-Bissau anunciou este domingo que \u201cpoder\u00e3o ser divulgados at\u00e9 quinta-feira\u201d, dia&hellip;\n","protected":false},"author":2,"featured_media":163027,"comment_status":"","ping_status":"","sticky":false,"template":"","format":"standard","meta":{"footnotes":""},"categories":[10],"tags":[27,28,15,16,2672,14,25,26,21,22,62,12,13,19,20,32,23,24,33,17,18,29,30,31],"class_list":{"0":"post-163026","1":"post","2":"type-post","3":"status-publish","4":"format-standard","5":"has-post-thumbnail","7":"category-portugal","8":"tag-breaking-news","9":"tag-breakingnews","10":"tag-featured-news","11":"tag-featurednews","12":"tag-guinu00e9-bissau","13":"tag-headlines","14":"tag-latest-news","15":"tag-latestnews","16":"tag-main-news","17":"tag-mainnews","18":"tag-mundo","19":"tag-news","20":"tag-noticias","21":"tag-noticias-principais","22":"tag-noticiasprincipais","23":"tag-portugal","24":"tag-principais-noticias","25":"tag-principaisnoticias","26":"tag-pt","27":"tag-top-stories","28":"tag-topstories","29":"tag-ultimas","30":"tag-ultimas-noticias","31":"tag-ultimasnoticias"},"share_on_mastodon":{"url":"https:\/\/pubeurope.com\/@pt\/115603506690129444","error":""},"_links":{"self":[{"href":"https:\/\/www.europesays.com\/pt\/wp-json\/wp\/v2\/posts\/163026","targetHints":{"allow":["GET"]}}],"collection":[{"href":"https:\/\/www.europesays.com\/pt\/wp-json\/wp\/v2\/posts"}],"about":[{"href":"https:\/\/www.europesays.com\/pt\/wp-json\/wp\/v2\/types\/post"}],"author":[{"embeddable":true,"href":"https:\/\/www.europesays.com\/pt\/wp-json\/wp\/v2\/users\/2"}],"replies":[{"embeddable":true,"href":"https:\/\/www.europesays.com\/pt\/wp-json\/wp\/v2\/comments?post=163026"}],"version-history":[{"count":0,"href":"https:\/\/www.europesays.com\/pt\/wp-json\/wp\/v2\/posts\/163026\/revisions"}],"wp:featuredmedia":[{"embeddable":true,"href":"https:\/\/www.europesays.com\/pt\/wp-json\/wp\/v2\/media\/163027"}],"wp:attachment":[{"href":"https:\/\/www.europesays.com\/pt\/wp-json\/wp\/v2\/media?parent=163026"}],"wp:term":[{"taxonomy":"category","embeddable":true,"href":"https:\/\/www.europesays.com\/pt\/wp-json\/wp\/v2\/categories?post=163026"},{"taxonomy":"post_tag","embeddable":true,"href":"https:\/\/www.europesays.com\/pt\/wp-json\/wp\/v2\/tags?post=163026"}],"curies":[{"name":"wp","href":"https:\/\/api.w.org\/{rel}","templated":true}]}}