{"id":163040,"date":"2025-11-24T07:49:09","date_gmt":"2025-11-24T07:49:09","guid":{"rendered":"https:\/\/www.europesays.com\/pt\/163040\/"},"modified":"2025-11-24T07:49:09","modified_gmt":"2025-11-24T07:49:09","slug":"secret-story-revelado-o-segredo-de-ines-em-plena-gala","status":"publish","type":"post","link":"https:\/\/www.europesays.com\/pt\/163040\/","title":{"rendered":"&#8220;Secret Story&#8221;: revelado o segredo de In\u00eas&#8230; em plena gala!"},"content":{"rendered":"<p>&#8220;<a href=\"https:\/\/tvi.iol.pt\/secretstory\/\" target=\"_blank\" wbo-id=\"59\" rel=\"nofollow noopener\">Secret Story &#8211; Casa dos Segredos<\/a>&#8221; est\u00e1 ao rubro. Na gala deste domingo, dia 23, o bot\u00e3o dos segredos voltou a tocar, j\u00e1 que Bruna quis desvendar o mist\u00e9rio que esconde Bruna. &#8220;Cancelei o meu casamento, porque descobri a trai\u00e7\u00e3o entre a minha dama de honor e o meu noivo&#8221; foi a aposta da concorrente, que decidiu avan\u00e7ar com a inten\u00e7\u00e3o de desvendar o segredo.<\/p>\n<p>Entretanto, a Voz pronunciou-se&#8230; e confirmou que este \u00e9 mesmo o segredo de In\u00eas.<\/p>\n<p>&#8220;Estive na Su\u00ed\u00e7a durante um tempo e, quando voltei, estava a preparar tudo para o casamento. E foi quando regressei que soube, por uma amiga minha, que o meu noivo tinha tentado trair-me, mas sem nunca ter acontecido nada, porque a dama de honor n\u00e3o deu espa\u00e7o para isso. Confrontei-o e acab\u00e1mos tudo. Ainda dei uma oportunidade, mas n\u00e3o deu mesmo para continuar. Tinham-se passado dois anos, sem nunca ter sabido de nada, nem de um lado, nem do outro&#8221;, recordou, de seguida, a jovem, em conversa com Cristina Ferreira.<\/p>\n<p>Veja, agora, algumas das melhores imagens de In\u00eas e Bruna nas galerias de fotografias que prepar\u00e1mos para si.<\/p>\n","protected":false},"excerpt":{"rendered":"&#8220;Secret Story &#8211; Casa dos Segredos&#8221; est\u00e1 ao rubro. Na gala deste domingo, dia 23, o bot\u00e3o dos&hellip;\n","protected":false},"author":2,"featured_media":163041,"comment_status":"","ping_status":"","sticky":false,"template":"","format":"standard","meta":{"footnotes":""},"categories":[142],"tags":[2632,114,115,980,15353,32,33,1014,1315,1012,151,162],"class_list":{"0":"post-163040","1":"post","2":"type-post","3":"status-publish","4":"format-standard","5":"has-post-thumbnail","7":"category-tv","8":"tag-casa-dos-segredos","9":"tag-entertainment","10":"tag-entretenimento","11":"tag-famosos","12":"tag-ines","13":"tag-portugal","14":"tag-pt","15":"tag-reality-show","16":"tag-secret-story","17":"tag-selfie","18":"tag-tv","19":"tag-tvi"},"share_on_mastodon":{"url":"https:\/\/pubeurope.com\/@pt\/115603581378659242","error":""},"_links":{"self":[{"href":"https:\/\/www.europesays.com\/pt\/wp-json\/wp\/v2\/posts\/163040","targetHints":{"allow":["GET"]}}],"collection":[{"href":"https:\/\/www.europesays.com\/pt\/wp-json\/wp\/v2\/posts"}],"about":[{"href":"https:\/\/www.europesays.com\/pt\/wp-json\/wp\/v2\/types\/post"}],"author":[{"embeddable":true,"href":"https:\/\/www.europesays.com\/pt\/wp-json\/wp\/v2\/users\/2"}],"replies":[{"embeddable":true,"href":"https:\/\/www.europesays.com\/pt\/wp-json\/wp\/v2\/comments?post=163040"}],"version-history":[{"count":0,"href":"https:\/\/www.europesays.com\/pt\/wp-json\/wp\/v2\/posts\/163040\/revisions"}],"wp:featuredmedia":[{"embeddable":true,"href":"https:\/\/www.europesays.com\/pt\/wp-json\/wp\/v2\/media\/163041"}],"wp:attachment":[{"href":"https:\/\/www.europesays.com\/pt\/wp-json\/wp\/v2\/media?parent=163040"}],"wp:term":[{"taxonomy":"category","embeddable":true,"href":"https:\/\/www.europesays.com\/pt\/wp-json\/wp\/v2\/categories?post=163040"},{"taxonomy":"post_tag","embeddable":true,"href":"https:\/\/www.europesays.com\/pt\/wp-json\/wp\/v2\/tags?post=163040"}],"curies":[{"name":"wp","href":"https:\/\/api.w.org\/{rel}","templated":true}]}}