{"id":163042,"date":"2025-11-24T07:53:23","date_gmt":"2025-11-24T07:53:23","guid":{"rendered":"https:\/\/www.europesays.com\/pt\/163042\/"},"modified":"2025-11-24T07:53:23","modified_gmt":"2025-11-24T07:53:23","slug":"dormir-so-quatro-horas-equivale-a-beber-seis-cervejas-alerta-especialista-em-sono","status":"publish","type":"post","link":"https:\/\/www.europesays.com\/pt\/163042\/","title":{"rendered":"Dormir s\u00f3 quatro horas equivale a beber seis cervejas, alerta especialista em sono"},"content":{"rendered":"<p><img decoding=\"async\" src=\"https:\/\/www.europesays.com\/pt\/wp-content\/uploads\/2025\/11\/1763909915.jpg\" class=\"imgColunaDet\" alt=\"Especialistas alertam que dormir pouco compromete fun\u00e7\u00f5es cognitivas, aumenta riscos \u00e0 sa\u00fade e afeta principalmente adolescentes.\"\/><\/p>\n<p>Especialistas alertam que dormir pouco compromete fun\u00e7\u00f5es cognitivas, aumenta riscos \u00e0 sa\u00fade e afeta principalmente adolescentes. &#8211; (Foto: Freepik)<\/p>\n<p data-end=\"1204\" data-start=\"888\" style=\"text-align:justify\">Dormir apenas quatro horas por noite pode provocar efeitos semelhantes ao consumo de \u00e1lcool. O alerta \u00e9 da psic\u00f3loga espanhola Nuria Roure, especialista em dist\u00farbios do sono, que afirma que ficar mais de 20 horas acordado reduz a aten\u00e7\u00e3o e a concentra\u00e7\u00e3o ao mesmo n\u00edvel de algu\u00e9m que ingeriu cerca de seis cervejas.<\/p>\n<p><a href=\"http:\/\/whatsapp.com\/channel\/0029VaCvfrlHbFV81yDZyT0A\" title=\"Acesse nosso canal no WhatsApp\" target=\"_blank\" class=\"grupoWhats\" rel=\"nofollow noopener\"><img decoding=\"async\" src=\"https:\/\/www.europesays.com\/pt\/wp-content\/uploads\/2025\/09\/grupo-whatsapp-acritica.gif\" alt=\"Canal WhatsApp\" loading=\"lazy\"\/><\/a>&#13;<br \/>\n&#13;<\/p>\n<p data-end=\"1549\" data-start=\"1206\" style=\"text-align:justify\">Segundo ela, a sociedade tem subestimado o papel do descanso. Rotinas aceleradas, jornadas longas e o uso constante de telas durante a noite refor\u00e7am um padr\u00e3o perigoso. \u201cO sono deveria ter a mesma import\u00e2ncia, ou at\u00e9 mais, que damos ao exerc\u00edcio f\u00edsico, \u00e0 nutri\u00e7\u00e3o ou ao bem-estar emocional\u201d, diz Roure, autora de Finalmente Estou Dormindo.<\/p>\n<p>&#13;<br \/>\n&#13;<\/p>\n<p data-end=\"1729\" data-start=\"1551\" style=\"text-align:justify\">Dados da Sociedade Espanhola do Sono (SES) indicam que a popula\u00e7\u00e3o do pa\u00eds dorme, em m\u00e9dia, entre seis e seis horas e meia por noite \u2014 abaixo das sete ou oito horas recomendadas.<\/p>\n<p>&#13;<br \/>\n&#13;<br \/>\n&#13;<br \/>\n&#13;<\/p>\n<p style=\"text-align:justify\"><strong>Impactos na sa\u00fade<\/strong><\/p>\n<p>&#13;<br \/>\n&#13;<\/p>\n<p data-end=\"2086\" data-start=\"1755\" style=\"text-align:justify\">A priva\u00e7\u00e3o de sono afeta diretamente fun\u00e7\u00f5es cognitivas, reduzindo a capacidade de rea\u00e7\u00e3o e dificultando a tomada de decis\u00f5es. O risco de acidentes de tr\u00e2nsito e de trabalho tamb\u00e9m aumenta. Durante o sono profundo, o c\u00e9rebro consolida mem\u00f3rias, regula emo\u00e7\u00f5es, restaura fun\u00e7\u00f5es essenciais e realiza processos de limpeza metab\u00f3lica.<\/p>\n<p>&#13;<br \/>\n&#13;<\/p>\n<p data-end=\"2280\" data-start=\"2088\" style=\"text-align:justify\">Quando a falta de descanso se prolonga, cresce a probabilidade de hipertens\u00e3o, diabetes, obesidade, doen\u00e7as cardiovasculares e queda da imunidade, deixando o corpo mais vulner\u00e1vel a infec\u00e7\u00f5es.<\/p>\n<p>&#13;<br \/>\n&#13;<br \/>\n&#13;<br \/>\n&#13;<\/p>\n<p style=\"text-align:justify\"><strong>Problema que come\u00e7a cedo<\/strong><\/p>\n<p>&#13;<br \/>\n&#13;<\/p>\n<p data-end=\"2653\" data-start=\"2313\" style=\"text-align:justify\">Especialistas apontam que adolescentes est\u00e3o entre os mais afetados. Eles costumam dormir tarde, acordam cedo para ir \u00e0 escola e acumulam uma \u201cd\u00edvida de sono\u201d que prejudica a sa\u00fade e o desempenho acad\u00eamico. Roure refor\u00e7a que jovens deveriam dormir cerca de nove horas di\u00e1rias, per\u00edodo crucial para o desenvolvimento neurol\u00f3gico e emocional.<\/p>\n<p>&#13;<br \/>\n&#13;<br \/>\n&#13;<br \/>\n&#13;<\/p>\n<p style=\"text-align:justify\"><strong>Quatro recomenda\u00e7\u00f5es para dormir melhor<\/strong><\/p>\n<p>&#13;<br \/>\n&#13;<\/p>\n<p data-end=\"2783\" data-start=\"2701\" style=\"text-align:justify\">Para melhorar a higiene do sono, especialistas destacam quatro medidas essenciais:<\/p>\n<p>&#13;<br \/>\n&#13;<\/p>\n<p data-end=\"3096\" data-start=\"2785\" style=\"text-align:justify\"><strong data-end=\"2796\" data-start=\"2785\">Rotina:<\/strong> manter hor\u00e1rios consistentes para dormir e acordar.<br data-end=\"2851\" data-start=\"2848\"\/>&#13;<br \/>\n<strong data-end=\"2868\" data-start=\"2851\">Estimulantes:<\/strong> evitar cafe\u00edna ap\u00f3s as 16h e refei\u00e7\u00f5es pesadas \u00e0 noite.<br data-end=\"2927\" data-start=\"2924\"\/>&#13;<br \/>\n<strong data-end=\"2944\" data-start=\"2927\">Preocupa\u00e7\u00f5es:<\/strong> tentar reduzir o estresse antes de ir para a cama.<br data-end=\"2998\" data-start=\"2995\"\/>&#13;<br \/>\n<strong data-end=\"3013\" data-start=\"2998\">Smartphone:<\/strong> evitar telas, cuja luz branca interfere na produ\u00e7\u00e3o de sinais que induzem ao sono.<\/p>\n<p>&#13;<\/p>\n<p>\t\t\t\t<a href=\"https:\/\/acrticadecampogrande.substack.com\/\" class=\"grupoSubstack\" title=\"Newsletter A Cr\u00edtica\" target=\"_blank\" rel=\"nofollow noopener\"><br \/>\n\t\t\t\t\t<img decoding=\"async\" src=\"https:\/\/www.europesays.com\/pt\/wp-content\/uploads\/2025\/09\/assine-newsletter-acritica.gif\" alt=\"Assine a Newsletter\" loading=\"lazy\"\/><br \/>\n\t\t\t\t<\/a><\/p>\n","protected":false},"excerpt":{"rendered":"Especialistas alertam que dormir pouco compromete fun\u00e7\u00f5es cognitivas, aumenta riscos \u00e0 sa\u00fade e afeta principalmente adolescentes. &#8211; (Foto:&hellip;\n","protected":false},"author":2,"featured_media":163043,"comment_status":"","ping_status":"","sticky":false,"template":"","format":"standard","meta":{"footnotes":""},"categories":[86],"tags":[3273,538,27526,7627,116,32,34562,33,13756,117,536],"class_list":{"0":"post-163042","1":"post","2":"type-post","3":"status-publish","4":"format-standard","5":"has-post-thumbnail","7":"category-saude","8":"tag-adolescentes","9":"tag-bem-estar","10":"tag-disturbios-do-sono","11":"tag-especialista","12":"tag-health","13":"tag-portugal","14":"tag-privacao-de-sono","15":"tag-pt","16":"tag-qualidade-do-sono","17":"tag-saude","18":"tag-sono"},"share_on_mastodon":{"url":"https:\/\/pubeurope.com\/@pt\/115603597496791429","error":""},"_links":{"self":[{"href":"https:\/\/www.europesays.com\/pt\/wp-json\/wp\/v2\/posts\/163042","targetHints":{"allow":["GET"]}}],"collection":[{"href":"https:\/\/www.europesays.com\/pt\/wp-json\/wp\/v2\/posts"}],"about":[{"href":"https:\/\/www.europesays.com\/pt\/wp-json\/wp\/v2\/types\/post"}],"author":[{"embeddable":true,"href":"https:\/\/www.europesays.com\/pt\/wp-json\/wp\/v2\/users\/2"}],"replies":[{"embeddable":true,"href":"https:\/\/www.europesays.com\/pt\/wp-json\/wp\/v2\/comments?post=163042"}],"version-history":[{"count":0,"href":"https:\/\/www.europesays.com\/pt\/wp-json\/wp\/v2\/posts\/163042\/revisions"}],"wp:featuredmedia":[{"embeddable":true,"href":"https:\/\/www.europesays.com\/pt\/wp-json\/wp\/v2\/media\/163043"}],"wp:attachment":[{"href":"https:\/\/www.europesays.com\/pt\/wp-json\/wp\/v2\/media?parent=163042"}],"wp:term":[{"taxonomy":"category","embeddable":true,"href":"https:\/\/www.europesays.com\/pt\/wp-json\/wp\/v2\/categories?post=163042"},{"taxonomy":"post_tag","embeddable":true,"href":"https:\/\/www.europesays.com\/pt\/wp-json\/wp\/v2\/tags?post=163042"}],"curies":[{"name":"wp","href":"https:\/\/api.w.org\/{rel}","templated":true}]}}