{"id":163052,"date":"2025-11-24T08:09:10","date_gmt":"2025-11-24T08:09:10","guid":{"rendered":"https:\/\/www.europesays.com\/pt\/163052\/"},"modified":"2025-11-24T08:09:10","modified_gmt":"2025-11-24T08:09:10","slug":"ios-27-foca-na-velocidade-e-estreia-o-chatbot-ia-veritas","status":"publish","type":"post","link":"https:\/\/www.europesays.com\/pt\/163052\/","title":{"rendered":"iOS 27 foca na velocidade e estreia o chatbot IA &#8216;Veritas&#8217;"},"content":{"rendered":"<p>Se o iOS 26 ficou marcado pela introdu\u00e7\u00e3o da nova e vistosa interface \u201cLiquid Glass\u201d, o seu sucessor, o <strong>iOS 27<\/strong>, promete ser uma atualiza\u00e7\u00e3o muito menos vis\u00edvel, mas talvez muito mais importante. Segundo Mark Gurman, da Bloomberg, a Apple decidiu mudar radicalmente de estrat\u00e9gia para a pr\u00f3xima grande vers\u00e3o do sistema operativo do iPhone, trocando as inova\u00e7\u00f5es de design por uma prioridade absoluta na <strong>estabilidade do sistema, melhorias de desempenho e uma integra\u00e7\u00e3o profunda de Intelig\u00eancia Artificial<\/strong>.<\/p>\n<p>Esta mudan\u00e7a de rumo sugere que a Apple quer garantir que os seus dispositivos n\u00e3o s\u00e3o apenas bonitos, mas tamb\u00e9m os mais r\u00e1pidos e fi\u00e1veis do mercado, preparando o terreno para uma nova era de assistentes virtuais que podem, finalmente, competir com o ChatGPT.<\/p>\n<p>Adeus bugs, ol\u00e1 velocidade<\/p>\n<p>A primeira grande diretriz para o iOS 27 (e para o macOS 27) \u00e9 a qualidade. Gurman relata que a Apple est\u00e1 a \u201cpriorizar corre\u00e7\u00f5es de bugs, melhorar o desempenho do n\u00facleo do sistema e a estabilidade geral da plataforma\u201d.<\/p>\n<p>Para os utilizadores que sentiram que o iOS 26, apesar de bonito, trouxe alguns problemas de estabilidade ou consumo de bateria, esta \u00e9 a melhor not\u00edcia poss\u00edvel. Historicamente, as atualiza\u00e7\u00f5es da Apple focadas em \u201climpeza\u201d (como foi o iOS 12) tendem a ser as mais aclamadas a longo prazo, pois prolongam a vida \u00fatil dos dispositivos mais antigos e tornam os mais recentes incrivelmente fluidos.<\/p>\n<p><img fetchpriority=\"high\" decoding=\"async\" width=\"1200\" height=\"675\" src=\"data:image\/svg+xml,%3Csvg%20xmlns=\" http:=\"\" alt=\"Ios 27 veritas\" class=\"wp-image-163351\" title=\"iOS 27 Veritas TecheNet\" data-lazy- data-lazy- data-lazy-src=\"https:\/\/www.europesays.com\/pt\/wp-content\/uploads\/2025\/11\/iOS-27-Veritas-1200x675.webp.webp\"\/><\/p>\n<p>\u201cVeritas\u201d: o novo chatbot que quer salvar a Siri<\/p>\n<p>A parte mais excitante do relat\u00f3rio, no entanto, \u00e9 a ofensiva de IA. A Apple n\u00e3o est\u00e1 apenas a adicionar pequenas funcionalidades; est\u00e1 alegadamente a trabalhar num <strong>chatbot completo<\/strong>, internamente chamado de <strong>\u201cVeritas\u201d<\/strong>.<\/p>\n<p>O nome, que significa \u201cverdade\u201d em latim, sugere uma aposta na precis\u00e3o e na fiabilidade. O objetivo deste novo modelo de linguagem n\u00e3o \u00e9 necessariamente substituir a Siri, mas sim <strong>melhor\u00e1-la drasticamente<\/strong>. Se o \u201cVeritas\u201d for bem-sucedido, poderemos finalmente ver a Siri transformar-se de uma assistente de comandos b\u00e1sicos numa verdadeira intelig\u00eancia conversacional, capaz de entender o contexto e realizar tarefas complexas.<\/p>\n<p>O teu m\u00e9dico de IA e a nova pesquisa web<\/p>\n<p>Para al\u00e9m do \u201cVeritas\u201d, o iOS 27 dever\u00e1 expandir a IA para \u00e1reas cr\u00edticas do dia a dia:<\/p>\n<ul class=\"wp-block-list\">\n<li><strong>Agente de Sa\u00fade com IA:<\/strong> A Apple planeia lan\u00e7ar um agente focado na sa\u00fade. Dado o investimento da marca no Apple Watch e na recolha de dados biom\u00e9tricos, um assistente que consiga interpretar esses dados e dar conselhos de sa\u00fade personalizados e proativos seria um \u201cgame-changer\u201d.<\/li>\n<li><strong>Pesquisa Web com IA:<\/strong> A Apple tamb\u00e9m quer competir na forma como procuramos informa\u00e7\u00e3o, integrando capacidades de pesquisa web alimentadas por IA diretamente no sistema, possivelmente desafiando a supremacia da Google neste campo.<\/li>\n<\/ul>\n<p>Quando chega?<\/p>\n<p>Como \u00e9 tradi\u00e7\u00e3o, a Apple dever\u00e1 revelar as primeiras vers\u00f5es beta do iOS 27 e do macOS 27 na sua confer\u00eancia mundial de programadores (WWDC), que se realiza habitualmente em <strong>junho<\/strong>. At\u00e9 l\u00e1, a mensagem parece clara: 2026 ser\u00e1 o ano em que o iPhone fica mais esperto e mais r\u00e1pido, em vez de apenas mais bonito.<\/p>\n<p><strong>Outros artigos interessantes:<\/strong><\/p>\n","protected":false},"excerpt":{"rendered":"Se o iOS 26 ficou marcado pela introdu\u00e7\u00e3o da nova e vistosa interface \u201cLiquid Glass\u201d, o seu sucessor,&hellip;\n","protected":false},"author":2,"featured_media":163053,"comment_status":"","ping_status":"","sticky":false,"template":"","format":"standard","meta":{"footnotes":""},"categories":[84],"tags":[109,107,108,32,33,105,103,104,106,110],"class_list":{"0":"post-163052","1":"post","2":"type-post","3":"status-publish","4":"format-standard","5":"has-post-thumbnail","7":"category-ciencia-e-tecnologia","8":"tag-ciencia","9":"tag-ciencia-e-tecnologia","10":"tag-cienciaetecnologia","11":"tag-portugal","12":"tag-pt","13":"tag-science","14":"tag-science-and-technology","15":"tag-scienceandtechnology","16":"tag-technology","17":"tag-tecnologia"},"share_on_mastodon":{"url":"https:\/\/pubeurope.com\/@pt\/115603660011601862","error":""},"_links":{"self":[{"href":"https:\/\/www.europesays.com\/pt\/wp-json\/wp\/v2\/posts\/163052","targetHints":{"allow":["GET"]}}],"collection":[{"href":"https:\/\/www.europesays.com\/pt\/wp-json\/wp\/v2\/posts"}],"about":[{"href":"https:\/\/www.europesays.com\/pt\/wp-json\/wp\/v2\/types\/post"}],"author":[{"embeddable":true,"href":"https:\/\/www.europesays.com\/pt\/wp-json\/wp\/v2\/users\/2"}],"replies":[{"embeddable":true,"href":"https:\/\/www.europesays.com\/pt\/wp-json\/wp\/v2\/comments?post=163052"}],"version-history":[{"count":0,"href":"https:\/\/www.europesays.com\/pt\/wp-json\/wp\/v2\/posts\/163052\/revisions"}],"wp:featuredmedia":[{"embeddable":true,"href":"https:\/\/www.europesays.com\/pt\/wp-json\/wp\/v2\/media\/163053"}],"wp:attachment":[{"href":"https:\/\/www.europesays.com\/pt\/wp-json\/wp\/v2\/media?parent=163052"}],"wp:term":[{"taxonomy":"category","embeddable":true,"href":"https:\/\/www.europesays.com\/pt\/wp-json\/wp\/v2\/categories?post=163052"},{"taxonomy":"post_tag","embeddable":true,"href":"https:\/\/www.europesays.com\/pt\/wp-json\/wp\/v2\/tags?post=163052"}],"curies":[{"name":"wp","href":"https:\/\/api.w.org\/{rel}","templated":true}]}}