{"id":163086,"date":"2025-11-24T09:00:16","date_gmt":"2025-11-24T09:00:16","guid":{"rendered":"https:\/\/www.europesays.com\/pt\/163086\/"},"modified":"2025-11-24T09:00:16","modified_gmt":"2025-11-24T09:00:16","slug":"sbt-tv-influenciadora-malu-borges-anuncia-gravidez-do-segundo-filho","status":"publish","type":"post","link":"https:\/\/www.europesays.com\/pt\/163086\/","title":{"rendered":"SBT TV | Influenciadora Malu Borges anuncia gravidez do segundo filho"},"content":{"rendered":"<p>Neste domingo (23), <strong>Malu Borges<\/strong> surpreendeu seus seguidores ao anunciar, pelas redes sociais, que est\u00e1 <strong>gr\u00e1vida <\/strong>de seu segundo filho. A influenciadora, j\u00e1 m\u00e3e de Bebel,\u00a0fruto do casamento com <strong>Jo\u00e3o Santiago<\/strong>,\u00a0revelou que a fam\u00edlia aguarda a chegada de mais um herdeiro.<\/p>\n<p>O an\u00fancio veio em um v\u00eddeo emocionante: na grava\u00e7\u00e3o, Bebel aparece segurando o ultrassom do irm\u00e3ozinho e uma roupinha de beb\u00ea. Em seguida, Malu registra momentos de carinho da primog\u00eanita e do marido, que acariciam sua barriga em clima de celebra\u00e7\u00e3o.<\/p>\n<p class=\"related-link\"><strong><a href=\"https:\/\/www.sbt.com.br\/jornalismo\/fofocalizando\/noticia\/285323-lucas-guedez-admite-ciumes-de-virginia-durante-viagens-para-a-espanha\" title=\"Lucas Guedez admite ci\u00fames de Virginia durante viagens para a Espanha\" class=\"link_sbttv\" rel=\"nofollow noopener\" target=\"_blank\">+ Lucas Guedez admite ci\u00fames de Virginia durante viagens para a Espanha<\/a><\/strong><\/p>\n<p class=\"related-link\"><strong><a href=\"https:\/\/www.sbt.com.br\/jornalismo\/fofocalizando\/noticia\/285322-odorico-reis-comenta-relacao-de-ana-castela-com-os-filhos-de-ze-felipe\" title=\"Odorico Reis comenta rela\u00e7\u00e3o de Ana Castela com os filhos de Z\u00e9 Felipe\" class=\"link_sbttv\" rel=\"nofollow noopener\" target=\"_blank\">+ Odorico Reis comenta rela\u00e7\u00e3o de Ana Castela com os filhos de Z\u00e9 Felipe<\/a><\/strong><\/p>\n<p class=\"related-link\"><strong><a href=\"https:\/\/www.sbt.com.br\/jornalismo\/fofocalizando\/noticia\/285321-melhor-amigo-de-ana-castela-comenta-como-eles-lidam-com-as-criticas-dos-fas\" title=\"Melhor amigo de Ana Castela comenta como eles lidam com as cr\u00edticas dos f\u00e3s\" class=\"link_sbttv\" rel=\"nofollow noopener\" target=\"_blank\">+ Melhor amigo de Ana Castela comenta como eles lidam com as cr\u00edticas dos f\u00e3s<\/a><\/strong><\/p>\n<p>&#8220;A vida acabou de ficar ainda mais incr\u00edvel, temos um pacotinho de alegria a caminho&#8221;, escreveu Malu na legenda da publica\u00e7\u00e3o. Amigos e familiares logo deixaram a publica\u00e7\u00e3o cheia de coment\u00e1rios carinhosos: &#8220;Que felicidade&#8221;, comemorou um f\u00e3. &#8220;Que venha com muita sa\u00fade&#8221;, disse um seguidor.<\/p>\n<blockquote class=\"instagram-media\" data-instgrm-captioned=\"\" data-instgrm-permalink=\"https:\/\/www.instagram.com\/reel\/DRZr4bDEYYQ\/?utm_source=ig_embed&amp;utm_campaign=loading\" data-instgrm-version=\"14\"\/><p><script async src=\"\/\/www.instagram.com\/embed.js\"><\/script><\/p>\n","protected":false},"excerpt":{"rendered":"Neste domingo (23), Malu Borges surpreendeu seus seguidores ao anunciar, pelas redes sociais, que est\u00e1 gr\u00e1vida de seu&hellip;\n","protected":false},"author":2,"featured_media":163087,"comment_status":"","ping_status":"","sticky":false,"template":"","format":"standard","meta":{"footnotes":""},"categories":[145],"tags":[34577,211,210,114,115,972,2611,9957,32,33,936],"class_list":{"0":"post-163086","1":"post","2":"type-post","3":"status-publish","4":"format-standard","5":"has-post-thumbnail","7":"category-celebridades","8":"tag-borges","9":"tag-celebridades","10":"tag-celebrities","11":"tag-entertainment","12":"tag-entretenimento","13":"tag-fofocalizando","14":"tag-gravida","15":"tag-malu","16":"tag-portugal","17":"tag-pt","18":"tag-sbt"},"share_on_mastodon":{"url":"https:\/\/pubeurope.com\/@pt\/115603860572930102","error":""},"_links":{"self":[{"href":"https:\/\/www.europesays.com\/pt\/wp-json\/wp\/v2\/posts\/163086","targetHints":{"allow":["GET"]}}],"collection":[{"href":"https:\/\/www.europesays.com\/pt\/wp-json\/wp\/v2\/posts"}],"about":[{"href":"https:\/\/www.europesays.com\/pt\/wp-json\/wp\/v2\/types\/post"}],"author":[{"embeddable":true,"href":"https:\/\/www.europesays.com\/pt\/wp-json\/wp\/v2\/users\/2"}],"replies":[{"embeddable":true,"href":"https:\/\/www.europesays.com\/pt\/wp-json\/wp\/v2\/comments?post=163086"}],"version-history":[{"count":0,"href":"https:\/\/www.europesays.com\/pt\/wp-json\/wp\/v2\/posts\/163086\/revisions"}],"wp:featuredmedia":[{"embeddable":true,"href":"https:\/\/www.europesays.com\/pt\/wp-json\/wp\/v2\/media\/163087"}],"wp:attachment":[{"href":"https:\/\/www.europesays.com\/pt\/wp-json\/wp\/v2\/media?parent=163086"}],"wp:term":[{"taxonomy":"category","embeddable":true,"href":"https:\/\/www.europesays.com\/pt\/wp-json\/wp\/v2\/categories?post=163086"},{"taxonomy":"post_tag","embeddable":true,"href":"https:\/\/www.europesays.com\/pt\/wp-json\/wp\/v2\/tags?post=163086"}],"curies":[{"name":"wp","href":"https:\/\/api.w.org\/{rel}","templated":true}]}}