{"id":163094,"date":"2025-11-24T09:13:24","date_gmt":"2025-11-24T09:13:24","guid":{"rendered":"https:\/\/www.europesays.com\/pt\/163094\/"},"modified":"2025-11-24T09:13:24","modified_gmt":"2025-11-24T09:13:24","slug":"o-trabalho-continua-lideres-europeus-discutem-processo-de-paz-para-a-ucrania-em-angola","status":"publish","type":"post","link":"https:\/\/www.europesays.com\/pt\/163094\/","title":{"rendered":"&#8220;O trabalho continua&#8221;. L\u00edderes europeus discutem processo de paz para a Ucr\u00e2nia em Angola"},"content":{"rendered":"<p>                Os l\u00edderes da Uni\u00e3o Europeia re\u00fanem-se esta segunda-feira, em Angola, com o objetivo de abordar o processo de paz para a Ucr\u00e2nia. Este encontro em Luanda realiza-se ap\u00f3s um convite do presidente do Conselho Europeu, Ant\u00f3nio Costa, e \u00e0 margem da cimeira entre Uni\u00e3o Europeia e Uni\u00e3o Africana.<\/p>\n<p><b>\u201cO trabalho continua. Convidei todos os l\u00edderes dos 27 para um encontro especial sobre a Ucr\u00e2nia \u00e0 margem da Cimeira UE-UA em Luanda, na segunda-feira\u201d<\/b>, anunciava Costa, no passado s\u00e1bado, na rede social X.<\/p>\n<p><b>\u201cAcolhemos os esfor\u00e7os cont\u00ednuos dos Estados Unidos para levar a paz \u00e0 Ucr\u00e2nia\u201d<\/b>, escreveria ainda o presidente do Conselho Europeu, citando o comunicado conjunto assinado por v\u00e1rios l\u00edderes europeus, do Jap\u00e3o e do Canad\u00e1, que se reuniram \u00e0 margem da Cimeira do G20.\u201cO esbo\u00e7o inicial do plano de 28 pontos inclui elementos importantes que ser\u00e3o essenciais para uma paz justa e duradoura. Acreditamos portanto que o esbo\u00e7o \u00e9 uma base que vai requerer trabalho adicional\u201d.<br \/>&#13;\n<\/p>\n<p>A Europa preparou j\u00e1 uma contraproposta ao plano de Donald Trump. <b>Ao inv\u00e9s de 600 mil militares, a Ucr\u00e2nia poderia manter uma for\u00e7a de 800 mil militares em tempo de paz<\/b>.<\/p>\n<p>          <img decoding=\"async\" itemprop=\"image\" class=\"img-fluid\"   src=\"https:\/\/www.europesays.com\/pt\/wp-content\/uploads\/2025\/11\/bed5802db25bb7e19adeb8a873700314_N.jpg\"\/><\/p>\n<p>Telejornal | 23 de novembro de 2025<\/p>\n<p>Por ou lado, <b>a decis\u00e3o de ades\u00e3o \u00e0 NATO passaria por um consenso entre os Estados-membros da Alian\u00e7a Atl\u00e2ntica e esta concordaria em n\u00e3o manter na Ucr\u00e2nia uma for\u00e7a permanente<\/b>.<\/p>\n<p><b>&#13;<br \/>\nKiev seria \u201ccompensada financeiramente\u201d, o que se materializaria com recurso a bens russos congelados, at\u00e9 que Moscovo pagasse os danos causados no pa\u00eds<\/b>. <\/p>\n<p><b>O pa\u00eds invadido teria de prometer n\u00e3o recuperar territ\u00f3rio ocupado atrav\u00e9s de a\u00e7\u00f5es militares e fazer elei\u00e7\u00f5es assim que poss\u00edvel<\/b>, depois da assinatura de um acordo de paz, recebendo garantias de prote\u00e7\u00e3o dos Estados Unidos.O primeiro-ministro portugu\u00eas, Lu\u00eds Montenegro, afirmou que o plano de paz para a Ucr\u00e2nia proposto por Donald Trump \u00e9 \u201cinsuficiente\u201d para os objetivos europeus. <br \/>&#13;\n<\/p>\n<p>A presidente da Comiss\u00e3o Europeia, Ursula von der Leyen, veio vincar que as fronteiras da Ucr\u00e2nia n\u00e3o podem ser alteradas pela for\u00e7a.<br \/>&#13;<br \/>\n\u201cQuadro atualizado e aperfei\u00e7oado\u201d<br \/>&#13;<br \/>\nEm comunicado conjunto, emitido no domingo, norte-americanos e ucranianos declararam que, ap\u00f3s conversa\u00e7\u00f5es em Genebra, <b>foi desenvolvido \u201cum quadro de paz atualizado e aperfei\u00e7oado\u201d<\/b>, enfatizando que <b>\u201cqualquer acordo futuro deve respeitar plenamente a soberania da Ucr\u00e2nia\u201d<\/b>.<\/p>\n<p>\u201cA delega\u00e7\u00e3o ucraniana reafirmou a sua gratid\u00e3o pelo forte compromisso dos Estados Unidos e pessoalmente do presidente Donald J. Trump pelos esfor\u00e7os incans\u00e1veis para <\/p>\n<p>A aprova\u00e7\u00e3o do novo plano para a paz depende dos presidentes de ambos os pa\u00edses, que continuar\u00e3o a \u201ctrabalhar intensamente em propostas conjuntas nos pr\u00f3ximos dias\u201d e \u201cem estreito contacto com os parceiros europeus \u00e0 medida que o processo avan\u00e7a\u201d.No teatro de guerra, um novo ataque russo contra Kharkiv fez pelo menos quatro mortos e 17 feridos.<\/p>\n<p>Volodymyr Zelensky deixou uma avalia\u00e7\u00e3o e sinal positivo dos encontros em Genebra Genebra.<\/p>\n<p>          <img decoding=\"async\" itemprop=\"image\" class=\"img-fluid\"   src=\"https:\/\/www.europesays.com\/pt\/wp-content\/uploads\/2025\/11\/a7e266b8c3b891fba8a52be90dedb848_N.jpg\"\/><\/p>\n<p>Menos efusivo do que o teor do comunicado conjunto, o presidente ucraniano limitou-se a confirmar que <b>as altera\u00e7\u00f5es ao plano norte-americano foram gizadas olhando \u00e0 posi\u00e7\u00e3o do seu pa\u00eds<\/b>.<br \/>\n          <img decoding=\"async\" itemprop=\"image\" class=\"img-fluid\"   src=\"https:\/\/www.europesays.com\/pt\/wp-content\/uploads\/2025\/11\/b923cdaf4cfb59e2d13916b5a6ba61b6_N.jpg\"\/><\/p>\n<p>Por seu turno, o secret\u00e1rio de Estado norte-americano reconheceu, em Genebra, que <b>subsistem pontos a rever no plano<\/b>. Todavia, segundo Marco Rubio,<b> \u201cnenhum deles \u00e9 insuper\u00e1vel\u201d<\/b>.<\/p>\n<p>c\/ ag\u00eancias &#13;\n            <\/p>\n","protected":false},"excerpt":{"rendered":"Os l\u00edderes da Uni\u00e3o Europeia re\u00fanem-se esta segunda-feira, em Angola, com o objetivo de abordar o processo de&hellip;\n","protected":false},"author":2,"featured_media":163095,"comment_status":"","ping_status":"","sticky":false,"template":"","format":"standard","meta":{"footnotes":""},"categories":[8],"tags":[1063,27,28,8567,235,15,16,14,25,26,21,22,12,13,19,20,806,3894,32,23,24,33,17,18,840,29,30,31,34578,636],"class_list":{"0":"post-163094","1":"post","2":"type-post","3":"status-publish","4":"format-standard","5":"has-post-thumbnail","7":"category-principais-noticias","8":"tag-angola","9":"tag-breaking-news","10":"tag-breakingnews","11":"tag-cimeira","12":"tag-estados-unidos","13":"tag-featured-news","14":"tag-featurednews","15":"tag-headlines","16":"tag-latest-news","17":"tag-latestnews","18":"tag-main-news","19":"tag-mainnews","20":"tag-news","21":"tag-noticias","22":"tag-noticias-principais","23":"tag-noticiasprincipais","24":"tag-paz","25":"tag-plano","26":"tag-portugal","27":"tag-principais-noticias","28":"tag-principaisnoticias","29":"tag-pt","30":"tag-top-stories","31":"tag-topstories","32":"tag-ucrania","33":"tag-ultimas","34":"tag-ultimas-noticias","35":"tag-ultimasnoticias","36":"tag-uniao-africana","37":"tag-uniao-europeia"},"share_on_mastodon":{"url":"https:\/\/pubeurope.com\/@pt\/115603912724732588","error":""},"_links":{"self":[{"href":"https:\/\/www.europesays.com\/pt\/wp-json\/wp\/v2\/posts\/163094","targetHints":{"allow":["GET"]}}],"collection":[{"href":"https:\/\/www.europesays.com\/pt\/wp-json\/wp\/v2\/posts"}],"about":[{"href":"https:\/\/www.europesays.com\/pt\/wp-json\/wp\/v2\/types\/post"}],"author":[{"embeddable":true,"href":"https:\/\/www.europesays.com\/pt\/wp-json\/wp\/v2\/users\/2"}],"replies":[{"embeddable":true,"href":"https:\/\/www.europesays.com\/pt\/wp-json\/wp\/v2\/comments?post=163094"}],"version-history":[{"count":0,"href":"https:\/\/www.europesays.com\/pt\/wp-json\/wp\/v2\/posts\/163094\/revisions"}],"wp:featuredmedia":[{"embeddable":true,"href":"https:\/\/www.europesays.com\/pt\/wp-json\/wp\/v2\/media\/163095"}],"wp:attachment":[{"href":"https:\/\/www.europesays.com\/pt\/wp-json\/wp\/v2\/media?parent=163094"}],"wp:term":[{"taxonomy":"category","embeddable":true,"href":"https:\/\/www.europesays.com\/pt\/wp-json\/wp\/v2\/categories?post=163094"},{"taxonomy":"post_tag","embeddable":true,"href":"https:\/\/www.europesays.com\/pt\/wp-json\/wp\/v2\/tags?post=163094"}],"curies":[{"name":"wp","href":"https:\/\/api.w.org\/{rel}","templated":true}]}}