{"id":163100,"date":"2025-11-24T09:21:09","date_gmt":"2025-11-24T09:21:09","guid":{"rendered":"https:\/\/www.europesays.com\/pt\/163100\/"},"modified":"2025-11-24T09:21:09","modified_gmt":"2025-11-24T09:21:09","slug":"avancos-no-diagnostico-de-cancer-de-pele-podem-mexer-nas-projecoes-de-risco-usadas-pelo-mercado-segurador","status":"publish","type":"post","link":"https:\/\/www.europesays.com\/pt\/163100\/","title":{"rendered":"Avan\u00e7os no diagn\u00f3stico de c\u00e2ncer de pele podem mexer nas proje\u00e7\u00f5es de risco usadas pelo mercado segurador"},"content":{"rendered":"<p>Um <a href=\"https:\/\/g1.globo.com\/saude\/noticia\/2025\/11\/18\/ia-combina-imagem-e-dados-clinicos-e-detecta-cancer-de-pele-agressivo-com-945percent-de-precisao-aponta-estudo.ghtml\" target=\"_blank\" rel=\"nofollow noopener\">estudo da Universidade Nacional de Incheon mostra que um modelo de intelig\u00eancia artificial identificou melanoma com 94,5%<\/a> de precis\u00e3o ao cruzar a imagem da les\u00e3o e dados cl\u00ednicos simples, como idade e localiza\u00e7\u00e3o da pinta. Esse progresso tem implica\u00e7\u00f5es para o debate sobre risco, j\u00e1 que o melanoma \u00e9 o tipo mais agressivo de c\u00e2ncer de pele, de evolu\u00e7\u00e3o r\u00e1pida e que exige cuidado imediato. Quando a detec\u00e7\u00e3o ocorre cedo, o tratamento \u00e9 mais simples e menos custoso; quando ocorre tarde, o manejo se torna mais complexo, prolongado e caro. Essa diferen\u00e7a repercute em seguros de sa\u00fade, vida e coberturas de doen\u00e7as graves.<\/p>\n<p><strong>Custos, provis\u00f5es e o impacto da detec\u00e7\u00e3o precoce<\/strong><\/p>\n<p>A rela\u00e7\u00e3o entre diagn\u00f3stico e seguro \u00e9 objetiva. Tratamentos mais curtos e cir\u00fargicos costumam exigir menos recursos assistenciais do que terapias estendidas ou interna\u00e7\u00f5es oncol\u00f3gicas. Em planos coletivos, isso pode influenciar reajustes e provis\u00f5es. Em <a href=\"https:\/\/www.insurtalks.com.br\/posts\/icatu-amplia-cobertura-de-doencas-graves-no-seguro-de-vida\" target=\"_blank\" rel=\"nofollow noopener\">seguros de vida e doen\u00e7as graves<\/a>, diagn\u00f3sticos tardios aumentam a probabilidade de sinistros, enquanto a confirma\u00e7\u00e3o em est\u00e1gio inicial tende a alterar padr\u00f5es de acionamento ao longo do tempo. O objetivo n\u00e3o \u00e9 impor obst\u00e1culos ao paciente, \u00e9 entender como a amplia\u00e7\u00e3o do acesso ao diagn\u00f3stico altera as estimativas que orientam risco, frequ\u00eancia de uso e sustentabilidade dos contratos.<\/p>\n<p><strong>Tecnologia como apoio \u00e0s estrat\u00e9gias de preven\u00e7\u00e3o<\/strong><\/p>\n<p>Ferramentas de IA aplicadas \u00e0 triagem dermatol\u00f3gica podem fortalecer programas de preven\u00e7\u00e3o oferecidos por operadoras e seguradoras. Se incorporadas a aplicativos, canais de telemedicina ou servi\u00e7os digitais de orienta\u00e7\u00e3o, ajudam a acelerar encaminhamentos, evitar agravamentos e distribuir melhor a demanda por especialistas. Isso melhora a jornada do paciente e reduz a probabilidade de tratamentos mais complexos.<\/p>\n<p><strong>Aplica\u00e7\u00f5es que influenciam o uso das coberturas<\/strong><\/p>\n<p>Em ap\u00f3lices que indenizam doen\u00e7as graves, a confirma\u00e7\u00e3o mais r\u00e1pida de um melanoma pode alterar a forma como os consumidores acionam o benef\u00edcio. N\u00e3o h\u00e1 mudan\u00e7a na cobertura em si, mas no ritmo de utiliza\u00e7\u00e3o. Tecnologias que ampliam a seguran\u00e7a diagn\u00f3stica tendem a estimular consultas e verifica\u00e7\u00f5es precoces, o que repercute no comportamento de uso dessas prote\u00e7\u00f5es.<\/p>\n<p><strong>Efeitos na sinistralidade e no planejamento financeiro<\/strong><\/p>\n<p>A incorpora\u00e7\u00e3o de tecnologias que antecipam o reconhecimento de les\u00f5es suspeitas tamb\u00e9m interfere nos fluxos financeiros das operadoras e seguradoras. Quando o risco associado ao melanoma se torna mais previs\u00edvel, a oscila\u00e7\u00e3o da sinistralidade tende a diminuir, o que afeta acordos coletivos que costumam conviver com varia\u00e7\u00f5es expressivas ao longo do ano. Essa maior previsibilidade permite organizar melhor os desembolsos relacionados \u00e0 oncologia e reduz press\u00f5es que recaem sobre reajustes, sobretudo em contratos empresariais com grande n\u00famero de benefici\u00e1rios. Em vez de concentrar gastos em epis\u00f3dios avan\u00e7ados e imprevis\u00edveis, o sistema passa a lidar com um volume mais distribu\u00eddo, o que melhora o planejamento das reservas destinadas ao tratamento do c\u00e2ncer de pele.<\/p>\n<p><strong>Efeitos pr\u00e1ticos para sa\u00fade e seguros<\/strong><\/p>\n<p>O estudo sul-coreano pode trazer como consequ\u00eancia mais imediata a possibilidade de ampliar o acesso \u00e0 triagem qualificada, algo que interessa tanto ao paciente quanto aos sistemas de sa\u00fade e ao pr\u00f3prio mercado segurador, que depende de previs\u00f5es consistentes para administrar riscos.\u00a0 Quando essas ferramentas deixarem o ambiente de pesquisa e passarem a apoiar consultas presenciais e digitais, elas far\u00e3o surgir novas oportunidades de organizar melhor o cuidado e reduzir incertezas que pesam sobre contratos coletivos. Ser\u00e1 um passo importante na aproxima\u00e7\u00e3o entre preven\u00e7\u00e3o, tecnologia e gest\u00e3o de risco de maneira pr\u00e1tica, o que reduzir\u00e1 incertezas tanto para quem conduz o cuidado quanto para quem administra o risco.<\/p>\n","protected":false},"excerpt":{"rendered":"Um estudo da Universidade Nacional de Incheon mostra que um modelo de intelig\u00eancia artificial identificou melanoma com 94,5%&hellip;\n","protected":false},"author":2,"featured_media":163101,"comment_status":"","ping_status":"","sticky":false,"template":"","format":"standard","meta":{"footnotes":""},"categories":[86],"tags":[116,32,33,117],"class_list":{"0":"post-163100","1":"post","2":"type-post","3":"status-publish","4":"format-standard","5":"has-post-thumbnail","7":"category-saude","8":"tag-health","9":"tag-portugal","10":"tag-pt","11":"tag-saude"},"share_on_mastodon":{"url":"https:\/\/pubeurope.com\/@pt\/115603943242314133","error":""},"_links":{"self":[{"href":"https:\/\/www.europesays.com\/pt\/wp-json\/wp\/v2\/posts\/163100","targetHints":{"allow":["GET"]}}],"collection":[{"href":"https:\/\/www.europesays.com\/pt\/wp-json\/wp\/v2\/posts"}],"about":[{"href":"https:\/\/www.europesays.com\/pt\/wp-json\/wp\/v2\/types\/post"}],"author":[{"embeddable":true,"href":"https:\/\/www.europesays.com\/pt\/wp-json\/wp\/v2\/users\/2"}],"replies":[{"embeddable":true,"href":"https:\/\/www.europesays.com\/pt\/wp-json\/wp\/v2\/comments?post=163100"}],"version-history":[{"count":0,"href":"https:\/\/www.europesays.com\/pt\/wp-json\/wp\/v2\/posts\/163100\/revisions"}],"wp:featuredmedia":[{"embeddable":true,"href":"https:\/\/www.europesays.com\/pt\/wp-json\/wp\/v2\/media\/163101"}],"wp:attachment":[{"href":"https:\/\/www.europesays.com\/pt\/wp-json\/wp\/v2\/media?parent=163100"}],"wp:term":[{"taxonomy":"category","embeddable":true,"href":"https:\/\/www.europesays.com\/pt\/wp-json\/wp\/v2\/categories?post=163100"},{"taxonomy":"post_tag","embeddable":true,"href":"https:\/\/www.europesays.com\/pt\/wp-json\/wp\/v2\/tags?post=163100"}],"curies":[{"name":"wp","href":"https:\/\/api.w.org\/{rel}","templated":true}]}}