{"id":163107,"date":"2025-11-24T09:26:08","date_gmt":"2025-11-24T09:26:08","guid":{"rendered":"https:\/\/www.europesays.com\/pt\/163107\/"},"modified":"2025-11-24T09:26:08","modified_gmt":"2025-11-24T09:26:08","slug":"chegou-a-luz-o-verdadeiro-mourinho","status":"publish","type":"post","link":"https:\/\/www.europesays.com\/pt\/163107\/","title":{"rendered":"Chegou \u00e0 Luz o \u00abverdadeiro\u00bb Mourinho"},"content":{"rendered":"<p>Com uma carreira a solo de 25 anos, ao longo dos quais ganhou o estatuto de \u00abpessoa realmente influenciadora da hist\u00f3ria do futebol\u00bb, ou, como se dizia antigamente nos bancos da faculdade de Direito, \u00abcom ele a doutrina aumentou e a jurisprud\u00eancia evoluiu\u00bb, nunca ningu\u00e9m deu nada a Jos\u00e9 Mourinho &#8211; entre muitas outras conquistas, as I Ligas, as Ta\u00e7as, as Premier Leagues, os Scudettos, as Champions, a Liga Europa, a Ta\u00e7a UEFA ou a Liga Confer\u00eancia &#8211; foi ele que trabalhou para ganh\u00e1-las, com os staffs e jogadores que escolheu.\u00a0<\/p>\n<p>No \u00faltimo quarto de s\u00e9culo, honra lhe seja feita, nunca vi ningu\u00e9m elogiar Mourinho pela cordialidade, pelas capacidades diplom\u00e1ticas, ou pelas tentativas de tentar consertar o que j\u00e1 n\u00e3o tinha arranjo. Ao inv\u00e9s, embora tenha proporcionado, por vezes atrav\u00e9s de bate-bocas com os jornalistas, alguns momentos inolvid\u00e1veis, a sua natureza foi sempre marcada pela frontalidade e dureza, sem medo das palavras, muito menos de lev\u00e1-las \u00e0 pr\u00e1tica.\u00a0<\/p>\n<p>Acontece que \u00abeste\u00bb Jos\u00e9 Mourinho, se quisermos o \u00abverdadeiro\u00bb Jos\u00e9 Mourinho, ainda n\u00e3o tinha vindo \u00e0 tona nesta sua segunda passagem pelo Benfica. Os primeiros tempos foram de observa\u00e7\u00e3o, pelo meio meteu-se a temperan\u00e7a requerida pelo processo eleitoral, e s\u00f3 agora, conclu\u00edda a primeira e livre das amarras da segunda, o treinador de Set\u00fabal come\u00e7ou, com um aviso solene ap\u00f3s o jogo da Ta\u00e7a, no Restelo, com o Atl\u00e9tico, a iniciar a formata\u00e7\u00e3o do Benfica que deseja, identificando com quem \u00abn\u00e3o quer ir para a selva\u00bb, com a devida v\u00e9nia ao autor da express\u00e3o, Carlos Queiroz.\u00a0\u00a0<\/p>\n<p>Quer isto dizer duas coisas: M\u00e1rio Branco e Rui Costa v\u00e3o ter muito trabalho at\u00e9 ao fim do ano, entre chegadas e partidas; e dentro do plantel, haver\u00e1 dois tipos de jogadores, os que entregam os pontos, e aqueles que ainda v\u00e3o tentar fazer com que Mourinho mude de ideias. Ou seja, aquilo que pareciam ser \u00e1guas paradas, transformaram-se num mar encapelado, de onde apenas sair\u00e1 vivo (metaforicamente, \u00e9 claro), n\u00e3o s\u00f3 quem souber nadar, mas ainda tendo ainda de faz\u00ea-lo no estilo que mais agrada ao treinador.\u00a0\u00a0<\/p>\n<p>Mas, at\u00e9 que este cen\u00e1rio possa ganhar corpo, ainda faltam cinco semanas que, entre aban\u00f5es, incertezas, avisos e les\u00f5es, prenunciam tempos dif\u00edceis para o Benfica, que n\u00e3o deve perder mais pontos para a concorr\u00eancia na Liga, joga pelo prest\u00edgio na Champions, e mant\u00e9m a ida ao Jamor como um objetivo.\u00a0<\/p>\n<p>Ent\u00e3o, neste contexto, ter\u00e1 sido oportuno o murro na mesa dado por Mourinho, no Restelo? Francamente, por mais que valorize os perigos atr\u00e1s identificados, creio que sim, porque n\u00e3o s\u00f3 serviu de eletrochoque em quem nunca sentiu o peso da camisola (porque num clube da dimens\u00e3o do Benfica s\u00f3 pode jogar quem sentir esse peso, e conseguir aguent\u00e1-lo), como abriu uma perspetiva de futuro aos adeptos encarnados, atrav\u00e9s de um treinador que acredito que tenha poderes refor\u00e7ados e uma palavra importante a dizer naquilo que se seguir\u00e1, e que quer apetrechar o clube com meios que o levem ao sucesso desportivo.\u00a0<\/p>\n<p>Jos\u00e9 Mourinho, fazendo jus \u00e0 sua imagem de marca, despiu as vestes de bom rapaz, p\u00f4s as garras de fora, arrega\u00e7ou as mangas, e disse que est\u00e1 pronto para a luta. N\u00e3o foi a primeira vez, em 25 anos, que o fez, e h\u00e1 que n\u00e3o esquecer que as coisas s\u00f3 n\u00e3o lhe correram bem quando tomou atitudes semelhantes e n\u00e3o teve o respaldo das administra\u00e7\u00f5es dos clubes. O que n\u00e3o me parece verificar-se no presente.\u00a0\u00a0<\/p>\n","protected":false},"excerpt":{"rendered":"Com uma carreira a solo de 25 anos, ao longo dos quais ganhou o estatuto de \u00abpessoa realmente&hellip;\n","protected":false},"author":2,"featured_media":163108,"comment_status":"","ping_status":"","sticky":false,"template":"","format":"standard","meta":{"footnotes":""},"categories":[10],"tags":[27,28,15,16,14,25,26,21,22,12,13,19,20,32,23,24,33,17,18,29,30,31],"class_list":{"0":"post-163107","1":"post","2":"type-post","3":"status-publish","4":"format-standard","5":"has-post-thumbnail","7":"category-portugal","8":"tag-breaking-news","9":"tag-breakingnews","10":"tag-featured-news","11":"tag-featurednews","12":"tag-headlines","13":"tag-latest-news","14":"tag-latestnews","15":"tag-main-news","16":"tag-mainnews","17":"tag-news","18":"tag-noticias","19":"tag-noticias-principais","20":"tag-noticiasprincipais","21":"tag-portugal","22":"tag-principais-noticias","23":"tag-principaisnoticias","24":"tag-pt","25":"tag-top-stories","26":"tag-topstories","27":"tag-ultimas","28":"tag-ultimas-noticias","29":"tag-ultimasnoticias"},"share_on_mastodon":{"url":"https:\/\/pubeurope.com\/@pt\/115603962966747586","error":""},"_links":{"self":[{"href":"https:\/\/www.europesays.com\/pt\/wp-json\/wp\/v2\/posts\/163107","targetHints":{"allow":["GET"]}}],"collection":[{"href":"https:\/\/www.europesays.com\/pt\/wp-json\/wp\/v2\/posts"}],"about":[{"href":"https:\/\/www.europesays.com\/pt\/wp-json\/wp\/v2\/types\/post"}],"author":[{"embeddable":true,"href":"https:\/\/www.europesays.com\/pt\/wp-json\/wp\/v2\/users\/2"}],"replies":[{"embeddable":true,"href":"https:\/\/www.europesays.com\/pt\/wp-json\/wp\/v2\/comments?post=163107"}],"version-history":[{"count":0,"href":"https:\/\/www.europesays.com\/pt\/wp-json\/wp\/v2\/posts\/163107\/revisions"}],"wp:featuredmedia":[{"embeddable":true,"href":"https:\/\/www.europesays.com\/pt\/wp-json\/wp\/v2\/media\/163108"}],"wp:attachment":[{"href":"https:\/\/www.europesays.com\/pt\/wp-json\/wp\/v2\/media?parent=163107"}],"wp:term":[{"taxonomy":"category","embeddable":true,"href":"https:\/\/www.europesays.com\/pt\/wp-json\/wp\/v2\/categories?post=163107"},{"taxonomy":"post_tag","embeddable":true,"href":"https:\/\/www.europesays.com\/pt\/wp-json\/wp\/v2\/tags?post=163107"}],"curies":[{"name":"wp","href":"https:\/\/api.w.org\/{rel}","templated":true}]}}