{"id":163109,"date":"2025-11-24T09:27:12","date_gmt":"2025-11-24T09:27:12","guid":{"rendered":"https:\/\/www.europesays.com\/pt\/163109\/"},"modified":"2025-11-24T09:27:12","modified_gmt":"2025-11-24T09:27:12","slug":"washington-e-kiev-actualizam-plano-de-paz-com-exigencias-ucranianas-guerra-na-ucrania","status":"publish","type":"post","link":"https:\/\/www.europesays.com\/pt\/163109\/","title":{"rendered":"Washington e Kiev actualizam plano de paz com exig\u00eancias ucranianas | Guerra na Ucr\u00e2nia"},"content":{"rendered":"<p>Estados Unidos e Ucr\u00e2nia declararam que, na sequ\u00eancia das conversa\u00e7\u00f5es mantidas em Genebra, \u201cdesenvolveram um quadro de paz actualizado e aperfei\u00e7oado\u201d, depois de reafirmarem que \u201cqualquer <a href=\"https:\/\/www.publico.pt\/2025\/11\/22\/mundo\/noticia\/ucrania-vai-reunirse-eua-discutir-fim-guerra-2155623\" rel=\"nofollow noopener\" target=\"_blank\">acordo futuro<\/a> deve respeitar plenamente a soberania da Ucr\u00e2nia\u201d.<\/p>\n<p>Num comunicado conjunto, divulgado no domingo pela Casa Branca, refere-se que as conversa\u00e7\u00f5es sobre o plano de paz proposto por Washington para selar a paz entre <a href=\"https:\/\/www.publico.pt\/2025\/11\/21\/mundo\/editorial\/ucrania-escolhas-impossiveis-2155572\" rel=\"nofollow noopener\" target=\"_blank\">a Ucr\u00e2nia<\/a> e a R\u00fassia foram \u201cconstrutivas, focadas e respeitosas\u201d, al\u00e9m de produtivas, uma vez que \u201cmostraram progressos significativos na harmoniza\u00e7\u00e3o de posi\u00e7\u00f5es e na identifica\u00e7\u00e3o de pr\u00f3ximos passos claros\u201d.<\/p>\n<p>O di\u00e1logo de Genebra reafirmou \u201cque qualquer acordo futuro deve respeitar plenamente a soberania da Ucr\u00e2nia e alcan\u00e7ar uma paz justa e sustent\u00e1vel\u201d, afirmam as duas partes.<\/p>\n<p>\u201cComo resultado das conversa\u00e7\u00f5es, as partes desenvolveram um quadro de paz actualizado e aperfei\u00e7oado\u201d, acrescenta-se no comunicado, onde ainda se l\u00ea que \u201ca delega\u00e7\u00e3o ucraniana reafirmou a sua gratid\u00e3o pelo forte compromisso dos Estados Unidos e pessoalmente do Presidente <a href=\"https:\/\/www.publico.pt\/donald-trump\" rel=\"nofollow noopener\" target=\"_blank\">Donald J. Trump<\/a> pelos esfor\u00e7os incans\u00e1veis para acabar com a guerra e a perda de vidas\u201d.<\/p>\n<p>O texto insiste que, tal como os representantes de ambos os pa\u00edses afirmaram no domingo, a aprova\u00e7\u00e3o final do novo roteiro para a paz na Ucr\u00e2nia depende dos presidentes de ambas as na\u00e7\u00f5es, que v\u00e3o continuar a \u201ctrabalhar intensamente em propostas conjuntas nos pr\u00f3ximos dias\u201d e a manter-se \u201cem estreito contacto com os parceiros europeus \u00e0 medida que o processo avan\u00e7a\u201d.<\/p>\n<p>O Presidente ucraniano, <a href=\"https:\/\/www.publico.pt\/volodimir-zelenskii\" rel=\"nofollow noopener\" target=\"_blank\">Volodymyr Zelensky<\/a>, fez no domingo uma avalia\u00e7\u00e3o positiva das reuni\u00f5es de Genebra e afirmou, numa linguagem mais cautelosa do que no comunicado conjunto, que as altera\u00e7\u00f5es ao plano de paz tinham sido feitas de acordo com a posi\u00e7\u00e3o ucraniana.<\/p>\n<p>Muitos especialistas criticaram o plano inicialmente apresentado por Washington \u2013 ao qual Trump tamb\u00e9m associou um ultimato, que expira na quinta-feira \u2013 e argumentaram que \u00e9 muito favor\u00e1vel \u00e0s exig\u00eancias russas de que Kiev reduza o ex\u00e9rcito, ceda territ\u00f3rio a Moscovo e se comprometa a nunca se candidatar \u00e0 ades\u00e3o \u00e0 NATO.<\/p>\n<p>Por sua vez, o secret\u00e1rio de Estado norte-americano, Marco Rubio, assegurou no final das conversa\u00e7\u00f5es de domingo, em Genebra, que ainda h\u00e1 pontos pendentes a rever no plano com a Ucr\u00e2nia, mas que \u201cnenhum deles \u00e9 insuper\u00e1vel\u201d e que est\u00e1 confiante de que se vai chegar a um acordo.<\/p>\n","protected":false},"excerpt":{"rendered":"Estados Unidos e Ucr\u00e2nia declararam que, na sequ\u00eancia das conversa\u00e7\u00f5es mantidas em Genebra, \u201cdesenvolveram um quadro de paz&hellip;\n","protected":false},"author":2,"featured_media":163110,"comment_status":"","ping_status":"","sticky":false,"template":"","format":"standard","meta":{"footnotes":""},"categories":[8],"tags":[27,28,353,445,15,16,34400,889,14,25,26,21,22,62,12,13,19,20,32,23,24,33,839,17,18,840,29,30,31,2415],"class_list":{"0":"post-163109","1":"post","2":"type-post","3":"status-publish","4":"format-standard","5":"has-post-thumbnail","7":"category-principais-noticias","8":"tag-breaking-news","9":"tag-breakingnews","10":"tag-em-destaque","11":"tag-europa","12":"tag-featured-news","13":"tag-featurednews","14":"tag-g20","15":"tag-guerra-na-ucrania","16":"tag-headlines","17":"tag-latest-news","18":"tag-latestnews","19":"tag-main-news","20":"tag-mainnews","21":"tag-mundo","22":"tag-news","23":"tag-noticias","24":"tag-noticias-principais","25":"tag-noticiasprincipais","26":"tag-portugal","27":"tag-principais-noticias","28":"tag-principaisnoticias","29":"tag-pt","30":"tag-russia","31":"tag-top-stories","32":"tag-topstories","33":"tag-ucrania","34":"tag-ultimas","35":"tag-ultimas-noticias","36":"tag-ultimasnoticias","37":"tag-vladimir-putin"},"share_on_mastodon":{"url":"https:\/\/pubeurope.com\/@pt\/115603966805771643","error":""},"_links":{"self":[{"href":"https:\/\/www.europesays.com\/pt\/wp-json\/wp\/v2\/posts\/163109","targetHints":{"allow":["GET"]}}],"collection":[{"href":"https:\/\/www.europesays.com\/pt\/wp-json\/wp\/v2\/posts"}],"about":[{"href":"https:\/\/www.europesays.com\/pt\/wp-json\/wp\/v2\/types\/post"}],"author":[{"embeddable":true,"href":"https:\/\/www.europesays.com\/pt\/wp-json\/wp\/v2\/users\/2"}],"replies":[{"embeddable":true,"href":"https:\/\/www.europesays.com\/pt\/wp-json\/wp\/v2\/comments?post=163109"}],"version-history":[{"count":0,"href":"https:\/\/www.europesays.com\/pt\/wp-json\/wp\/v2\/posts\/163109\/revisions"}],"wp:featuredmedia":[{"embeddable":true,"href":"https:\/\/www.europesays.com\/pt\/wp-json\/wp\/v2\/media\/163110"}],"wp:attachment":[{"href":"https:\/\/www.europesays.com\/pt\/wp-json\/wp\/v2\/media?parent=163109"}],"wp:term":[{"taxonomy":"category","embeddable":true,"href":"https:\/\/www.europesays.com\/pt\/wp-json\/wp\/v2\/categories?post=163109"},{"taxonomy":"post_tag","embeddable":true,"href":"https:\/\/www.europesays.com\/pt\/wp-json\/wp\/v2\/tags?post=163109"}],"curies":[{"name":"wp","href":"https:\/\/api.w.org\/{rel}","templated":true}]}}