{"id":163115,"date":"2025-11-24T09:35:09","date_gmt":"2025-11-24T09:35:09","guid":{"rendered":"https:\/\/www.europesays.com\/pt\/163115\/"},"modified":"2025-11-24T09:35:09","modified_gmt":"2025-11-24T09:35:09","slug":"fernando-maluf-avancos-cientificos-redesenham-tratamento-do-cancer-de-pancreas","status":"publish","type":"post","link":"https:\/\/www.europesays.com\/pt\/163115\/","title":{"rendered":"Fernando Maluf | Avan\u00e7os cient\u00edficos redesenham tratamento do c\u00e2ncer de p\u00e2ncreas"},"content":{"rendered":"<p>\t\t\tFernando Maluf | Avan\u00e7os cient\u00edficos redesenham tratamento do c\u00e2ncer de p\u00e2ncreas\t\t<\/p>\n<p>\tFernando Maluf | Avan\u00e7os cient\u00edficos redesenham tratamento do c\u00e2ncer de p\u00e2ncreas<\/p>\n","protected":false},"excerpt":{"rendered":"Fernando Maluf | Avan\u00e7os cient\u00edficos redesenham tratamento do c\u00e2ncer de p\u00e2ncreas Fernando Maluf | Avan\u00e7os cient\u00edficos redesenham tratamento&hellip;\n","protected":false},"author":2,"featured_media":163116,"comment_status":"","ping_status":"","sticky":false,"template":"","format":"standard","meta":{"footnotes":""},"categories":[86],"tags":[116,32,33,117],"class_list":{"0":"post-163115","1":"post","2":"type-post","3":"status-publish","4":"format-standard","5":"has-post-thumbnail","7":"category-saude","8":"tag-health","9":"tag-portugal","10":"tag-pt","11":"tag-saude"},"share_on_mastodon":{"url":"https:\/\/pubeurope.com\/@pt\/115603998339982034","error":""},"_links":{"self":[{"href":"https:\/\/www.europesays.com\/pt\/wp-json\/wp\/v2\/posts\/163115","targetHints":{"allow":["GET"]}}],"collection":[{"href":"https:\/\/www.europesays.com\/pt\/wp-json\/wp\/v2\/posts"}],"about":[{"href":"https:\/\/www.europesays.com\/pt\/wp-json\/wp\/v2\/types\/post"}],"author":[{"embeddable":true,"href":"https:\/\/www.europesays.com\/pt\/wp-json\/wp\/v2\/users\/2"}],"replies":[{"embeddable":true,"href":"https:\/\/www.europesays.com\/pt\/wp-json\/wp\/v2\/comments?post=163115"}],"version-history":[{"count":0,"href":"https:\/\/www.europesays.com\/pt\/wp-json\/wp\/v2\/posts\/163115\/revisions"}],"wp:featuredmedia":[{"embeddable":true,"href":"https:\/\/www.europesays.com\/pt\/wp-json\/wp\/v2\/media\/163116"}],"wp:attachment":[{"href":"https:\/\/www.europesays.com\/pt\/wp-json\/wp\/v2\/media?parent=163115"}],"wp:term":[{"taxonomy":"category","embeddable":true,"href":"https:\/\/www.europesays.com\/pt\/wp-json\/wp\/v2\/categories?post=163115"},{"taxonomy":"post_tag","embeddable":true,"href":"https:\/\/www.europesays.com\/pt\/wp-json\/wp\/v2\/tags?post=163115"}],"curies":[{"name":"wp","href":"https:\/\/api.w.org\/{rel}","templated":true}]}}