{"id":163125,"date":"2025-11-24T09:40:21","date_gmt":"2025-11-24T09:40:21","guid":{"rendered":"https:\/\/www.europesays.com\/pt\/163125\/"},"modified":"2025-11-24T09:40:21","modified_gmt":"2025-11-24T09:40:21","slug":"eduardo-barroso-assume-maior-ilegalidade-da-carreira-para-salvar-imigrante-ilegal-o-que-fariam-na-minha-situacao-pergunta-aos-candidatos-presidenciais","status":"publish","type":"post","link":"https:\/\/www.europesays.com\/pt\/163125\/","title":{"rendered":"Eduardo Barroso assume &#8220;maior ilegalidade&#8221; da carreira para salvar imigrante ilegal. &#8220;O que fariam na minha situa\u00e7\u00e3o?&#8221;, pergunta aos candidatos presidenciais"},"content":{"rendered":"<p><strong>Acompanhe toda a atualidade informativa em\u00a0<a href=\"http:\/\/24noticias.sapo.pt\/\" rel=\"nofollow noopener\" target=\"_blank\">24noticias.sapo.pt<\/a><br \/><\/strong><\/p>\n<p>&#8220;Vai ter aqui a maior ilegalidade da minha vida profissional&#8221;, come\u00e7ou por afirmar Eduardo Barroso ao jornalista da <a href=\"https:\/\/sicnoticias.pt\/pais\/2025-11-23-video-eduardo-barroso-revela-a-maior-ilegalidade-da-sua-carreira-para-salvar-imigrante-ilegal-33cb5b60\" rel=\"nofollow noopener\" target=\"_blank\">SIC Not\u00edcias, <\/a>Rodrigo Pratas, assinalando que pode ser identificativa da realidade: &#8220;Quando era diretor de servi\u00e7os h\u00e1 20 anos, apareceu um doente de ra\u00e7a negra em coma hep\u00e1tico que se n\u00e3o fizesse um transplante morria&#8221;.<br \/>O m\u00e9dico acrescentou que acabou por aparecer um dador. Quando se preparava para fazer o transplante chegou uma pessoa, que n\u00e3o identificou para n\u00e3o a comprometer caso a confiss\u00e3o tivesse repercuss\u00f5es, que lhe disse que aquele doente n\u00e3o existia, era um imigrante ilegal e, por isso, n\u00e3o tinha direito a ser transplantado.<\/p>\n<p>Preparando-se para fazer a opera\u00e7\u00e3o diz que respondeu : &#8220;Olhe, esta conversa s\u00f3 existiu daqui a 15 minutos. E fiz a cirurgia&#8221;. &#8220;Se eu estou a confessar esta ilegalidade, eu gostava de perguntar a essa pessoa, a esse candidato \u00e0 presid\u00eancia da rep\u00fablica (referindo-se a Andr\u00e9 Ventura), o que faria na minha posi\u00e7\u00e3o?&#8221;, o m\u00e9dico disse ainda que os portugueses podem julg\u00e1-lo e que o doente era um jovem com &#8220;olhos lind\u00edssimos&#8221; e &#8220;f\u00e1cil de empatizar&#8221;.<\/p>\n<p>Eduardo Barroso terminou deixando a sugest\u00e3o de se fazer esta quest\u00e3o a todos os candidatos \u00e0 presid\u00eancia, &#8220;o que fariam na sua situa\u00e7\u00e3o?&#8221;.<\/p>\n<p>___<\/p>\n<p><strong>A sua newsletter de sempre, agora ainda mais \u00fatil<\/strong><\/p>\n<p>Com o lan\u00e7amento da nova marca de informa\u00e7\u00e3o 24not\u00edcias, estamos a mudar a plataforma de newsletters, aproveitando para refor\u00e7ar a informa\u00e7\u00e3o que os leitores mais valorizam:<strong>\u00a0a que lhes \u00e9 \u00fatil, ajuda a tomar decis\u00f5es e a entender o mundo.<\/strong><\/p>\n<p><strong>Assine a nova newsletter do 24not\u00edcias\u00a0<a href=\"https:\/\/sapo.us1.list-manage.com\/subscribe?u=8f49263740b14ab5854be8045&amp;id=57a39c5e8f\" target=\"_blank\" rel=\"noreferrer noopener nofollow\">aqui<\/a>.<\/strong><\/p>\n","protected":false},"excerpt":{"rendered":"Acompanhe toda a atualidade informativa em\u00a024noticias.sapo.pt &#8220;Vai ter aqui a maior ilegalidade da minha vida profissional&#8221;, come\u00e7ou por&hellip;\n","protected":false},"author":2,"featured_media":163126,"comment_status":"","ping_status":"","sticky":false,"template":"","format":"standard","meta":{"footnotes":""},"categories":[10],"tags":[27,28,15,16,14,25,26,21,22,12,13,19,20,32,23,24,33,17,18,29,30,31],"class_list":{"0":"post-163125","1":"post","2":"type-post","3":"status-publish","4":"format-standard","5":"has-post-thumbnail","7":"category-portugal","8":"tag-breaking-news","9":"tag-breakingnews","10":"tag-featured-news","11":"tag-featurednews","12":"tag-headlines","13":"tag-latest-news","14":"tag-latestnews","15":"tag-main-news","16":"tag-mainnews","17":"tag-news","18":"tag-noticias","19":"tag-noticias-principais","20":"tag-noticiasprincipais","21":"tag-portugal","22":"tag-principais-noticias","23":"tag-principaisnoticias","24":"tag-pt","25":"tag-top-stories","26":"tag-topstories","27":"tag-ultimas","28":"tag-ultimas-noticias","29":"tag-ultimasnoticias"},"share_on_mastodon":{"url":"https:\/\/pubeurope.com\/@pt\/115604018917955041","error":""},"_links":{"self":[{"href":"https:\/\/www.europesays.com\/pt\/wp-json\/wp\/v2\/posts\/163125","targetHints":{"allow":["GET"]}}],"collection":[{"href":"https:\/\/www.europesays.com\/pt\/wp-json\/wp\/v2\/posts"}],"about":[{"href":"https:\/\/www.europesays.com\/pt\/wp-json\/wp\/v2\/types\/post"}],"author":[{"embeddable":true,"href":"https:\/\/www.europesays.com\/pt\/wp-json\/wp\/v2\/users\/2"}],"replies":[{"embeddable":true,"href":"https:\/\/www.europesays.com\/pt\/wp-json\/wp\/v2\/comments?post=163125"}],"version-history":[{"count":0,"href":"https:\/\/www.europesays.com\/pt\/wp-json\/wp\/v2\/posts\/163125\/revisions"}],"wp:featuredmedia":[{"embeddable":true,"href":"https:\/\/www.europesays.com\/pt\/wp-json\/wp\/v2\/media\/163126"}],"wp:attachment":[{"href":"https:\/\/www.europesays.com\/pt\/wp-json\/wp\/v2\/media?parent=163125"}],"wp:term":[{"taxonomy":"category","embeddable":true,"href":"https:\/\/www.europesays.com\/pt\/wp-json\/wp\/v2\/categories?post=163125"},{"taxonomy":"post_tag","embeddable":true,"href":"https:\/\/www.europesays.com\/pt\/wp-json\/wp\/v2\/tags?post=163125"}],"curies":[{"name":"wp","href":"https:\/\/api.w.org\/{rel}","templated":true}]}}