{"id":163127,"date":"2025-11-24T09:41:28","date_gmt":"2025-11-24T09:41:28","guid":{"rendered":"https:\/\/www.europesays.com\/pt\/163127\/"},"modified":"2025-11-24T09:41:28","modified_gmt":"2025-11-24T09:41:28","slug":"maritimo-x-penafiel-atrasado-devido-as-dimensoes-do-relvado-e-mudancas-nas-linhas-so-foram-feitas-a-ultima-hora","status":"publish","type":"post","link":"https:\/\/www.europesays.com\/pt\/163127\/","title":{"rendered":"Mar\u00edtimo x Penafiel atrasado devido \u00e0s dimens\u00f5es do relvado e mudan\u00e7as nas linhas s\u00f3 foram feitas \u00e0 \u00faltima hora"},"content":{"rendered":"<p>&#8211; Advertisement &#8211;<\/p>\n<p><strong>O Mar\u00edtimo x Penafiel deveria ter come\u00e7ado \u00e0s 14h, mas est\u00e1 atrasado. Dimens\u00e3o do relvado na origem do problema.<\/strong><\/p>\n<p>Um caso nada comum obrigou ao adiar do Mar\u00edtimo x Penafiel por v\u00e1rios minutos. O jogo tinha apito inicial marcado para as 14h, mas est\u00e1 atrasado e s\u00f3 \u00e0s 14h25 come\u00e7ou. <\/p>\n<p>O atraso come\u00e7ou quando, da parte do Penafiel e dos respons\u00e1veis da Liga Portugal, foi percebida uma dimens\u00e3o errada do relvado. As linhas foram colocadas para l\u00e1 dos limites legais dos terrenos de jogo, obrigando a uma reformula\u00e7\u00e3o do tamanho.<\/p>\n<p>Foram desenhadas novas linhas e, as anteriores, apagadas com restos de relvado. Este processo obrigou a um atraso de 25 minutos antes do apito inicial. <\/p>\n<p>Em baixo, podes ver os v\u00e1rios processos descritos que antecederam o jogo. Continua a<a href=\"https:\/\/bolanarede.pt\/etiqueta\/segunda-liga\/\" target=\"_blank\" rel=\"noreferrer noopener nofollow\"> acompanhar a Segunda Liga. <\/a><\/p>\n<p><img fetchpriority=\"high\" decoding=\"async\" width=\"1024\" height=\"576\" src=\"data:image\/svg+xml,%3Csvg%20xmlns=\" http:=\"\" alt=\"Mar\u00edtimo Relvado\" class=\"wp-image-458867 ewww_webp_lazy_load\" data-lazy- data-lazy- data-lazy-src=\"https:\/\/www.europesays.com\/pt\/wp-content\/uploads\/2025\/11\/Maritimo-Relvado-1024x576.jpeg\" data-lazy-src-webp=\"https:\/\/www.europesays.com\/pt\/wp-content\/uploads\/2025\/11\/Maritimo-Relvado-1024x576.jpeg.webp\" data-lazy-srcset-webp=\"https:\/\/www.europesays.com\/pt\/wp-content\/uploads\/2025\/11\/Maritimo-Relvado-1024x576.jpeg.webp 1024w, https:\/\/binny-bolanarede.b-cdn.net\/wp-content\/uploads\/2025\/11\/Maritimo-Relvado-300x169.jpeg.webp 300w, https:\/\/binny-bolanarede.b-cdn.net\/wp-content\/uploads\/2025\/11\/Maritimo-Relvado-768x432.jpeg.webp 768w, https:\/\/binny-bolanarede.b-cdn.net\/wp-content\/uploads\/2025\/11\/Maritimo-Relvado-1536x864.jpeg.webp 1536w, https:\/\/binny-bolanarede.b-cdn.net\/wp-content\/uploads\/2025\/11\/Maritimo-Relvado-150x84.jpeg.webp 150w, https:\/\/binny-bolanarede.b-cdn.net\/wp-content\/uploads\/2025\/11\/Maritimo-Relvado-696x392.jpeg.webp 696w, https:\/\/binny-bolanarede.b-cdn.net\/wp-content\/uploads\/2025\/11\/Maritimo-Relvado-1068x601.jpeg.webp 1068w, https:\/\/binny-bolanarede.b-cdn.net\/wp-content\/uploads\/2025\/11\/Maritimo-Relvado.jpeg.webp 1920w\"\/>Fonte: Pedro Figueira \/ Bola na Rede<\/p>\n<p><img loading=\"lazy\" decoding=\"async\" width=\"1024\" height=\"576\" src=\"data:image\/svg+xml,%3Csvg%20xmlns=\" http:=\"\" alt=\"Mar\u00edtimo Relvado\" class=\"wp-image-458864 ewww_webp_lazy_load\" data-lazy- data-lazy- data-lazy-src=\"https:\/\/www.europesays.com\/pt\/wp-content\/uploads\/2025\/11\/Maritimo-Relvado-2-1024x576.jpeg\" data-lazy-src-webp=\"https:\/\/www.europesays.com\/pt\/wp-content\/uploads\/2025\/11\/Maritimo-Relvado-2-1024x576.jpeg.webp\" data-lazy-srcset-webp=\"https:\/\/www.europesays.com\/pt\/wp-content\/uploads\/2025\/11\/Maritimo-Relvado-2-1024x576.jpeg.webp 1024w, https:\/\/binny-bolanarede.b-cdn.net\/wp-content\/uploads\/2025\/11\/Maritimo-Relvado-2-300x169.jpeg.webp 300w, https:\/\/binny-bolanarede.b-cdn.net\/wp-content\/uploads\/2025\/11\/Maritimo-Relvado-2-768x432.jpeg.webp 768w, https:\/\/binny-bolanarede.b-cdn.net\/wp-content\/uploads\/2025\/11\/Maritimo-Relvado-2-1536x864.jpeg.webp 1536w, https:\/\/binny-bolanarede.b-cdn.net\/wp-content\/uploads\/2025\/11\/Maritimo-Relvado-2-150x84.jpeg.webp 150w, https:\/\/binny-bolanarede.b-cdn.net\/wp-content\/uploads\/2025\/11\/Maritimo-Relvado-2-696x392.jpeg.webp 696w, https:\/\/binny-bolanarede.b-cdn.net\/wp-content\/uploads\/2025\/11\/Maritimo-Relvado-2-1068x601.jpeg.webp 1068w, https:\/\/binny-bolanarede.b-cdn.net\/wp-content\/uploads\/2025\/11\/Maritimo-Relvado-2.jpeg.webp 1920w\"\/>Fonte: Pedro Figueira \/ Bola na Rede<\/p>\n<p><img loading=\"lazy\" decoding=\"async\" width=\"1024\" height=\"576\" src=\"data:image\/svg+xml,%3Csvg%20xmlns=\" http:=\"\" alt=\"Mar\u00edtimo Relvado\" class=\"wp-image-458865 ewww_webp_lazy_load\" data-lazy- data-lazy- data-lazy-src=\"https:\/\/www.europesays.com\/pt\/wp-content\/uploads\/2025\/11\/Maritimo-Relvado-3-1024x576.jpeg\" data-lazy-src-webp=\"https:\/\/www.europesays.com\/pt\/wp-content\/uploads\/2025\/11\/Maritimo-Relvado-3-1024x576.jpeg.webp\" data-lazy-srcset-webp=\"https:\/\/www.europesays.com\/pt\/wp-content\/uploads\/2025\/11\/Maritimo-Relvado-3-1024x576.jpeg.webp 1024w, https:\/\/binny-bolanarede.b-cdn.net\/wp-content\/uploads\/2025\/11\/Maritimo-Relvado-3-300x169.jpeg.webp 300w, https:\/\/binny-bolanarede.b-cdn.net\/wp-content\/uploads\/2025\/11\/Maritimo-Relvado-3-768x432.jpeg.webp 768w, https:\/\/binny-bolanarede.b-cdn.net\/wp-content\/uploads\/2025\/11\/Maritimo-Relvado-3-1536x864.jpeg.webp 1536w, https:\/\/binny-bolanarede.b-cdn.net\/wp-content\/uploads\/2025\/11\/Maritimo-Relvado-3-150x84.jpeg.webp 150w, https:\/\/binny-bolanarede.b-cdn.net\/wp-content\/uploads\/2025\/11\/Maritimo-Relvado-3-696x392.jpeg.webp 696w, https:\/\/binny-bolanarede.b-cdn.net\/wp-content\/uploads\/2025\/11\/Maritimo-Relvado-3-1068x601.jpeg.webp 1068w, https:\/\/binny-bolanarede.b-cdn.net\/wp-content\/uploads\/2025\/11\/Maritimo-Relvado-3.jpeg.webp 1920w\"\/>Fonte: Pedro Figueira \/ Bola na Rede<\/p>\n<p><img loading=\"lazy\" decoding=\"async\" width=\"1024\" height=\"576\" src=\"data:image\/svg+xml,%3Csvg%20xmlns=\" http:=\"\" alt=\"Mar\u00edtimo Relvado\" class=\"wp-image-458866 ewww_webp_lazy_load\" data-lazy- data-lazy- data-lazy-src=\"https:\/\/www.europesays.com\/pt\/wp-content\/uploads\/2025\/11\/Maritimo-Relvado-4-1024x576.jpeg\" data-lazy-src-webp=\"https:\/\/www.europesays.com\/pt\/wp-content\/uploads\/2025\/11\/Maritimo-Relvado-4-1024x576.jpeg.webp\" data-lazy-srcset-webp=\"https:\/\/www.europesays.com\/pt\/wp-content\/uploads\/2025\/11\/Maritimo-Relvado-4-1024x576.jpeg.webp 1024w, https:\/\/binny-bolanarede.b-cdn.net\/wp-content\/uploads\/2025\/11\/Maritimo-Relvado-4-300x169.jpeg.webp 300w, https:\/\/binny-bolanarede.b-cdn.net\/wp-content\/uploads\/2025\/11\/Maritimo-Relvado-4-768x432.jpeg.webp 768w, https:\/\/binny-bolanarede.b-cdn.net\/wp-content\/uploads\/2025\/11\/Maritimo-Relvado-4-1536x864.jpeg.webp 1536w, https:\/\/binny-bolanarede.b-cdn.net\/wp-content\/uploads\/2025\/11\/Maritimo-Relvado-4-150x84.jpeg.webp 150w, https:\/\/binny-bolanarede.b-cdn.net\/wp-content\/uploads\/2025\/11\/Maritimo-Relvado-4-696x392.jpeg.webp 696w, https:\/\/binny-bolanarede.b-cdn.net\/wp-content\/uploads\/2025\/11\/Maritimo-Relvado-4-1068x601.jpeg.webp 1068w, https:\/\/binny-bolanarede.b-cdn.net\/wp-content\/uploads\/2025\/11\/Maritimo-Relvado-4.jpeg.webp 1920w\"\/>Fonte: Pedro Figueira \/ Bola na Rede<\/p>\n","protected":false},"excerpt":{"rendered":"&#8211; Advertisement &#8211; O Mar\u00edtimo x Penafiel deveria ter come\u00e7ado \u00e0s 14h, mas est\u00e1 atrasado. Dimens\u00e3o do relvado&hellip;\n","protected":false},"author":2,"featured_media":163128,"comment_status":"","ping_status":"","sticky":false,"template":"","format":"standard","meta":{"footnotes":""},"categories":[8],"tags":[260,27,28,478,15,16,14,25,26,21,22,9533,12,13,19,20,56,32,23,24,33,13574,17,18,29,30,31],"class_list":{"0":"post-163127","1":"post","2":"type-post","3":"status-publish","4":"format-standard","5":"has-post-thumbnail","7":"category-principais-noticias","8":"tag-atualidade","9":"tag-breaking-news","10":"tag-breakingnews","11":"tag-destaques-bnr","12":"tag-featured-news","13":"tag-featurednews","14":"tag-headlines","15":"tag-latest-news","16":"tag-latestnews","17":"tag-main-news","18":"tag-mainnews","19":"tag-maritimo","20":"tag-news","21":"tag-noticias","22":"tag-noticias-principais","23":"tag-noticiasprincipais","24":"tag-penafiel","25":"tag-portugal","26":"tag-principais-noticias","27":"tag-principaisnoticias","28":"tag-pt","29":"tag-segunda-liga","30":"tag-top-stories","31":"tag-topstories","32":"tag-ultimas","33":"tag-ultimas-noticias","34":"tag-ultimasnoticias"},"share_on_mastodon":{"url":"https:\/\/pubeurope.com\/@pt\/115604021799780905","error":""},"_links":{"self":[{"href":"https:\/\/www.europesays.com\/pt\/wp-json\/wp\/v2\/posts\/163127","targetHints":{"allow":["GET"]}}],"collection":[{"href":"https:\/\/www.europesays.com\/pt\/wp-json\/wp\/v2\/posts"}],"about":[{"href":"https:\/\/www.europesays.com\/pt\/wp-json\/wp\/v2\/types\/post"}],"author":[{"embeddable":true,"href":"https:\/\/www.europesays.com\/pt\/wp-json\/wp\/v2\/users\/2"}],"replies":[{"embeddable":true,"href":"https:\/\/www.europesays.com\/pt\/wp-json\/wp\/v2\/comments?post=163127"}],"version-history":[{"count":0,"href":"https:\/\/www.europesays.com\/pt\/wp-json\/wp\/v2\/posts\/163127\/revisions"}],"wp:featuredmedia":[{"embeddable":true,"href":"https:\/\/www.europesays.com\/pt\/wp-json\/wp\/v2\/media\/163128"}],"wp:attachment":[{"href":"https:\/\/www.europesays.com\/pt\/wp-json\/wp\/v2\/media?parent=163127"}],"wp:term":[{"taxonomy":"category","embeddable":true,"href":"https:\/\/www.europesays.com\/pt\/wp-json\/wp\/v2\/categories?post=163127"},{"taxonomy":"post_tag","embeddable":true,"href":"https:\/\/www.europesays.com\/pt\/wp-json\/wp\/v2\/tags?post=163127"}],"curies":[{"name":"wp","href":"https:\/\/api.w.org\/{rel}","templated":true}]}}