{"id":163133,"date":"2025-11-24T09:49:22","date_gmt":"2025-11-24T09:49:22","guid":{"rendered":"https:\/\/www.europesays.com\/pt\/163133\/"},"modified":"2025-11-24T09:49:22","modified_gmt":"2025-11-24T09:49:22","slug":"o-lupus-e-uma-doenca-cronica-mas-tem-tratamento-informe-do-dia","status":"publish","type":"post","link":"https:\/\/www.europesays.com\/pt\/163133\/","title":{"rendered":"&#8220;O l\u00fapus \u00e9 uma doen\u00e7a cr\u00f4nica, mas tem tratamento&#8221; | Informe do Dia"},"content":{"rendered":"<p>                            Publicado 24\/11\/2025 05:00\n                    <\/p>\n<p>Eliana Mendon\u00e7a j\u00e1 exerceu v\u00e1rias atividades: foi professora, dirigente de arquivos p\u00fablicos, subsecret\u00e1ria da Secretaria de Administra\u00e7\u00e3o, gestora p\u00fablica e assessora de gabinetes legislativo e executivo. A historiadora tamb\u00e9m escreveu artigos para revistas nacionais e internacionais, foi coordenadora de publica\u00e7\u00f5es da Administra\u00e7\u00e3o P\u00fablica e \u00e9 autora de cinco livros. Fundou o Instituto D\u00e9 Mendon\u00e7a L\u00fapus Care, sem fins lucrativos, como homenagem \u00e0 filha que faleceu com a doen\u00e7a, cuja heran\u00e7a foi investida na entidade.<\/p>\n<p><strong>SIDNEY: A Sociedade Brasileira de Reumatologia estima que cerca de 150 mil brasileiros t\u00eam l\u00fapus. Como \u00e9 essa doen\u00e7a?<\/strong><\/p>\n<p><strong>ELIANA MENDON\u00c7A<\/strong>: O l\u00fapus eritematoso sist\u00eamico, ou simplesmente l\u00fapus, \u00e9 uma doen\u00e7a cr\u00f4nica e inflamat\u00f3ria em que o sistema imunol\u00f3gico ataca as pr\u00f3prias c\u00e9lulas e tecidos do corpo, afetando m\u00faltiplos \u00f3rg\u00e3os como articula\u00e7\u00f5es, pele, rins e c\u00e9rebro. A causa \u00e9 predisposi\u00e7\u00e3o gen\u00e9tica, mas a doen\u00e7a pode ser desencadeada por fatores ambientais como a irradia\u00e7\u00e3o ultravioleta.<\/p>\n<p><strong>Quais s\u00e3o os tipos de l\u00fapus?<\/strong><\/p>\n<p>Existem dois tipos mais conhecidos da doen\u00e7a: o l\u00fapus sist\u00eamico, que afeta \u00f3rg\u00e3os internos como cora\u00e7\u00e3o, rins, articula\u00e7\u00f5es, sistema nervoso central etc, e o l\u00fapus discoide, que causa danos \u00e0 pele.<\/p>\n<p><strong>A doen\u00e7a se manifesta com quais sintomas?<\/strong><\/p>\n<p>Os sintomas do l\u00fapus s\u00e3o comuns a outras doen\u00e7as: dor nas articula\u00e7\u00f5es, fadiga, febre baixa, manchas na pele, feridas na boca, press\u00e3o alta, dentre outras. Uma das caracter\u00edsticas mais marcantes s\u00e3o as erup\u00e7\u00f5es cut\u00e2neas, como uma vermelhid\u00e3o em forma de borboleta no rosto &#8211; por esse motivo \u00e9 o s\u00edmbolo do l\u00fapus. O diagn\u00f3stico \u00e9 muito dif\u00edcil. Em muitos casos, pode levar at\u00e9 um ano ou mais. A especializa\u00e7\u00e3o que trata da doen\u00e7a \u00e9 a Reumatologia. Atualmente, a Odontologia foi autorizada a fazer o tratamento das manifesta\u00e7\u00f5es bucais.<\/p>\n<p><strong>\u00c9 verdade que a doen\u00e7a atinge mais as mulheres?<\/strong><\/p>\n<p>Sim, o l\u00fapus atinge preferencialmente as mulheres, sendo que negras e pardas representam o maior \u00edndice. A faixa et\u00e1ria predominante \u00e9 na fase reprodutiva da mulher, entre 20 e 46 anos. No entanto, a doen\u00e7a pode se manifestar em qualquer idade.<\/p>\n<p><strong>Como surgiu a ideia de criar o Instituto D\u00e9 Mendon\u00e7a L\u00fapus Care?<\/strong><\/p>\n<p>O Instituto surgiu em 2018 em homenagem \u00e0 minha filha Daniela Mendon\u00e7a, que faleceu de l\u00fapus em 2017, com 50 anos. Daniela foi uma guerreira que lutou desde os 15 anos contra a doen\u00e7a e nos inspirou pela forma otimista que conduziu sua vida. A partir dessa data, criamos o Instituto com a finalidade de apoiar as pessoas com essa enfermidade. Cerca de 380 pessoas cadastradas s\u00e3o atendidas em suas necessidades b\u00e1sicas, como medicamentos, apoio psicol\u00f3gico, nutricional e outros, e na defesa de seus direitos. Temos mais de 5 mil seguidores no Instagram. Na pandemia, foram distribu\u00eddos cerca de 16 mil comprimidos do medicamento que havia desaparecido do mercado, duas mil m\u00e1scaras e 5 mil sabonetes l\u00edquidos.<\/p>\n<p><strong>No Rio de Janeiro se tem conhecimento m\u00e9dico e estrutura de sa\u00fade para tratar da doen\u00e7a?<\/strong><\/p>\n<p>Na capital existem, na rede p\u00fablica de sa\u00fade, m\u00e9dicos altamente capacitados para tratar o l\u00fapus. Tem os hospitais federais dos Servidores, Clementino Fraga-Fund\u00e3o e Lagoa, al\u00e9m do Hospital estadual Pedro Ernesto.<\/p>\n<p><strong>O l\u00fapus tem cura?<\/strong><\/p>\n<p>Os corticoides e os imunossupressores s\u00e3o os tratamentos mais comuns, mas atualmente j\u00e1 existem medicamentos pr\u00f3prios para a doen\u00e7a que foram aprovados recentemente pela Ag\u00eancia Nacional de Sa\u00fade. No entanto, ainda n\u00e3o foram disponibilizados no SUS. \u00c9 essencial evitar a exposi\u00e7\u00e3o ao sol, usar protetor solar diariamente e vestir roupas de manga comprida porque a radia\u00e7\u00e3o ultravioleta pode desencadear ou piorar os sintomas. O l\u00fapus n\u00e3o tem cura, mas tem tratamento.<\/p>\n","protected":false},"excerpt":{"rendered":"Publicado 24\/11\/2025 05:00 Eliana Mendon\u00e7a j\u00e1 exerceu v\u00e1rias atividades: foi professora, dirigente de arquivos p\u00fablicos, subsecret\u00e1ria da Secretaria&hellip;\n","protected":false},"author":2,"featured_media":69390,"comment_status":"","ping_status":"","sticky":false,"template":"","format":"standard","meta":{"footnotes":""},"categories":[86],"tags":[34582,116,34583,20674,32,33,117],"class_list":{"0":"post-163133","1":"post","2":"type-post","3":"status-publish","4":"format-standard","5":"has-post-thumbnail","7":"category-saude","8":"tag-eliana-mendonca","9":"tag-health","10":"tag-instituto-de-mendonca-lupus-care","11":"tag-lupus","12":"tag-portugal","13":"tag-pt","14":"tag-saude"},"share_on_mastodon":{"url":"https:\/\/pubeurope.com\/@pt\/115604053462800791","error":""},"_links":{"self":[{"href":"https:\/\/www.europesays.com\/pt\/wp-json\/wp\/v2\/posts\/163133","targetHints":{"allow":["GET"]}}],"collection":[{"href":"https:\/\/www.europesays.com\/pt\/wp-json\/wp\/v2\/posts"}],"about":[{"href":"https:\/\/www.europesays.com\/pt\/wp-json\/wp\/v2\/types\/post"}],"author":[{"embeddable":true,"href":"https:\/\/www.europesays.com\/pt\/wp-json\/wp\/v2\/users\/2"}],"replies":[{"embeddable":true,"href":"https:\/\/www.europesays.com\/pt\/wp-json\/wp\/v2\/comments?post=163133"}],"version-history":[{"count":0,"href":"https:\/\/www.europesays.com\/pt\/wp-json\/wp\/v2\/posts\/163133\/revisions"}],"wp:featuredmedia":[{"embeddable":true,"href":"https:\/\/www.europesays.com\/pt\/wp-json\/wp\/v2\/media\/69390"}],"wp:attachment":[{"href":"https:\/\/www.europesays.com\/pt\/wp-json\/wp\/v2\/media?parent=163133"}],"wp:term":[{"taxonomy":"category","embeddable":true,"href":"https:\/\/www.europesays.com\/pt\/wp-json\/wp\/v2\/categories?post=163133"},{"taxonomy":"post_tag","embeddable":true,"href":"https:\/\/www.europesays.com\/pt\/wp-json\/wp\/v2\/tags?post=163133"}],"curies":[{"name":"wp","href":"https:\/\/api.w.org\/{rel}","templated":true}]}}