{"id":163134,"date":"2025-11-24T09:50:10","date_gmt":"2025-11-24T09:50:10","guid":{"rendered":"https:\/\/www.europesays.com\/pt\/163134\/"},"modified":"2025-11-24T09:50:10","modified_gmt":"2025-11-24T09:50:10","slug":"diana-lopes-mostra-se-indignada-com-a-expulsao-de-marisa-susana","status":"publish","type":"post","link":"https:\/\/www.europesays.com\/pt\/163134\/","title":{"rendered":"Diana Lopes mostra-se &#8216;indignada&#8217; com a expuls\u00e3o de Marisa Susana"},"content":{"rendered":"<p>\t\t\t\t\t\t\t\t\t\t\t\t<a href=\"#\" onclick=\"window.open('http:\/\/www.facebook.com\/sharer.php?u=https:\/\/cusquices.com\/diana-lopes-mostra-se-indignada-com-a-expulsao-de-marisa-susana\/&amp;t=Diana Lopes mostra-se \u2018indignada\u2019 com a expuls\u00e3o de Marisa Susana', 'facebookShare', 'width=626,height=436'); return false;\" title=\"Share on Facebook\"><\/p>\n<p>Share<\/p>\n<p><\/a><br \/>\n\t\t\t\t\t\t\t\t\t\t\t\t<a href=\"#\" onclick=\"window.open('http:\/\/twitter.com\/share?text=Diana Lopes mostra-se \u2018indignada\u2019 com a expuls\u00e3o de Marisa Susana -&amp;url=https:\/\/cusquices.com\/diana-lopes-mostra-se-indignada-com-a-expulsao-de-marisa-susana\/', 'twitterShare', 'width=626,height=436'); return false;\" title=\"Tweet This Post\"><\/p>\n<p>Tweet<\/p>\n<p><\/a><br \/>\n\t\t\t\t\t\t\t\t\t\t\t\t<a href=\"whatsapp:\/\/send?text=Diana Lopes mostra-se \u2018indignada\u2019 com a expuls\u00e3o de Marisa Susana https:\/\/cusquices.com\/diana-lopes-mostra-se-indignada-com-a-expulsao-de-marisa-susana\/\" rel=\"nofollow\"><\/p>\n<p>Share<\/p>\n<p><\/a><br \/>\n\t\t\t\t\t\t\t\t\t\t\t\t<a href=\"#\" onclick=\"window.open('http:\/\/pinterest.com\/pin\/create\/button\/?url=https:\/\/cusquices.com\/diana-lopes-mostra-se-indignada-com-a-expulsao-de-marisa-susana\/&amp;media=https:\/\/cusquices.com\/wp-content\/uploads\/2025\/11\/dianalopes-marisasu-1000x600.jpg&amp;description=Diana Lopes mostra-se \u2018indignada\u2019 com a expuls\u00e3o de Marisa Susana', 'pinterestShare', 'width=750,height=350'); return false;\" title=\"Pin This Post\"><\/p>\n<p>Share<\/p>\n<p><\/a><br \/>\n\t\t\t\t\t\t\t\t\t\t\t\t<a href=\"mailto:?subject=Diana Lopes mostra-se \u2018indignada\u2019 com a expuls\u00e3o de Marisa Susana&amp;BODY=I found this article interesting and thought of sharing it with you. Check it out: https:\/\/cusquices.com\/diana-lopes-mostra-se-indignada-com-a-expulsao-de-marisa-susana\/\"><\/p>\n<p>Email<\/p>\n<p><\/a><br \/>\n\t\t\t\t\t\t\t\t\t\t\t\t\t\t\t\t\t\t\t\t\t\t\t\t\t\t\t\t\t\t\t\t\t\t\t\t\t\t\t\t\t\t\t\t\t\t\t\t\t\t\t\t\t<a href=\"https:\/\/cusquices.com\/diana-lopes-mostra-se-indignada-com-a-expulsao-de-marisa-susana\/#respond\" rel=\"nofollow noopener\" target=\"_blank\"><\/p>\n<p>A expuls\u00e3o de <strong>Marisa Susana <\/strong>do <strong>Secret Story<\/strong> est\u00e1 a dar que falar e causar alguma \u2018indigna\u00e7\u00e3o\u2019 nas redes sociais. <\/p>\n<p><strong>Diana Lopes<\/strong>, comentadora do reality show tamb\u00e9m reagiu \u00e0 expuls\u00e3o da weeding planner e n\u00e3o escondeu a indigna\u00e7\u00e3o.<\/p>\n<p><strong>\u201cEstou em choque. N\u00e3o estou a conseguir sequer encontrar palavras. Como assim? Uma das maiores protagonistas da casa. Inaceit\u00e1vel\u201d,<\/strong>disse Diana Lopes.<\/p>\n<blockquote class=\"twitter-tweet\">\n<p lang=\"pt\" dir=\"ltr\">Estou em choque. N\u00e3o estou a conseguir sequer encontrar palavras. Como assim? Uma das maiores protagonistas da casa. Inaceit\u00e1vel. <a href=\"https:\/\/twitter.com\/hashtag\/sstvi?src=hash&amp;ref_src=twsrc%5Etfw\" rel=\"nofollow noopener\" target=\"_blank\">#sstvi<\/a><\/p>\n<p>\u2014 Diana Lopes (@dianaftlopes) <a href=\"https:\/\/twitter.com\/dianaftlopes\/status\/1992747253329793305?ref_src=twsrc%5Etfw\" rel=\"nofollow noopener\" target=\"_blank\">November 24, 2025<\/a><\/p><\/blockquote>\n<p>\t\t\t\t\t\t\t\t\t\t\t\t\t\t\t\t\t\t\t\t\t\t\t\t\t<img decoding=\"async\" src=\"https:\/\/www.europesays.com\/pt\/wp-content\/uploads\/2025\/10\/cusquices-logo-52x.png\" class=\"webpexpress-processed\"\/><\/p>\n<p>\t\t\t\t\t\t\t\t\t\t\t\t\t\t\t\t\t\t\t\t\t            \t\t\t\t\t\t\t\t\t\t\t\t\t\t\t\t\t\t\t\t\t\t\t\t\t\t\t\t\t\t\t\t\t\t\t\t\t\t\t<script async src=\"https:\/\/platform.twitter.com\/widgets.js\" charset=\"utf-8\"><\/script><\/p>\n","protected":false},"excerpt":{"rendered":"Share Tweet Share Share Email A expuls\u00e3o de Marisa Susana do Secret Story est\u00e1 a dar que falar&hellip;\n","protected":false},"author":2,"featured_media":163135,"comment_status":"","ping_status":"","sticky":false,"template":"","format":"standard","meta":{"footnotes":""},"categories":[85],"tags":[2632,49,558,114,115,19153,32,33],"class_list":{"0":"post-163134","1":"post","2":"type-post","3":"status-publish","4":"format-standard","5":"has-post-thumbnail","7":"category-entretenimento","8":"tag-casa-dos-segredos","9":"tag-destaques","10":"tag-diana-lopes","11":"tag-entertainment","12":"tag-entretenimento","13":"tag-marisa-susana","14":"tag-portugal","15":"tag-pt"},"share_on_mastodon":{"url":"https:\/\/pubeurope.com\/@pt\/115604057524624624","error":""},"_links":{"self":[{"href":"https:\/\/www.europesays.com\/pt\/wp-json\/wp\/v2\/posts\/163134","targetHints":{"allow":["GET"]}}],"collection":[{"href":"https:\/\/www.europesays.com\/pt\/wp-json\/wp\/v2\/posts"}],"about":[{"href":"https:\/\/www.europesays.com\/pt\/wp-json\/wp\/v2\/types\/post"}],"author":[{"embeddable":true,"href":"https:\/\/www.europesays.com\/pt\/wp-json\/wp\/v2\/users\/2"}],"replies":[{"embeddable":true,"href":"https:\/\/www.europesays.com\/pt\/wp-json\/wp\/v2\/comments?post=163134"}],"version-history":[{"count":0,"href":"https:\/\/www.europesays.com\/pt\/wp-json\/wp\/v2\/posts\/163134\/revisions"}],"wp:featuredmedia":[{"embeddable":true,"href":"https:\/\/www.europesays.com\/pt\/wp-json\/wp\/v2\/media\/163135"}],"wp:attachment":[{"href":"https:\/\/www.europesays.com\/pt\/wp-json\/wp\/v2\/media?parent=163134"}],"wp:term":[{"taxonomy":"category","embeddable":true,"href":"https:\/\/www.europesays.com\/pt\/wp-json\/wp\/v2\/categories?post=163134"},{"taxonomy":"post_tag","embeddable":true,"href":"https:\/\/www.europesays.com\/pt\/wp-json\/wp\/v2\/tags?post=163134"}],"curies":[{"name":"wp","href":"https:\/\/api.w.org\/{rel}","templated":true}]}}