{"id":163143,"date":"2025-11-24T09:56:21","date_gmt":"2025-11-24T09:56:21","guid":{"rendered":"https:\/\/www.europesays.com\/pt\/163143\/"},"modified":"2025-11-24T09:56:21","modified_gmt":"2025-11-24T09:56:21","slug":"lisboa-ja-brilha-e-as-imagens-sao-incriveis-ha-182-quilometros-de-luzes-de-natal-nit","status":"publish","type":"post","link":"https:\/\/www.europesays.com\/pt\/163143\/","title":{"rendered":"Lisboa j\u00e1 brilha e as imagens s\u00e3o incr\u00edveis. H\u00e1 182 quil\u00f3metros de luzes de Natal \u2014 NiT"},"content":{"rendered":"<p>Lisboa voltou a brilhar para celebrar as festas de fim de ano. A noite deste s\u00e1bado, 22 de novembro, ficou marcada pela inaugura\u00e7\u00e3o oficial das luzes de Natal da capital portuguesa, com direito a um concerto da fadista Sara Correia no Terreiro do Pa\u00e7o e a um espet\u00e1culo de fogo de artif\u00edcio. Houve, como \u00e9 habitual, milhares de pessoas a assistir.<\/p>\n<p>Este ano, a cidade conta com um percurso com mais de 182 quil\u00f3metros de luz, segundo avan\u00e7a a C\u00e2mara Municipal. As ilumina\u00e7\u00f5es est\u00e3o distribu\u00eddas por 46 locais, entre pra\u00e7as, ruas e avenidas da cidade, e contam ainda com 5.900 pe\u00e7as decorativas. O ic\u00f3nico Pinheiro de Natal, com 30 metros de altura, tamb\u00e9m est\u00e1 de regressa a Pra\u00e7a do Com\u00e9rcio.<\/p>\n<p>\u201cAs ilumina\u00e7\u00f5es aliam a tradi\u00e7\u00e3o, a inova\u00e7\u00e3o e a sustentabilidade \u00e0 tecnologia LED de elevada efici\u00eancia, que garante uma poupan\u00e7a energ\u00e9tica de cerca de 80 por cento\u201d, referiu a autarquia.\u00a0<\/p>\n<p>Al\u00e9m das ilumina\u00e7\u00f5es junto ao Tejo, j\u00e1 foram ligadas as decora\u00e7\u00f5es na Baixa, no Chiado, no Rossio, na Avenida da Liberdade, no Campo Pequeno, nas Amoreiras e em v\u00e1rias outras freguesias. <strong>\u201cNa Rua Garrett o c\u00e9u brilha, h\u00e1 nuvens e estrelas na Rua do Ouro, um t\u00fanel de luz na Rua do Carmo, um Pal\u00e1cio de Natal no Largo Cam\u00f5es e na Pra\u00e7a do Com\u00e9rcio h\u00e1 uma \u00e1rvore brilhante com 30 metros\u201d<\/strong>, aponta a autarquia.\u00a0<\/p>\n<p>As luzes estar\u00e3o ligadas de domingo a quinta-feira, entre as 17h30 e a meia-noite; \u00e0 sexta-feira e ao s\u00e1bado, entre as 17h30 e \u00e0 uma da manh\u00e3; e no dia de Natal e na noite de Passagem de Ano, entre as 17h30 e as duas.<\/p>\n<p>\u201cLisboa \u00e9 a cidade que acolhe todos. Mantemos a nossa tradi\u00e7\u00e3o, a nossa alma e a nossa identidade lisboeta\u201d, afirmou Carlos Moedas durante a inaugura\u00e7\u00e3o oficial das luzes. O evento contou com as atua\u00e7\u00f5es da Orquestra do Tejo, da fadista Sara Correia e do guitarrista portugu\u00eas \u00c2ngelo Freire ao final da tarde.<\/p>\n<p>Entre 28 e 29 de novembro e 6 e 13 de dezembro, a autarquia tamb\u00e9m convida as fam\u00edlias a irem at\u00e9 \u00e0 Baixa, ao Chiado e ao Rossio para celebrar a \u00e9poca mais m\u00e1gica do ano ao lado do Pai Natal e os seus ajudantes. As personagens estar\u00e3o a oferecer gorros e a tirar fotografias que celebram a quadra em Lisboa.<\/p>\n<p>Carregue na galeria para ver algumas imagens das decora\u00e7\u00f5es de Natal pela cidade.<\/p>\n","protected":false},"excerpt":{"rendered":"Lisboa voltou a brilhar para celebrar as festas de fim de ano. A noite deste s\u00e1bado, 22 de&hellip;\n","protected":false},"author":2,"featured_media":163144,"comment_status":"","ping_status":"","sticky":false,"template":"","format":"standard","meta":{"footnotes":""},"categories":[8],"tags":[27,28,15,16,14,25,26,21,22,12,13,19,20,32,23,24,33,17,18,29,30,31],"class_list":{"0":"post-163143","1":"post","2":"type-post","3":"status-publish","4":"format-standard","5":"has-post-thumbnail","7":"category-principais-noticias","8":"tag-breaking-news","9":"tag-breakingnews","10":"tag-featured-news","11":"tag-featurednews","12":"tag-headlines","13":"tag-latest-news","14":"tag-latestnews","15":"tag-main-news","16":"tag-mainnews","17":"tag-news","18":"tag-noticias","19":"tag-noticias-principais","20":"tag-noticiasprincipais","21":"tag-portugal","22":"tag-principais-noticias","23":"tag-principaisnoticias","24":"tag-pt","25":"tag-top-stories","26":"tag-topstories","27":"tag-ultimas","28":"tag-ultimas-noticias","29":"tag-ultimasnoticias"},"share_on_mastodon":{"url":"https:\/\/pubeurope.com\/@pt\/115604081314305590","error":""},"_links":{"self":[{"href":"https:\/\/www.europesays.com\/pt\/wp-json\/wp\/v2\/posts\/163143","targetHints":{"allow":["GET"]}}],"collection":[{"href":"https:\/\/www.europesays.com\/pt\/wp-json\/wp\/v2\/posts"}],"about":[{"href":"https:\/\/www.europesays.com\/pt\/wp-json\/wp\/v2\/types\/post"}],"author":[{"embeddable":true,"href":"https:\/\/www.europesays.com\/pt\/wp-json\/wp\/v2\/users\/2"}],"replies":[{"embeddable":true,"href":"https:\/\/www.europesays.com\/pt\/wp-json\/wp\/v2\/comments?post=163143"}],"version-history":[{"count":0,"href":"https:\/\/www.europesays.com\/pt\/wp-json\/wp\/v2\/posts\/163143\/revisions"}],"wp:featuredmedia":[{"embeddable":true,"href":"https:\/\/www.europesays.com\/pt\/wp-json\/wp\/v2\/media\/163144"}],"wp:attachment":[{"href":"https:\/\/www.europesays.com\/pt\/wp-json\/wp\/v2\/media?parent=163143"}],"wp:term":[{"taxonomy":"category","embeddable":true,"href":"https:\/\/www.europesays.com\/pt\/wp-json\/wp\/v2\/categories?post=163143"},{"taxonomy":"post_tag","embeddable":true,"href":"https:\/\/www.europesays.com\/pt\/wp-json\/wp\/v2\/tags?post=163143"}],"curies":[{"name":"wp","href":"https:\/\/api.w.org\/{rel}","templated":true}]}}