{"id":163149,"date":"2025-11-24T10:02:27","date_gmt":"2025-11-24T10:02:27","guid":{"rendered":"https:\/\/www.europesays.com\/pt\/163149\/"},"modified":"2025-11-24T10:02:27","modified_gmt":"2025-11-24T10:02:27","slug":"vingadores-5-ganha-primeira-novidade-oficial-apos-meses","status":"publish","type":"post","link":"https:\/\/www.europesays.com\/pt\/163149\/","title":{"rendered":"Vingadores 5 ganha primeira novidade oficial ap\u00f3s meses"},"content":{"rendered":"<p><strong>Vingadores 5 ganha primeira novidade oficial depois de meses de sil\u00eancio \u2014 e n\u00e3o, ainda n\u00e3o \u00e9 o trailer!<\/strong><\/p>\n<p>Pois \u00e9, meu amigo\u2026 depois de tanto tempo sem nenhum sinal de vida oficial de <a href=\"https:\/\/legadodamarvel.com.br\/filme\/vingadores-doomsday\" rel=\"nofollow noopener\" target=\"_blank\">Vingadores: Doomsday<\/a>, a Marvel finalmente liberou algo <strong>concreto<\/strong>. Mas calma: n\u00e3o \u00e9 teaser, n\u00e3o \u00e9 p\u00f4ster, n\u00e3o \u00e9 an\u00fancio no Disney Investor Day.<br \/>A primeira novidade oficial do filme \u00e9\u2026 <strong>um casaco<\/strong>. Sim, voc\u00ea leu certo.<\/p>\n<p>A pe\u00e7a apareceu <strong>na Tokyo Comic Con<\/strong>, e rapidamente chamou aten\u00e7\u00e3o dos f\u00e3s por um motivo simples: \u00e9 o <strong>primeiro produto licenciado de Vingadores 5<\/strong> lan\u00e7ado publicamente. E olha, o casaco at\u00e9 entrega alguns detalhes interessantes \u2014 daquele jeitinho silencioso que a Marvel adora.<\/p>\n<p><strong>O estilo j\u00e1 entrega a vibe do filme? Talvez\u2026<\/strong><\/p>\n<p>O casaco tem um visual bem discreto, mas cheio de personalidade:<br \/>preto com detalhes verdes, incluindo gola, punhos, barra e listras nas mangas.<br \/>E claro, o destaque fica com o <strong>A dos Vingadores<\/strong>, bordado tamb\u00e9m em verde.<\/p>\n<p><img loading=\"lazy\" decoding=\"async\" width=\"1024\" height=\"1024\" viewbox=\"0 0 1024 1024\" src=\"https:\/\/www.europesays.com\/pt\/wp-content\/uploads\/2025\/11\/legadodamarvel-vingadores-doomsday-produto-oficial-1024x1024.webp.webp\" alt=\"\" class=\"lazyload wp-image-165788\"  data-\/><\/p>\n<p>\u00c9 imposs\u00edvel n\u00e3o notar que a cor segue exatamente a paleta que muita gente acredita ser a identidade visual de Doomsday. Verde escuro = Doutor Destino. \u00c9 coincid\u00eancia? Dif\u00edcil. A Marvel raramente faz algo \u201cpor acaso\u201d.<\/p>\n<p>E vale lembrar: produtos oficiais costumam seguir <strong>diretrizes internas de branding<\/strong>, o que praticamente confirma que o tom esverdeado vai mesmo acompanhar o marketing do filme.<\/p>\n<p><strong>Primeiro item oficial = marketing come\u00e7ando a acordar<\/strong><\/p>\n<p>A gente sabe que a Marvel est\u00e1 segurando tudo com muita for\u00e7a \u2014 principalmente o trailer, que s\u00f3 deve sair perto da estreia de Avatar: Fogo e Cinzas. Mas lan\u00e7ar um produto f\u00edsico agora \u00e9 aquele sinalzinho cl\u00e1ssico de que:<\/p>\n<ul class=\"wp-block-list\">\n<li>a campanha vai come\u00e7ar a engatar;<\/li>\n<li>materiais oficiais est\u00e3o prontos (ou quase);<\/li>\n<li>e sim, o est\u00fadio j\u00e1 est\u00e1 esquentando o terreno pro hype explodir.<\/li>\n<\/ul>\n<p>Depois de meses de sil\u00eancio total, esse casaco simboliza a primeira abertura da porteira.<\/p>\n<p><strong>O fandom surtando por causa de um casaco? Sim. E com raz\u00e3o.<\/strong><\/p>\n<p>Quando um filme desse tamanho passa tanto tempo sem nada, qualquer novidade vira ouro.<br \/>E vamos ser honestos: o casaco \u00e9 <strong>bem estiloso<\/strong>. Aquele tipo de pe\u00e7a que d\u00e1 pra usar na rua sem parecer fantasia, mas que todo f\u00e3 vai reconhecer de longe.<\/p>\n<p>Al\u00e9m disso, \u00e9 uma confirma\u00e7\u00e3o de que a Marvel escolheu um estilo mais \u201cs\u00e9rio\u201d e s\u00f3brio pra identidade de Doomsday, algo que combina com o tom promissor de um filme que envolve multiverso colapsando, Doutor Destino no topo e her\u00f3is desesperados.<\/p>\n<p><strong>Agora \u00e9 esperar: o trailer vem a\u00ed<\/strong><\/p>\n<p>Com o primeiro produto oficial j\u00e1 circulando, a bola agora est\u00e1 com a Marvel.<br \/>E sabemos o que vem em seguida: p\u00f4ster teaser \u2192 trailer teaser \u2192 trailer completo.<\/p>\n<p>O casaco pode n\u00e3o ser o an\u00fancio que os f\u00e3s esperavam, mas marca oficialmente o in\u00edcio do ciclo promocional de Vingadores 5 \u2014 e isso j\u00e1 \u00e9 motivo suficiente pra comemorar.<\/p>\n<p>E a\u00ed, compraria esse casaco? Ou s\u00f3 vai guardar o hype pra quando o trailer finalmente cair na internet?<\/p>\n<p><strong>LEIA TAMB\u00c9M:<\/strong><\/p>\n<p>Por fim, siga de olho aqui no <strong>Legado da Marvel<\/strong> para mais informa\u00e7\u00f5es e curiosidades.<\/p>\n","protected":false},"excerpt":{"rendered":"Vingadores 5 ganha primeira novidade oficial depois de meses de sil\u00eancio \u2014 e n\u00e3o, ainda n\u00e3o \u00e9 o&hellip;\n","protected":false},"author":2,"featured_media":163150,"comment_status":"","ping_status":"","sticky":false,"template":"","format":"standard","meta":{"footnotes":""},"categories":[140],"tags":[114,115,147,148,146,32,33,14176],"class_list":{"0":"post-163149","1":"post","2":"type-post","3":"status-publish","4":"format-standard","5":"has-post-thumbnail","7":"category-filmes","8":"tag-entertainment","9":"tag-entretenimento","10":"tag-film","11":"tag-filmes","12":"tag-movies","13":"tag-portugal","14":"tag-pt","15":"tag-vingadores-doomsday"},"share_on_mastodon":{"url":"https:\/\/pubeurope.com\/@pt\/115604104697682867","error":""},"_links":{"self":[{"href":"https:\/\/www.europesays.com\/pt\/wp-json\/wp\/v2\/posts\/163149","targetHints":{"allow":["GET"]}}],"collection":[{"href":"https:\/\/www.europesays.com\/pt\/wp-json\/wp\/v2\/posts"}],"about":[{"href":"https:\/\/www.europesays.com\/pt\/wp-json\/wp\/v2\/types\/post"}],"author":[{"embeddable":true,"href":"https:\/\/www.europesays.com\/pt\/wp-json\/wp\/v2\/users\/2"}],"replies":[{"embeddable":true,"href":"https:\/\/www.europesays.com\/pt\/wp-json\/wp\/v2\/comments?post=163149"}],"version-history":[{"count":0,"href":"https:\/\/www.europesays.com\/pt\/wp-json\/wp\/v2\/posts\/163149\/revisions"}],"wp:featuredmedia":[{"embeddable":true,"href":"https:\/\/www.europesays.com\/pt\/wp-json\/wp\/v2\/media\/163150"}],"wp:attachment":[{"href":"https:\/\/www.europesays.com\/pt\/wp-json\/wp\/v2\/media?parent=163149"}],"wp:term":[{"taxonomy":"category","embeddable":true,"href":"https:\/\/www.europesays.com\/pt\/wp-json\/wp\/v2\/categories?post=163149"},{"taxonomy":"post_tag","embeddable":true,"href":"https:\/\/www.europesays.com\/pt\/wp-json\/wp\/v2\/tags?post=163149"}],"curies":[{"name":"wp","href":"https:\/\/api.w.org\/{rel}","templated":true}]}}